{"id":1380,"date":"2015-09-30T15:36:58","date_gmt":"2015-09-30T18:36:58","guid":{"rendered":"http:\/\/gobierno.udd.cl\/cpp\/?p=1380"},"modified":"2015-09-30T15:50:15","modified_gmt":"2015-09-30T18:50:15","slug":"investigador-de-gobierno-udd-miguel-angel-fernandez-expone-en-vi-congreso-gigapp","status":"publish","type":"post","link":"https:\/\/gobierno.udd.cl\/cpp\/noticias\/2015\/09\/30\/investigador-de-gobierno-udd-miguel-angel-fernandez-expone-en-vi-congreso-gigapp\/","title":{"rendered":"Investigador de Gobierno UDD Miguel \u00c1ngel Fern\u00e1ndez expone en VI Congreso GIGAPP"},"content":{"rendered":"<p style=\"text-align: justify;\"><a href=\"http:\/\/gobierno.udd.cl\/cpp\/files\/2015\/09\/MAF_destacada.jpg\"><img loading=\"lazy\" decoding=\"async\" class=\"alignnone size-medium wp-image-1382\" alt=\"MAF_destacada\" src=\"http:\/\/gobierno.udd.cl\/cpp\/files\/2015\/09\/MAF_destacada-300x196.jpg\" width=\"300\" height=\"196\" srcset=\"https:\/\/gobierno.udd.cl\/cpp\/files\/2015\/09\/MAF_destacada-300x196.jpg 300w, https:\/\/gobierno.udd.cl\/cpp\/files\/2015\/09\/MAF_destacada-660x430.jpg 660w, https:\/\/gobierno.udd.cl\/cpp\/files\/2015\/09\/MAF_destacada-960x628.jpg 960w, https:\/\/gobierno.udd.cl\/cpp\/files\/2015\/09\/MAF_destacada.jpg 1004w\" sizes=\"auto, (max-width: 300px) 100vw, 300px\" \/><\/a><\/p>\n<p style=\"text-align: justify;\">\u00abConfianza Ciudadana en el Sistema Pol\u00edtico en\u00a0Am\u00e9rica Latina:\u00a0El rol de la percepci\u00f3n del desempe\u00f1o institucional\u00bb fue el t\u00edtulo de la exposici\u00f3n de acad\u00e9mico de la Facultad de Gobierno UDD, Miguel \u00c1ngel Fern\u00e1ndez, en el <strong><a href=\"http:\/\/www.gigapp.org\/index.php\/congresos\/vi-congreso-2015\/379-convocatoria-vi-congreso-internacional-en-gobierno-administracion-y-politicas-publicas-gigapp2015\" target=\"_blank\">VI Congreso Internacional de Gobierno y Administraci\u00f3n P\u00fablica<\/a>\u00a0<\/strong>en Madrid.<strong><br \/>\n<\/strong><\/p>\n<p style=\"text-align: justify;\">El objetivo de la investigaci\u00f3n de Fern\u00e1ndez \u00a0fue analizar el efecto que posee la percepci\u00f3n acerca del desempe\u00f1o de\u00a0las instituciones pol\u00edticas sobre la confianza ciudadana en Am\u00e9rica\u00a0Latina.<\/p>\n<p style=\"text-align: justify;\">Si desea revisar la presentaci\u00f3n,\u00a0<strong><a href=\"http:\/\/gobierno.udd.cl\/cpp\/files\/2015\/09\/Presentaci\u00f3n-MAF.pdf\">descargar aqu\u00ed<\/a>.<\/strong><\/p>\n<p style=\"text-align: justify;\"><strong>M\u00e1s Antecedentes.<\/strong><\/p>\n<div id=\"stcpDiv\">\n<p style=\"text-align: justify;\">El <strong><a href=\"http:\/\/www.gigapp.org\/index.php\/congresos\/vi-congreso-2015\" target=\"_blank\">GIGAPP<\/a><\/strong> es una iniciativa acad\u00e9mica basada en los valores de apertura, rigor, conocimiento aplicado e innovaci\u00f3n. Actualmente GIGAPP es una comunidad de investigaci\u00f3n consolidada que desarrolla continuadamente actividades de investigaci\u00f3n, docencia, extensi\u00f3n acad\u00e9mica y asistencia t\u00e9cnica, con m\u00e1s de 700 investigadores en su red en materia de gobierno, gesti\u00f3n p\u00fablica y an\u00e1lisis de pol\u00edticas p\u00fablicas, con una publicaci\u00f3n (<strong><a href=\"http:\/\/gigapp.org\/index.php\/publicaciones\/working-papers-gigapp98\">Estudios\/Working Papers GIGAPP<\/a><\/strong>) y con cinco congresos internacionales organizados desde 2010.<\/p>\n<p style=\"text-align: justify;\">Con el apoyo de la\u00a0<strong><a href=\"http:\/\/www.fog.es\/\" target=\"_blank\">Fundaci\u00f3n Ortega y Gasset-Gregorio Mara\u00f1\u00f3n<\/a><\/strong>, GIGAPP organiza desde 2010 este Evento, pensado para presentar y debatir de forma libre, plural y abierta nuevas ideas, experiencias e investigaciones de calidad, y cultivar v\u00ednculos de colaboraci\u00f3n y generaci\u00f3n de redes de trabajo sobre los ejes tem\u00e1ticos en los que se enmarca.<\/p>\n<\/div>\n","protected":false},"excerpt":{"rendered":"<p>Bajo el t\u00edtulo \u00abNuevos caminos para la gobernanza en Iberoam\u00e9rica\u00bb el Grupo de Investigaci\u00f3n en Gobierno, Administraci\u00f3n y Pol\u00edticas P\u00fablicas (GIGAPP) junto con el Instituto Universitario de Investigaci\u00f3n Ortega y Gasset (IUIOG) convoc\u00f3 a investigadores, profesores, estudiantes, servidores p\u00fablicos y miembros de la sociedad civil de Iberoam\u00e9rica a presentar propuestas tem\u00e1ticas y ponencias a celebrarse en el marco del VI Congreso Internacional en Gobierno, Administraci\u00f3n y Pol\u00edticas P\u00fablicas 2015.<\/p>\n","protected":false},"author":22,"featured_media":1382,"comment_status":"open","ping_status":"open","sticky":false,"template":"","format":"standard","meta":{"footnotes":""},"categories":[4],"tags":[7735,7398,9961,8579],"class_list":["post-1380","post","type-post","status-publish","format-standard","has-post-thumbnail","hentry","category-noticias","tag-america-latina","tag-confianza","tag-gigapp","tag-instituciones"],"featured_image_url":"https:\/\/gobierno.udd.cl\/cpp\/files\/2015\/09\/MAF_destacada.jpg","_links":{"self":[{"href":"https:\/\/gobierno.udd.cl\/cpp\/wp-json\/wp\/v2\/posts\/1380","targetHints":{"allow":["GET"]}}],"collection":[{"href":"https:\/\/gobierno.udd.cl\/cpp\/wp-json\/wp\/v2\/posts"}],"about":[{"href":"https:\/\/gobierno.udd.cl\/cpp\/wp-json\/wp\/v2\/types\/post"}],"author":[{"embeddable":true,"href":"https:\/\/gobierno.udd.cl\/cpp\/wp-json\/wp\/v2\/users\/22"}],"replies":[{"embeddable":true,"href":"https:\/\/gobierno.udd.cl\/cpp\/wp-json\/wp\/v2\/comments?post=1380"}],"version-history":[{"count":4,"href":"https:\/\/gobierno.udd.cl\/cpp\/wp-json\/wp\/v2\/posts\/1380\/revisions"}],"predecessor-version":[{"id":1385,"href":"https:\/\/gobierno.udd.cl\/cpp\/wp-json\/wp\/v2\/posts\/1380\/revisions\/1385"}],"wp:featuredmedia":[{"embeddable":true,"href":"https:\/\/gobierno.udd.cl\/cpp\/wp-json\/wp\/v2\/media\/1382"}],"wp:attachment":[{"href":"https:\/\/gobierno.udd.cl\/cpp\/wp-json\/wp\/v2\/media?parent=1380"}],"wp:term":[{"taxonomy":"category","embeddable":true,"href":"https:\/\/gobierno.udd.cl\/cpp\/wp-json\/wp\/v2\/categories?post=1380"},{"taxonomy":"post_tag","embeddable":true,"href":"https:\/\/gobierno.udd.cl\/cpp\/wp-json\/wp\/v2\/tags?post=1380"}],"curies":[{"name":"wp","href":"https:\/\/api.w.org\/{rel}","templated":true}]}}