{"id":1354,"date":"2015-09-24T16:38:32","date_gmt":"2015-09-24T19:38:32","guid":{"rendered":"http:\/\/gobierno.udd.cl\/cpp\/?p=1354"},"modified":"2015-10-03T16:40:48","modified_gmt":"2015-10-03T19:40:48","slug":"panel-del-centro-de-politicas-publicas-impacto-politico-de-los-movimientos-sociales","status":"publish","type":"post","link":"https:\/\/gobierno.udd.cl\/cpp\/noticias\/2015\/09\/24\/panel-del-centro-de-politicas-publicas-impacto-politico-de-los-movimientos-sociales\/","title":{"rendered":"Panel del Centro de Pol\u00edticas P\u00fablicas: impacto pol\u00edtico de los movimientos sociales"},"content":{"rendered":"<p style=\"text-align: justify;\"><a href=\"http:\/\/gobierno.udd.cl\/cpp\/files\/2015\/09\/dise\u00f1o-afiche-blanco.jpg\"><img loading=\"lazy\" decoding=\"async\" class=\"alignnone size-medium wp-image-1356\" alt=\"dise\u00f1o afiche blanco\" src=\"http:\/\/gobierno.udd.cl\/cpp\/files\/2015\/09\/dise\u00f1o-afiche-blanco-224x300.jpg\" width=\"224\" height=\"300\" srcset=\"https:\/\/gobierno.udd.cl\/cpp\/files\/2015\/09\/dise\u00f1o-afiche-blanco-224x300.jpg 224w, https:\/\/gobierno.udd.cl\/cpp\/files\/2015\/09\/dise\u00f1o-afiche-blanco-767x1024.jpg 767w, https:\/\/gobierno.udd.cl\/cpp\/files\/2015\/09\/dise\u00f1o-afiche-blanco-719x960.jpg 719w, https:\/\/gobierno.udd.cl\/cpp\/files\/2015\/09\/dise\u00f1o-afiche-blanco.jpg 959w\" sizes=\"auto, (max-width: 224px) 100vw, 224px\" \/><\/a><\/p>\n<p style=\"text-align: justify;\">El pr\u00f3ximo 5 de Octubre a las 8:30 hrs. el Centro de Pol\u00edticas P\u00fablicas (CPP) organizar\u00e1 el Panel de Conversaci\u00f3n \u00abImpacto Pol\u00edtico en los Movimientos Sociales\u00bb.<\/p>\n<p style=\"text-align: justify;\">En el panel participar\u00e1n Marta Lagos, economista y fundadora de la <strong><a href=\"http:\/\/www.latinobarometro.org\/latContents.jsp?CMSID=Corporacion\" target=\"_blank\">Corporaci\u00f3n de Latinobar\u00f3metro<\/a><\/strong>, Eugenio Tironi, soci\u00f3logo y Presidente de la <strong><a href=\"http:\/\/www.tironi.cl\/\" target=\"_blank\">Consultora Tironi y Asociados<\/a><\/strong> y el Decano de la Facultad de Gobierno, Eugenio Guzm\u00e1n.<\/p>\n<p style=\"text-align: justify;\">El panel se realizar\u00e1 en la Sala de Reuniones de Rector\u00eda 3er Piso del Edificio de Postgrados, Campus Rector Ernesto Silva Bafalluy.<\/p>\n<p style=\"text-align: justify;\">Informaci\u00f3n e inscripciones: jgomezh@udd.cl. Tel\u00e9fono\u00a0(56) 2 23279860<\/p>\n","protected":false},"excerpt":{"rendered":"<p>El pr\u00f3ximo 5 de Octubre a las 8:30 hrs. el Centro de Pol\u00edticas P\u00fablicas (CPP) organizar\u00e1 el Panel de Conversaci\u00f3n \u00abImpacto Pol\u00edtico en los Movimientos Sociales\u00bb. En el panel participar\u00e1n Marta Lagos, economista y fundadora de la Corporaci\u00f3n de Latinobar\u00f3metro, Eugenio Tironi, soci\u00f3logo y Presidente de la Consultora Tironi y Asociados y el Decano de [&hellip;]<\/p>\n","protected":false},"author":22,"featured_media":1355,"comment_status":"open","ping_status":"open","sticky":false,"template":"","format":"standard","meta":{"footnotes":""},"categories":[4],"tags":[10895],"class_list":["post-1354","post","type-post","status-publish","format-standard","has-post-thumbnail","hentry","category-noticias","tag-movimientos-sociales"],"featured_image_url":"https:\/\/gobierno.udd.cl\/cpp\/files\/2015\/09\/MOVIMIENTO-SOCIAL.jpg","_links":{"self":[{"href":"https:\/\/gobierno.udd.cl\/cpp\/wp-json\/wp\/v2\/posts\/1354","targetHints":{"allow":["GET"]}}],"collection":[{"href":"https:\/\/gobierno.udd.cl\/cpp\/wp-json\/wp\/v2\/posts"}],"about":[{"href":"https:\/\/gobierno.udd.cl\/cpp\/wp-json\/wp\/v2\/types\/post"}],"author":[{"embeddable":true,"href":"https:\/\/gobierno.udd.cl\/cpp\/wp-json\/wp\/v2\/users\/22"}],"replies":[{"embeddable":true,"href":"https:\/\/gobierno.udd.cl\/cpp\/wp-json\/wp\/v2\/comments?post=1354"}],"version-history":[{"count":3,"href":"https:\/\/gobierno.udd.cl\/cpp\/wp-json\/wp\/v2\/posts\/1354\/revisions"}],"predecessor-version":[{"id":1358,"href":"https:\/\/gobierno.udd.cl\/cpp\/wp-json\/wp\/v2\/posts\/1354\/revisions\/1358"}],"wp:featuredmedia":[{"embeddable":true,"href":"https:\/\/gobierno.udd.cl\/cpp\/wp-json\/wp\/v2\/media\/1355"}],"wp:attachment":[{"href":"https:\/\/gobierno.udd.cl\/cpp\/wp-json\/wp\/v2\/media?parent=1354"}],"wp:term":[{"taxonomy":"category","embeddable":true,"href":"https:\/\/gobierno.udd.cl\/cpp\/wp-json\/wp\/v2\/categories?post=1354"},{"taxonomy":"post_tag","embeddable":true,"href":"https:\/\/gobierno.udd.cl\/cpp\/wp-json\/wp\/v2\/tags?post=1354"}],"curies":[{"name":"wp","href":"https:\/\/api.w.org\/{rel}","templated":true}]}}