{"id":1351,"date":"2015-09-24T16:21:56","date_gmt":"2015-09-24T19:21:56","guid":{"rendered":"http:\/\/gobierno.udd.cl\/cpp\/?p=1351"},"modified":"2015-09-24T16:56:36","modified_gmt":"2015-09-24T19:56:36","slug":"presidente-del-consejo-consultivo-del-cpp-cristian-larroulet-expus-en-el-cep","status":"publish","type":"post","link":"https:\/\/gobierno.udd.cl\/cpp\/noticias\/2015\/09\/24\/presidente-del-consejo-consultivo-del-cpp-cristian-larroulet-expus-en-el-cep\/","title":{"rendered":"Presidente del Consejo Consultivo del CPP Cristi\u00e1n Larroulet expuso en el CEP"},"content":{"rendered":"<p style=\"text-align: justify;\">El Presidente del Consejo Consultivo del Centro de Pol\u00edticas P\u00fablicas (CPP) Cristi\u00e1n Larroulet present\u00f3 \u00ab\u00bfQu\u00e9 le ha pasado a Chile?\u00bb en el Centro de Estudios P\u00fablicos (CEP) el pasado 21 de septiembre.<\/p>\n<p style=\"text-align: justify;\">Descargue la\u00a0<strong><a href=\"http:\/\/gobierno.udd.cl\/cpp\/files\/2015\/09\/presentaci\u00f3n-Cristi\u00e1n-Larroulet.pdf\">presentaci\u00f3n Cristi\u00e1n Larroulet<\/a><\/strong><\/p>\n","protected":false},"excerpt":{"rendered":"<p>El Presidente del Consejo Consultivo del Centro de Pol\u00edticas P\u00fablicas (CPP) Cristi\u00e1n Larroulet present\u00f3 \u00ab\u00bfQu\u00e9 le ha pasado a Chile?\u00bb en el Centro de Estudios P\u00fablicos (CEP) el pasado 21 de septiembre. Descargue la\u00a0presentaci\u00f3n Cristi\u00e1n Larroulet<\/p>\n","protected":false},"author":22,"featured_media":1347,"comment_status":"open","ping_status":"open","sticky":false,"template":"","format":"standard","meta":{"footnotes":""},"categories":[4],"tags":[],"class_list":["post-1351","post","type-post","status-publish","format-standard","has-post-thumbnail","hentry","category-noticias"],"featured_image_url":"https:\/\/gobierno.udd.cl\/cpp\/files\/2015\/09\/llarroulet_destacada.jpg","_links":{"self":[{"href":"https:\/\/gobierno.udd.cl\/cpp\/wp-json\/wp\/v2\/posts\/1351","targetHints":{"allow":["GET"]}}],"collection":[{"href":"https:\/\/gobierno.udd.cl\/cpp\/wp-json\/wp\/v2\/posts"}],"about":[{"href":"https:\/\/gobierno.udd.cl\/cpp\/wp-json\/wp\/v2\/types\/post"}],"author":[{"embeddable":true,"href":"https:\/\/gobierno.udd.cl\/cpp\/wp-json\/wp\/v2\/users\/22"}],"replies":[{"embeddable":true,"href":"https:\/\/gobierno.udd.cl\/cpp\/wp-json\/wp\/v2\/comments?post=1351"}],"version-history":[{"count":3,"href":"https:\/\/gobierno.udd.cl\/cpp\/wp-json\/wp\/v2\/posts\/1351\/revisions"}],"predecessor-version":[{"id":1361,"href":"https:\/\/gobierno.udd.cl\/cpp\/wp-json\/wp\/v2\/posts\/1351\/revisions\/1361"}],"wp:featuredmedia":[{"embeddable":true,"href":"https:\/\/gobierno.udd.cl\/cpp\/wp-json\/wp\/v2\/media\/1347"}],"wp:attachment":[{"href":"https:\/\/gobierno.udd.cl\/cpp\/wp-json\/wp\/v2\/media?parent=1351"}],"wp:term":[{"taxonomy":"category","embeddable":true,"href":"https:\/\/gobierno.udd.cl\/cpp\/wp-json\/wp\/v2\/categories?post=1351"},{"taxonomy":"post_tag","embeddable":true,"href":"https:\/\/gobierno.udd.cl\/cpp\/wp-json\/wp\/v2\/tags?post=1351"}],"curies":[{"name":"wp","href":"https:\/\/api.w.org\/{rel}","templated":true}]}}