{"id":135,"date":"2012-12-10T17:16:06","date_gmt":"2012-12-10T20:16:06","guid":{"rendered":"http:\/\/gobierno.udd.cl\/ceipp\/?p=135"},"modified":"2015-01-16T12:37:49","modified_gmt":"2015-01-16T15:37:49","slug":"investigadores-del-seminario-de-capital-social-adjudican-fondo-interno-de-investigacion-udd","status":"publish","type":"post","link":"https:\/\/gobierno.udd.cl\/cpp\/noticias\/2012\/12\/10\/investigadores-del-seminario-de-capital-social-adjudican-fondo-interno-de-investigacion-udd\/","title":{"rendered":"Investigadores del seminario de Capital Social adjudican Fondo Interno de Investigaci\u00f3n UDD."},"content":{"rendered":"<p style=\"text-align: justify;\">\n<p style=\"text-align: center;\"><a href=\"http:\/\/gobierno.udd.cl\/ceipp\/files\/2012\/12\/Garrido-y-Pablo.-C1.jpg\"><img loading=\"lazy\" decoding=\"async\" class=\"aligncenter size-full wp-image-152\" title=\"Garrido-y-Pablo.-C1\" alt=\"\" src=\"http:\/\/gobierno.udd.cl\/ceipp\/files\/2012\/12\/Garrido-y-Pablo.-C1.jpg\" width=\"472\" height=\"237\" srcset=\"https:\/\/gobierno.udd.cl\/cpp\/files\/2012\/12\/Garrido-y-Pablo.-C1.jpg 472w, https:\/\/gobierno.udd.cl\/cpp\/files\/2012\/12\/Garrido-y-Pablo.-C1-300x150.jpg 300w, https:\/\/gobierno.udd.cl\/cpp\/files\/2012\/12\/Garrido-y-Pablo.-C1-139x70.jpg 139w, https:\/\/gobierno.udd.cl\/cpp\/files\/2012\/12\/Garrido-y-Pablo.-C1-223x111.jpg 223w, https:\/\/gobierno.udd.cl\/cpp\/files\/2012\/12\/Garrido-y-Pablo.-C1-450x225.jpg 450w\" sizes=\"auto, (max-width: 472px) 100vw, 472px\" \/><\/a><\/p>\n<p style=\"text-align: justify;\"><a href=\"http:\/\/gobierno.udd.cl\/personas\/jose-garrido\/\">Jos\u00e9 Garrido<\/a> es docente de los ramos de Teor\u00eda Pol\u00edtica y en colaboraci\u00f3n con el docente Juan <a href=\"http:\/\/gobierno.udd.cl\/personas\/juan-pablo-couyoumdjian\/\">Pablo Couyoumdjian<\/a>, profesor de Microeconom\u00eda y director del <a href=\"http:\/\/gobierno.udd.cl\/economia-politica\/\">Programa de Econom\u00eda Pol\u00edtica e<\/a>, ambos forman parte del equipo de investigaci\u00f3n del seminario de \u00abCapital Social\u00bb, el cual\u00a0re\u00fane\u00a0a los distintos investigadores de la Facultad de Gobierno.<\/p>\n<p style=\"text-align: justify;\">Este proyecto tiene como objetivo informar a la reciente literatura de capital social, por medio de la revisi\u00f3n de las bases filos\u00f3ficas sobre las cuales se funda la tradici\u00f3n anglosajona, en general, y la de Adam Smith, en particular, en vistas a robustecer justamente estos estudios actuales de capital social, con investigaciones pioneras en torno a las idea de confianza y la promoci\u00f3n de virtudes liberales.<\/p>\n<p style=\"text-align: justify;\">Este proyecto cuenta adem\u00e1s con la participaci\u00f3n de dos tesistas, Alejandra Inostroza (Mag\u00edster en Pol\u00edticas P\u00fablicas) y Mar\u00eda de los \u00c1ngeles Fuenzalida (pregrado), las cuales se encuentran ambas trabajando en la l\u00ednea de capital social.<\/p>\n<p>Revisa\u00a0a continuaci\u00f3n\u00a0la lista de todos los proyectos aceptados:<\/p>\n<p><a href=\"http:\/\/gobierno.udd.cl\/files\/2012\/12\/Lista.pdf\">Aqu\u00ed<\/a><\/p>\n<p><a href=\"http:\/\/gobierno.udd.cl\/files\/2012\/12\/Garrido-y-Pablo.-C1.jpg\"><br \/>\n<\/a><\/p>\n","protected":false},"excerpt":{"rendered":"<p>Con el t\u00edtulo \u00abLiberalidad, virtudes y confianza en la prehistoria del concepto de Capital Social\u00bb Jos\u00e9 Garrido (investigador principal) fue seleccionado con otros 15 proyectos, entre 24 postulaciones.<\/p>\n","protected":false},"author":1,"featured_media":531,"comment_status":"open","ping_status":"open","sticky":false,"template":"","format":"standard","meta":{"footnotes":""},"categories":[4],"tags":[7383,6997,7384],"class_list":["post-135","post","type-post","status-publish","format-standard","has-post-thumbnail","hentry","category-noticias","tag-adam-smith","tag-capital-social","tag-jose-garrido"],"featured_image_url":"https:\/\/gobierno.udd.cl\/cpp\/files\/2012\/12\/RomanVirtuesGeorge.jpg","_links":{"self":[{"href":"https:\/\/gobierno.udd.cl\/cpp\/wp-json\/wp\/v2\/posts\/135","targetHints":{"allow":["GET"]}}],"collection":[{"href":"https:\/\/gobierno.udd.cl\/cpp\/wp-json\/wp\/v2\/posts"}],"about":[{"href":"https:\/\/gobierno.udd.cl\/cpp\/wp-json\/wp\/v2\/types\/post"}],"author":[{"embeddable":true,"href":"https:\/\/gobierno.udd.cl\/cpp\/wp-json\/wp\/v2\/users\/1"}],"replies":[{"embeddable":true,"href":"https:\/\/gobierno.udd.cl\/cpp\/wp-json\/wp\/v2\/comments?post=135"}],"version-history":[{"count":8,"href":"https:\/\/gobierno.udd.cl\/cpp\/wp-json\/wp\/v2\/posts\/135\/revisions"}],"predecessor-version":[{"id":533,"href":"https:\/\/gobierno.udd.cl\/cpp\/wp-json\/wp\/v2\/posts\/135\/revisions\/533"}],"wp:featuredmedia":[{"embeddable":true,"href":"https:\/\/gobierno.udd.cl\/cpp\/wp-json\/wp\/v2\/media\/531"}],"wp:attachment":[{"href":"https:\/\/gobierno.udd.cl\/cpp\/wp-json\/wp\/v2\/media?parent=135"}],"wp:term":[{"taxonomy":"category","embeddable":true,"href":"https:\/\/gobierno.udd.cl\/cpp\/wp-json\/wp\/v2\/categories?post=135"},{"taxonomy":"post_tag","embeddable":true,"href":"https:\/\/gobierno.udd.cl\/cpp\/wp-json\/wp\/v2\/tags?post=135"}],"curies":[{"name":"wp","href":"https:\/\/api.w.org\/{rel}","templated":true}]}}