{"id":1323,"date":"2015-09-11T14:20:17","date_gmt":"2015-09-11T17:20:17","guid":{"rendered":"http:\/\/gobierno.udd.cl\/cpp\/?p=1323"},"modified":"2015-09-15T15:06:24","modified_gmt":"2015-09-15T18:06:24","slug":"encuesta-la-voz-de-los-sostenedores-analisis-de-la-ley-de-inclusion-escolar","status":"publish","type":"post","link":"https:\/\/gobierno.udd.cl\/cpp\/noticias\/2015\/09\/11\/encuesta-la-voz-de-los-sostenedores-analisis-de-la-ley-de-inclusion-escolar\/","title":{"rendered":"Encuesta La Voz de los Sostenedores: An\u00e1lisis de la Ley de Inclusi\u00f3n Escolar"},"content":{"rendered":"<div id=\"gallery-1\" class=\"carousel slide carousel-gallery\" data-ride=\"false\" data-interval=\"false\"><div class=\"carousel-inner\" role=\"listbox\"><figure class=\"carousel-item active\"><img loading=\"lazy\" decoding=\"async\" width=\"656\" height=\"435\" src=\"https:\/\/gobierno.udd.cl\/cpp\/files\/2015\/09\/Captura-de-pantalla-2015-09-11-a-las-13.58.50.png\" class=\"attachment-landscape_952 size-landscape_952 lazyload\" alt=\"\" sizes=\"auto, (max-width: 656px) 100vw, 656px\" data-src=\"https:\/\/gobierno.udd.cl\/cpp\/files\/2015\/09\/Captura-de-pantalla-2015-09-11-a-las-13.58.50.png\" data-srcset=\"https:\/\/gobierno.udd.cl\/cpp\/files\/2015\/09\/Captura-de-pantalla-2015-09-11-a-las-13.58.50.png 656w, https:\/\/gobierno.udd.cl\/cpp\/files\/2015\/09\/Captura-de-pantalla-2015-09-11-a-las-13.58.50-300x198.png 300w\" \/><\/figure><figure class=\"carousel-item\"><img loading=\"lazy\" decoding=\"async\" width=\"678\" height=\"422\" src=\"https:\/\/gobierno.udd.cl\/cpp\/files\/2015\/09\/Captura-de-pantalla-2015-09-11-a-las-13.59.01.png\" class=\"attachment-landscape_952 size-landscape_952 lazyload\" alt=\"\" sizes=\"auto, (max-width: 678px) 100vw, 678px\" data-src=\"https:\/\/gobierno.udd.cl\/cpp\/files\/2015\/09\/Captura-de-pantalla-2015-09-11-a-las-13.59.01.png\" data-srcset=\"https:\/\/gobierno.udd.cl\/cpp\/files\/2015\/09\/Captura-de-pantalla-2015-09-11-a-las-13.59.01.png 678w, https:\/\/gobierno.udd.cl\/cpp\/files\/2015\/09\/Captura-de-pantalla-2015-09-11-a-las-13.59.01-300x186.png 300w\" \/><\/figure><figure class=\"carousel-item\"><img loading=\"lazy\" decoding=\"async\" width=\"680\" height=\"441\" src=\"https:\/\/gobierno.udd.cl\/cpp\/files\/2015\/09\/Captura-de-pantalla-2015-09-11-a-las-13.59.26.png\" class=\"attachment-landscape_952 size-landscape_952 lazyload\" alt=\"\" sizes=\"auto, (max-width: 680px) 100vw, 680px\" data-src=\"https:\/\/gobierno.udd.cl\/cpp\/files\/2015\/09\/Captura-de-pantalla-2015-09-11-a-las-13.59.26.png\" data-srcset=\"https:\/\/gobierno.udd.cl\/cpp\/files\/2015\/09\/Captura-de-pantalla-2015-09-11-a-las-13.59.26.png 680w, https:\/\/gobierno.udd.cl\/cpp\/files\/2015\/09\/Captura-de-pantalla-2015-09-11-a-las-13.59.26-300x194.png 300w, https:\/\/gobierno.udd.cl\/cpp\/files\/2015\/09\/Captura-de-pantalla-2015-09-11-a-las-13.59.26-125x80.png 125w, https:\/\/gobierno.udd.cl\/cpp\/files\/2015\/09\/Captura-de-pantalla-2015-09-11-a-las-13.59.26-340x220.png 340w\" \/><\/figure><figure class=\"carousel-item\"><img loading=\"lazy\" decoding=\"async\" width=\"696\" height=\"517\" src=\"https:\/\/gobierno.udd.cl\/cpp\/files\/2015\/09\/Captura-de-pantalla-2015-09-11-a-las-13.58.20.png\" class=\"attachment-landscape_952 size-landscape_952 lazyload\" alt=\"\" sizes=\"auto, (max-width: 696px) 100vw, 696px\" data-src=\"https:\/\/gobierno.udd.cl\/cpp\/files\/2015\/09\/Captura-de-pantalla-2015-09-11-a-las-13.58.20.png\" data-srcset=\"https:\/\/gobierno.udd.cl\/cpp\/files\/2015\/09\/Captura-de-pantalla-2015-09-11-a-las-13.58.20.png 696w, https:\/\/gobierno.udd.cl\/cpp\/files\/2015\/09\/Captura-de-pantalla-2015-09-11-a-las-13.58.20-300x222.png 300w\" \/><\/figure><\/div><footer class=\"carousel-footer\"><div class=\"carousel-counter\"><span class=\"carousel-counter-current\"><\/span> \/ <span class=\"carousel-counter-total\"><\/span><\/div><a class=\"carousel-control-prev\" href=\"#gallery-1\" role=\"button\" data-slide=\"prev\"><svg aria-hidden=\"true\" class=\"svg-chevron-left-dims\"><use xlink:href='https:\/\/gobierno.udd.cl\/cpp\/wp-content\/themes\/facultades-2018\/assets\/img\/svg\/dist\/main.svg?version=1695853099#chevron-left'><\/use><\/svg><span class=\"sr-only\">Anterior<\/span><\/a><a class=\"carousel-control-next\" href=\"#gallery-1\" role=\"button\" data-slide=\"next\"><svg aria-hidden=\"true\" class=\"svg-chevron-right-dims\"><use xlink:href='https:\/\/gobierno.udd.cl\/cpp\/wp-content\/themes\/facultades-2018\/assets\/img\/svg\/dist\/main.svg?version=1695853099#chevron-right'><\/use><\/svg><span class=\"sr-only\">Siguiente<\/span><\/a><\/footer><\/div>\n<p>La encuesta realiazada por los investigadores de la Facultad de Gobierno, Hugo Contreras y Mauricio Bravo, se realiz\u00f3 en l\u00ednea con una muestra de 220 casos de sostenedores de colegios de 40 comunas de la Regi\u00f3n del B\u00edo-B\u00edo; se utiliz\u00f3 un cuestionario semiestructurado con un margen de error del 5,2%.<\/p>\n<p>Descargue\u00a0<strong><a href=\"http:\/\/gobierno.udd.cl\/cpp\/files\/2015\/09\/Encuesta-La-Voz-de-los-Sostenedores-2015.pdf\">Encuesta La Voz de los Sostenedores 2015<\/a><\/strong><\/p>\n","protected":false},"excerpt":{"rendered":"<p>La encuesta realiazada por los investigadores de la Facultad de Gobierno, Hugo Contreras y Mauricio Bravo, se realiz\u00f3 en l\u00ednea con una muestra de 220 casos de sostenedores de colegios de 40 comunas de la Regi\u00f3n del B\u00edo-B\u00edo; se utiliz\u00f3 un cuestionario semiestructurado con un margen de error del 5,2%. Descargue\u00a0Encuesta La Voz de los [&hellip;]<\/p>\n","protected":false},"author":22,"featured_media":1336,"comment_status":"open","ping_status":"open","sticky":false,"template":"","format":"standard","meta":{"footnotes":""},"categories":[4],"tags":[8136,10892],"class_list":["post-1323","post","type-post","status-publish","format-standard","has-post-thumbnail","hentry","category-noticias","tag-encuesta","tag-ley-de-inclusion"],"featured_image_url":"https:\/\/gobierno.udd.cl\/cpp\/files\/2015\/09\/Hugo-Contreras_DESTACADA.jpg","_links":{"self":[{"href":"https:\/\/gobierno.udd.cl\/cpp\/wp-json\/wp\/v2\/posts\/1323","targetHints":{"allow":["GET"]}}],"collection":[{"href":"https:\/\/gobierno.udd.cl\/cpp\/wp-json\/wp\/v2\/posts"}],"about":[{"href":"https:\/\/gobierno.udd.cl\/cpp\/wp-json\/wp\/v2\/types\/post"}],"author":[{"embeddable":true,"href":"https:\/\/gobierno.udd.cl\/cpp\/wp-json\/wp\/v2\/users\/22"}],"replies":[{"embeddable":true,"href":"https:\/\/gobierno.udd.cl\/cpp\/wp-json\/wp\/v2\/comments?post=1323"}],"version-history":[{"count":6,"href":"https:\/\/gobierno.udd.cl\/cpp\/wp-json\/wp\/v2\/posts\/1323\/revisions"}],"predecessor-version":[{"id":1332,"href":"https:\/\/gobierno.udd.cl\/cpp\/wp-json\/wp\/v2\/posts\/1323\/revisions\/1332"}],"wp:featuredmedia":[{"embeddable":true,"href":"https:\/\/gobierno.udd.cl\/cpp\/wp-json\/wp\/v2\/media\/1336"}],"wp:attachment":[{"href":"https:\/\/gobierno.udd.cl\/cpp\/wp-json\/wp\/v2\/media?parent=1323"}],"wp:term":[{"taxonomy":"category","embeddable":true,"href":"https:\/\/gobierno.udd.cl\/cpp\/wp-json\/wp\/v2\/categories?post=1323"},{"taxonomy":"post_tag","embeddable":true,"href":"https:\/\/gobierno.udd.cl\/cpp\/wp-json\/wp\/v2\/tags?post=1323"}],"curies":[{"name":"wp","href":"https:\/\/api.w.org\/{rel}","templated":true}]}}