{"id":1320,"date":"2015-09-09T18:11:52","date_gmt":"2015-09-09T21:11:52","guid":{"rendered":"http:\/\/gobierno.udd.cl\/cpp\/?p=1320"},"modified":"2015-09-09T18:12:53","modified_gmt":"2015-09-09T21:12:53","slug":"la-disputa-de-burgos-y-eyzaguirre-por-gonzalo-muller","status":"publish","type":"post","link":"https:\/\/gobierno.udd.cl\/cpp\/noticias\/2015\/09\/09\/la-disputa-de-burgos-y-eyzaguirre-por-gonzalo-muller\/","title":{"rendered":"La disputa de Burgos y Eyzaguirre por Gonzalo M\u00fcller"},"content":{"rendered":"<p style=\"text-align: justify;\">El vac\u00edo de poder es evidente. Lo ven los precandidatos presidenciales, que sin mayor pudor copan la agenda, y tambi\u00e9n los ministros pol\u00edticos, que se disputan la conducci\u00f3n. A la semana de que el ministro del Interior impone su tesis y recibe a los camioneros, en contra de la opini\u00f3n de varios en La Moneda, viene la oferta abierta y manifiesta de conducci\u00f3n del ministro Eyzaguirre. En su autocr\u00edtica entrevista deja entrever que \u00e9l puede conducir, con su credencial de cercan\u00eda a la Presidenta Bachelet, la rectificaci\u00f3n del rumbo de un gobierno que ha batido todos los r\u00e9cords de impopularidad.<\/p>\n<p style=\"text-align: justify;\">Las palabras de Eyzaguirre est\u00e1n al menos autorizadas por la propia Presidenta. Si no, su salida del cargo habr\u00eda sido inmediata. El tema no es la credibilidad de sus palabras, donde deja la duda si \u00e9l fue v\u00edctima o protagonista de los errores originados de la obligaci\u00f3n de llevar adelante la reforma educacional, sin saber muy bien c\u00f3mo y sin estar convencido, al mismo tiempo que no pudo cuantificar el nivel de rechazo que ha provocado, sobre todo en la clase media de nuestro pa\u00eds.<\/p>\n<p style=\"text-align: justify;\">Burgos, como todo pol\u00edtico experimentado, sabe que esta entrevista no es un acto aislado ni el desahogo personal de un ministro que lo pas\u00f3 muy mal en Educaci\u00f3n. Es parte de una estrategia de instalaci\u00f3n en el poder: primero desmantelar la dupla entre Burgos y Vald\u00e9s, sigilosamente y con apoyo de la propia Presidenta, y luego desplegar una oferta de conducci\u00f3n pol\u00edtica en sinton\u00eda con los partidos, pero adem\u00e1s que fuera cre\u00edble en su cercan\u00eda con la propia Mandataria.<\/p>\n<p style=\"text-align: justify;\">En su entrevista Eyzaguirre no habla por la Presidenta. Sus palabras buscan el apoyo de los cr\u00edticos dentro del oficialismo a la conducci\u00f3n pol\u00edtica de los \u00faltimos 18 meses, es un esfuerzo por sintonizar con quienes han visto en el programa y las reformas la fuente del mal momento del rechazo ciudadano, que tiene en alerta a los partidos del gobierno, bajo el riesgo que de continuar as\u00ed el castigo electoral puede ser muy duro en el pr\u00f3ximo ciclo electoral. No debe ser f\u00e1cil entender que el programa de promesas que los llevo a La Moneda hoy sea la causa principal de su posible salida.<\/p>\n<p style=\"text-align: justify;\">La disputa se hace manifiesta entre Burgos y Eyzaguirre. No necesariamente por nada personal entre ellos, sino quiz\u00e1s s\u00f3lo por la disposici\u00f3n nominal en el gabinete: uno tiene la obligaci\u00f3n de conducir al Gobierno, y el otro llevar la relaci\u00f3n con el Congreso y los partidos. Uno tiene un liderazgo m\u00e1s colectivo y sabe escuchar; el otro es m\u00e1s autoritario y se sabe imponer. Si la selecci\u00f3n para los cargos hubiera puesto atenci\u00f3n a la natural din\u00e1mica de poder, y a c\u00f3mo aprovechar mejor los talentos de cada uno, Eyzaguirre ser\u00eda hoy el ministro de Interior, y Burgos estar\u00eda en la Secretar\u00eda General de la Presidencia.<\/p>\n<p style=\"text-align: justify;\">Columna publicada en <strong><a href=\"http:\/\/opinion.lasegunda.com\/redaccion\/2015\/09\/la-disputa-de-burgos-y-eyzaguirre\/\" target=\"_blank\">La Segunda 08\/09\/2015<\/a><\/strong><\/p>\n","protected":false},"excerpt":{"rendered":"<p>\u201cBurgos, como todo pol\u00edtico experimentado, sabe que esta entrevista no es un acto aislado ni el desahogo personal de un ministro que lo pas\u00f3 muy mal\u201d.<\/p>\n","protected":false},"author":22,"featured_media":768,"comment_status":"open","ping_status":"open","sticky":false,"template":"","format":"standard","meta":{"footnotes":""},"categories":[5095],"tags":[10882,9625,4581],"class_list":["post-1320","post","type-post","status-publish","format-standard","has-post-thumbnail","hentry","category-columnas-de-opinion","tag-burgos","tag-michelle-bachelet","tag-opinion-publica"],"featured_image_url":"https:\/\/gobierno.udd.cl\/cpp\/files\/2015\/01\/Gonzalo-M\u00fcller_destacada.jpg","_links":{"self":[{"href":"https:\/\/gobierno.udd.cl\/cpp\/wp-json\/wp\/v2\/posts\/1320","targetHints":{"allow":["GET"]}}],"collection":[{"href":"https:\/\/gobierno.udd.cl\/cpp\/wp-json\/wp\/v2\/posts"}],"about":[{"href":"https:\/\/gobierno.udd.cl\/cpp\/wp-json\/wp\/v2\/types\/post"}],"author":[{"embeddable":true,"href":"https:\/\/gobierno.udd.cl\/cpp\/wp-json\/wp\/v2\/users\/22"}],"replies":[{"embeddable":true,"href":"https:\/\/gobierno.udd.cl\/cpp\/wp-json\/wp\/v2\/comments?post=1320"}],"version-history":[{"count":2,"href":"https:\/\/gobierno.udd.cl\/cpp\/wp-json\/wp\/v2\/posts\/1320\/revisions"}],"predecessor-version":[{"id":1322,"href":"https:\/\/gobierno.udd.cl\/cpp\/wp-json\/wp\/v2\/posts\/1320\/revisions\/1322"}],"wp:featuredmedia":[{"embeddable":true,"href":"https:\/\/gobierno.udd.cl\/cpp\/wp-json\/wp\/v2\/media\/768"}],"wp:attachment":[{"href":"https:\/\/gobierno.udd.cl\/cpp\/wp-json\/wp\/v2\/media?parent=1320"}],"wp:term":[{"taxonomy":"category","embeddable":true,"href":"https:\/\/gobierno.udd.cl\/cpp\/wp-json\/wp\/v2\/categories?post=1320"},{"taxonomy":"post_tag","embeddable":true,"href":"https:\/\/gobierno.udd.cl\/cpp\/wp-json\/wp\/v2\/tags?post=1320"}],"curies":[{"name":"wp","href":"https:\/\/api.w.org\/{rel}","templated":true}]}}