{"id":1312,"date":"2015-09-09T13:25:41","date_gmt":"2015-09-09T16:25:41","guid":{"rendered":"http:\/\/gobierno.udd.cl\/cpp\/?p=1312"},"modified":"2015-09-14T09:30:16","modified_gmt":"2015-09-14T12:30:16","slug":"avances-de-chile-en-educacion","status":"publish","type":"post","link":"https:\/\/gobierno.udd.cl\/cpp\/noticias\/2015\/09\/09\/avances-de-chile-en-educacion\/","title":{"rendered":"Avances de Chile en educaci\u00f3n por Jacinto Gorosabel"},"content":{"rendered":"<p style=\"text-align: justify;\">Se\u00f1or director:<\/p>\n<p style=\"text-align: justify;\">En su carta de ayer, Jorge Bravo dice que \u201clos avances en educaci\u00f3n no comienzan en los a\u00f1os 80, sino que progresaron durante todo el siglo XX, lo que constituy\u00f3 al pa\u00eds en un modelo para Latinoam\u00e9rica\u201d. Esta afirmaci\u00f3n es parcialmente correcta, pero s\u00f3lo respecto de la educaci\u00f3n b\u00e1sica. Seg\u00fan el estudio \u201cLa Rep\u00fablica en cifras. Chile, 1810-2000\u201d de los profesores D\u00edaz, L\u00fcders y Wagner, Chile lleg\u00f3 a la cobertura total en educaci\u00f3n b\u00e1sica en 1957; es decir, 147 a\u00f1os despu\u00e9s de su nacimiento como naci\u00f3n. Asimismo, en 1973 apenas el 44,4% de los j\u00f3venes estaba matriculado en la educaci\u00f3n media y hasta 1982 menos del 10% de los chilenos acced\u00eda a la educaci\u00f3n superior.<\/p>\n<p style=\"text-align: justify;\">Es decir, bajo el Estado docente la expansi\u00f3n de la ense\u00f1anza b\u00e1sica fue lenta, tard\u00eda y desigual; menos de la mitad de los j\u00f3venes acced\u00eda a la educaci\u00f3n media; la educaci\u00f3n superior era un privilegio reservado a una \u00e9lite y, parad\u00f3jicamente, era gratuita. Respecto de la calidad, poco se puede decir pues no exist\u00edan mediciones comparables con las actuales.<\/p>\n<p style=\"text-align: justify;\">En definitiva, las cifras se\u00f1alan que Chile hoy tiene una educaci\u00f3n m\u00e1s accesible, equitativa y de mejor calidad que en el pasado.<\/p>\n<p style=\"text-align: justify;\"><strong>Jacinto Gorosabel O.<\/strong><\/p>\n<p style=\"text-align: justify;\"><strong>Editor Investigaci\u00f3n\u00a0 Facultad de Econom\u00eda y Negocios UDD<\/strong><\/p>\n<p style=\"text-align: justify;\">Carta publicada en <a href=\"http:\/\/www.litoralpress.cl\/infocom\/preview\/Grande.aspx?image=..\/clipsimages\/2015\/08\/25\/020DD9E2.JPG\" target=\"_blank\"><strong>La Tercera 25\/08\/2015<\/strong><\/a><\/p>\n","protected":false},"excerpt":{"rendered":"<p>Se\u00f1or director: En su carta de ayer, Jorge Bravo dice que \u201clos avances en educaci\u00f3n no comienzan en los a\u00f1os 80, sino que progresaron durante todo el siglo XX, lo que constituy\u00f3 al pa\u00eds en un modelo para Latinoam\u00e9rica\u201d. Esta afirmaci\u00f3n es parcialmente correcta, pero s\u00f3lo respecto de la educaci\u00f3n b\u00e1sica. Seg\u00fan el estudio \u201cLa [&hellip;]<\/p>\n","protected":false},"author":22,"featured_media":1313,"comment_status":"open","ping_status":"open","sticky":false,"template":"","format":"standard","meta":{"footnotes":""},"categories":[5095],"tags":[],"class_list":["post-1312","post","type-post","status-publish","format-standard","has-post-thumbnail","hentry","category-columnas-de-opinion"],"featured_image_url":"https:\/\/gobierno.udd.cl\/cpp\/files\/2015\/09\/jacintog.jpg","_links":{"self":[{"href":"https:\/\/gobierno.udd.cl\/cpp\/wp-json\/wp\/v2\/posts\/1312","targetHints":{"allow":["GET"]}}],"collection":[{"href":"https:\/\/gobierno.udd.cl\/cpp\/wp-json\/wp\/v2\/posts"}],"about":[{"href":"https:\/\/gobierno.udd.cl\/cpp\/wp-json\/wp\/v2\/types\/post"}],"author":[{"embeddable":true,"href":"https:\/\/gobierno.udd.cl\/cpp\/wp-json\/wp\/v2\/users\/22"}],"replies":[{"embeddable":true,"href":"https:\/\/gobierno.udd.cl\/cpp\/wp-json\/wp\/v2\/comments?post=1312"}],"version-history":[{"count":6,"href":"https:\/\/gobierno.udd.cl\/cpp\/wp-json\/wp\/v2\/posts\/1312\/revisions"}],"predecessor-version":[{"id":1334,"href":"https:\/\/gobierno.udd.cl\/cpp\/wp-json\/wp\/v2\/posts\/1312\/revisions\/1334"}],"wp:featuredmedia":[{"embeddable":true,"href":"https:\/\/gobierno.udd.cl\/cpp\/wp-json\/wp\/v2\/media\/1313"}],"wp:attachment":[{"href":"https:\/\/gobierno.udd.cl\/cpp\/wp-json\/wp\/v2\/media?parent=1312"}],"wp:term":[{"taxonomy":"category","embeddable":true,"href":"https:\/\/gobierno.udd.cl\/cpp\/wp-json\/wp\/v2\/categories?post=1312"},{"taxonomy":"post_tag","embeddable":true,"href":"https:\/\/gobierno.udd.cl\/cpp\/wp-json\/wp\/v2\/tags?post=1312"}],"curies":[{"name":"wp","href":"https:\/\/api.w.org\/{rel}","templated":true}]}}