{"id":1298,"date":"2015-09-04T16:36:15","date_gmt":"2015-09-04T19:36:15","guid":{"rendered":"http:\/\/gobierno.udd.cl\/cpp\/?p=1298"},"modified":"2015-09-04T16:36:15","modified_gmt":"2015-09-04T19:36:15","slug":"entrevista-jose-de-la-cruz-garrido-en-revista-educar-clima-escolar-que-revelaron-los-resultados-simce","status":"publish","type":"post","link":"https:\/\/gobierno.udd.cl\/cpp\/noticias\/2015\/09\/04\/entrevista-jose-de-la-cruz-garrido-en-revista-educar-clima-escolar-que-revelaron-los-resultados-simce\/","title":{"rendered":"Entrevista a Jos\u00e9 de la Cruz Garrido en Revista Educar: Clima Escolar: \u00bfQu\u00e9 revelaron los resultados Simce?"},"content":{"rendered":"<p style=\"text-align: justify;\">Sobre esta controversia conversamos con Carlos Henr\u00edquez, secretario de la Agencia de Calidad de la Educaci\u00f3n, y <strong>Jos\u00e9 de la Cruz Garrido, acad\u00e9mico de la UDD y docente del Mag\u00edster en Pol\u00edticas Educativas del Centro de Pol\u00edticas P\u00fablicas de esa casa de estudios<\/strong>. Asimismo, Francisco Javier Gil nos detalla el programa PACE de inclusi\u00f3n para alumnos vulnerables que ingresan a la educaci\u00f3n superior.<\/p>\n<p style=\"text-align: justify;\">Jos\u00e9 de la Cruz Garrido se\u00f1ala que<strong>\u00a0<\/strong>que \u201ca partir de la informaci\u00f3n con la que contamos, lo \u00fanico que podemos concluir es que los colegios a los que les va bien tienen un mejor clima escolar, lo que no implica que las variables encuestadas (como el respeto y la no discriminaci\u00f3n) sean causa de los mejores rendimientos\u201d.<\/p>\n<p style=\"text-align: justify;\">Ver entrevista completa,\u00a0<strong><a href=\"http:\/\/www.grupoeducar.cl\/actualidad\/noticias\/clima-escolar----que-revelaron-los-resultados-simce--1541\" target=\"_blank\">aqu\u00ed<\/a><\/strong><\/p>\n","protected":false},"excerpt":{"rendered":"<p>Hasta 55 puntos m\u00e1s de Simce pueden llegar a tener alumnos de octavo b\u00e1sico y de segundo medio, en igualdad de condiciones socioecon\u00f3micas, respecto de un establecimiento con bajo clima de convivencia, se\u00f1alan en la Agencia de Calidad de la Educaci\u00f3n<\/p>\n","protected":false},"author":22,"featured_media":893,"comment_status":"open","ping_status":"open","sticky":false,"template":"","format":"standard","meta":{"footnotes":""},"categories":[10162],"tags":[10889,8609,10165],"class_list":["post-1298","post","type-post","status-publish","format-standard","has-post-thumbnail","hentry","category-centro-en-la-prensa","tag-clima-escolar","tag-convivencia-escolar","tag-simce"],"featured_image_url":"https:\/\/gobierno.udd.cl\/cpp\/files\/2015\/05\/udd_cpp_prensa_340.png","_links":{"self":[{"href":"https:\/\/gobierno.udd.cl\/cpp\/wp-json\/wp\/v2\/posts\/1298","targetHints":{"allow":["GET"]}}],"collection":[{"href":"https:\/\/gobierno.udd.cl\/cpp\/wp-json\/wp\/v2\/posts"}],"about":[{"href":"https:\/\/gobierno.udd.cl\/cpp\/wp-json\/wp\/v2\/types\/post"}],"author":[{"embeddable":true,"href":"https:\/\/gobierno.udd.cl\/cpp\/wp-json\/wp\/v2\/users\/22"}],"replies":[{"embeddable":true,"href":"https:\/\/gobierno.udd.cl\/cpp\/wp-json\/wp\/v2\/comments?post=1298"}],"version-history":[{"count":1,"href":"https:\/\/gobierno.udd.cl\/cpp\/wp-json\/wp\/v2\/posts\/1298\/revisions"}],"predecessor-version":[{"id":1299,"href":"https:\/\/gobierno.udd.cl\/cpp\/wp-json\/wp\/v2\/posts\/1298\/revisions\/1299"}],"wp:featuredmedia":[{"embeddable":true,"href":"https:\/\/gobierno.udd.cl\/cpp\/wp-json\/wp\/v2\/media\/893"}],"wp:attachment":[{"href":"https:\/\/gobierno.udd.cl\/cpp\/wp-json\/wp\/v2\/media?parent=1298"}],"wp:term":[{"taxonomy":"category","embeddable":true,"href":"https:\/\/gobierno.udd.cl\/cpp\/wp-json\/wp\/v2\/categories?post=1298"},{"taxonomy":"post_tag","embeddable":true,"href":"https:\/\/gobierno.udd.cl\/cpp\/wp-json\/wp\/v2\/tags?post=1298"}],"curies":[{"name":"wp","href":"https:\/\/api.w.org\/{rel}","templated":true}]}}