{"id":1292,"date":"2015-09-04T16:16:30","date_gmt":"2015-09-04T19:16:30","guid":{"rendered":"http:\/\/gobierno.udd.cl\/cpp\/?p=1292"},"modified":"2015-09-04T16:18:45","modified_gmt":"2015-09-04T19:18:45","slug":"director-del-magister-en-politicas-publicas-presenta-en-comision-de-transportes-del-congreso","status":"publish","type":"post","link":"https:\/\/gobierno.udd.cl\/cpp\/noticias\/2015\/09\/04\/director-del-magister-en-politicas-publicas-presenta-en-comision-de-transportes-del-congreso\/","title":{"rendered":"Director del Mag\u00edster en Pol\u00edticas P\u00fablicas presenta en Comisi\u00f3n de Transportes del Congreso"},"content":{"rendered":"<p style=\"text-align: justify;\">El director del Mag\u00edster en Pol\u00edticas P\u00fablicas, Ph.D Rodrigo Troncoso, present\u00f3 en la <strong><a href=\"http:\/\/www.senado.cl\/appsenado\/index.php?mo=comisiones&amp;ac=sesiones_celebradas&amp;idcomision=198&amp;tipo=3&amp;ano=2015&amp;comi_nombre=de%2520Transportes%2520y%2520Telecomunicaciones&amp;idsesion=9833&amp;idpunto=%25%25SESIONES_CELEBRADAS.IDPUNTO%25%25&amp;fecha=31%2F08%2F2015&amp;inicio=15%3A30&amp;termino=17%3A00&amp;lugar=Sala%2520N%25C2%25BA%25205%2C%2520tercer%2520piso%2C%2520%28Santiago%29&amp;listado=2\" target=\"_blank\">Comisi\u00f3n de Transportes del Congreso<\/a><\/strong> que revisa\u00a0el proyecto de ley que introduce mejoras al transporte p\u00fablico remunerado de pasajeros del Transantiago. Ante\u00a0la comisi\u00f3n integrada el senador Guido Girardi (Presidente), el senador Andr\u00e9s Allamand, senador Juan Pablo Letelier y Manuel Jos\u00e9 Ossand\u00f3n Tronsoso expuso \u00abM\u00e1s recursos para el Transantiago: \u00bfcu\u00e1l es el plan?\u00bb.<\/p>\n<p style=\"text-align: justify;\"><strong>La presentaci\u00f3n la puede descargar,\u00a0<a href=\"http:\/\/gobierno.udd.cl\/cpp\/files\/2015\/09\/aqu\u00ed.pdf\">aqu\u00ed<\/a><\/strong><\/p>\n<p style=\"text-align: justify;\">En la ocasi\u00f3n tambi\u00e9n participaron el director de la Escuela de Ingenier\u00eda de la Universidad Diego Portales, Louis de Grange, el profesor asociado del Departamento de Ingenier\u00eda Civil de la Universidad de Chile, Leonardo Basso, el acad\u00e9mico de la Divisi\u00f3n de Ingenier\u00eda de Transporte del Departamento de Ingenier\u00eda Civil de la Universidad de Chile, \u00a0Alejandro Tirachini y el abogado experto en subsidios al transporte p\u00fablico, Juan Carlos Gonz\u00e1lez. Del Ministerio de Transportes y Telecomunicaciones particip\u00f3 la Asesora Legislativa del Ministro, Paola Tapia, el coordinador de Planificaci\u00f3n y Desarrollo de la Subsecretar\u00eda de Transportes, Carlos Melo y el Jefe de Asesores del Ministro, Ronaldo Bruna; y del directorio de Transporte P\u00fablico Metropolitano el director Guillermo Mu\u00f1oz y el Gerente de Regulaci\u00f3n y Finanzas, Julio Briones.<\/p>\n","protected":false},"excerpt":{"rendered":"<p>Rodrigo Troncoso particip\u00f3 en la sesi\u00f3n que estudia el proyecto de ley que introduce mejoras al Transantiago.<\/p>\n","protected":false},"author":22,"featured_media":506,"comment_status":"open","ping_status":"open","sticky":false,"template":"","format":"standard","meta":{"footnotes":""},"categories":[4],"tags":[],"class_list":["post-1292","post","type-post","status-publish","format-standard","has-post-thumbnail","hentry","category-noticias"],"featured_image_url":"https:\/\/gobierno.udd.cl\/cpp\/files\/2013\/07\/Rodrigo-Troncoso_destacada.jpg","_links":{"self":[{"href":"https:\/\/gobierno.udd.cl\/cpp\/wp-json\/wp\/v2\/posts\/1292","targetHints":{"allow":["GET"]}}],"collection":[{"href":"https:\/\/gobierno.udd.cl\/cpp\/wp-json\/wp\/v2\/posts"}],"about":[{"href":"https:\/\/gobierno.udd.cl\/cpp\/wp-json\/wp\/v2\/types\/post"}],"author":[{"embeddable":true,"href":"https:\/\/gobierno.udd.cl\/cpp\/wp-json\/wp\/v2\/users\/22"}],"replies":[{"embeddable":true,"href":"https:\/\/gobierno.udd.cl\/cpp\/wp-json\/wp\/v2\/comments?post=1292"}],"version-history":[{"count":4,"href":"https:\/\/gobierno.udd.cl\/cpp\/wp-json\/wp\/v2\/posts\/1292\/revisions"}],"predecessor-version":[{"id":1296,"href":"https:\/\/gobierno.udd.cl\/cpp\/wp-json\/wp\/v2\/posts\/1292\/revisions\/1296"}],"wp:featuredmedia":[{"embeddable":true,"href":"https:\/\/gobierno.udd.cl\/cpp\/wp-json\/wp\/v2\/media\/506"}],"wp:attachment":[{"href":"https:\/\/gobierno.udd.cl\/cpp\/wp-json\/wp\/v2\/media?parent=1292"}],"wp:term":[{"taxonomy":"category","embeddable":true,"href":"https:\/\/gobierno.udd.cl\/cpp\/wp-json\/wp\/v2\/categories?post=1292"},{"taxonomy":"post_tag","embeddable":true,"href":"https:\/\/gobierno.udd.cl\/cpp\/wp-json\/wp\/v2\/tags?post=1292"}],"curies":[{"name":"wp","href":"https:\/\/api.w.org\/{rel}","templated":true}]}}