{"id":1283,"date":"2015-08-26T16:54:31","date_gmt":"2015-08-26T19:54:31","guid":{"rendered":"http:\/\/gobierno.udd.cl\/cpp\/?p=1283"},"modified":"2015-08-26T16:54:31","modified_gmt":"2015-08-26T19:54:31","slug":"entrevista-cristian-larroulet-en-diario-de-concepcion","status":"publish","type":"post","link":"https:\/\/gobierno.udd.cl\/cpp\/noticias\/2015\/08\/26\/entrevista-cristian-larroulet-en-diario-de-concepcion\/","title":{"rendered":"Entrevista a Cristi\u00e1n Larroulet en Diario de Concepci\u00f3n"},"content":{"rendered":"<p style=\"text-align: justify;\">Uno de los tantos personeros que form\u00f3 parte del gabinete durante el gobierno de Sebasti\u00e1n Pi\u00f1era y que ven\u00eda del mundo t\u00e9cnico y no del estrictamente pol\u00edtico es Cristi\u00e1n Larroulet.<\/p>\n<p style=\"text-align: justify;\">Hoy, si bien est\u00e1 principalmente enfocado en la academia, el ex ministro secretario general de la Presidencia se encuentra trabajando de cerca con los dirigentes del nuevo conglomerado de la derecha formado por la UDI, RN, Ev\u00f3poli y el PRI.<\/p>\n<p style=\"text-align: justify;\">Particip\u00f3 de una reuni\u00f3n con los partidos antes del estreno en Concepci\u00f3n de la pel\u00edcula \u0091Los 33\u0092, y la semana pasada estuvo en la Universidad del Desarrollo (UDD) presentando su libro \u0091La educaci\u00f3n en la encrucijada\u0092.<\/p>\n<p style=\"text-align: justify;\"><strong>&#8211; \u00bfC\u00f3mo es esta disyuntiva entre Estado docente y sociedad docente en educaci\u00f3n que plantea el libro?<\/strong><\/p>\n<p style=\"text-align: justify;\">&#8211; Lo que muestra el libro \u0091La educaci\u00f3n en la encrucijada\u0092 es que el pa\u00eds cuando ha hecho una pol\u00edtica educativa basada en la sociedad docente, es decir, cuando hay un rol importante de los padres, de las fundaciones privadas, religiosas, laicas, cuando la sociedad civil se ha incorporado fuertemente, y cuando el Estado juega un rol importante en asignaci\u00f3n de recursos, el pa\u00eds ha podido avanzar en cobertura educativa. Sin embargo, como ocurri\u00f3 en el siglo XIX y en parte del siglo XX, cuando el principal actor era el Estado docente, el pa\u00eds no logr\u00f3 avanzar como correspond\u00eda. Por eso es que hoy nos preocupan las reformas actuales, porque de alguna manera es volver al Estado docente. La reforma de la educaci\u00f3n particular subvencionada fue limitarle a los padres el aporte a la educaci\u00f3n, limitar la creatividad de fundaciones, personas, emprendedores en el desarrollo de la educaci\u00f3n escolar.<\/p>\n<p style=\"text-align: justify;\"><strong>&#8211; \u00bfCree que el modelo educativo estaba bien antes de las reformas?<\/strong><\/p>\n<p style=\"text-align: justify;\">&#8211; El modelo educativo tiene que mejorar sustancialmente. No hay que cambiar radicalmente el modelo educativo, no hagamos un Transantiago con la educaci\u00f3n. Chile en los \u00faltimos 30 a\u00f1os lleg\u00f3 a tener cobertura total en la educaci\u00f3n b\u00e1sica y media, gracias a la subvenci\u00f3n escolar, por eso, sigamos aumentando la subvenci\u00f3n escolar. Tenemos que premiar y destacar a los profesores que ense\u00f1an a sus alumnos, y en ese sentido, una ley de carrera docente que mejore las remuneraciones de los profesores, pero que adem\u00e1s los eval\u00fae. Lo que tenemos que priorizar es la educaci\u00f3n p\u00fablica, la educaci\u00f3n preescolar, porque las brechas de calidad se empiezan a producir desde el jard\u00edn infantil. Por eso, en vez de darle gratuidad a los sectores m\u00e1s ricos de la poblaci\u00f3n en la educaci\u00f3n superior, esos recursos utilic\u00e9moslos en emparejar la cancha en la educaci\u00f3n preescolar.<\/p>\n<p style=\"text-align: justify;\"><strong>&#8211; Si la derecha ganara las pr\u00f3ximas presidenciales y las parlamentarias, \u00bfSe buscar\u00e1 volver al modelo anterior a las reformas?<\/strong><\/p>\n<p style=\"text-align: justify;\">&#8211; Lo que hay que hacer es buscar acuerdos y consensos. La educaci\u00f3n no es para un gobierno u otro, es para todos los chilenos. Adem\u00e1s, los impactos se reflejan en 20 \u00f3 30 a\u00f1os m\u00e1s.<\/p>\n<p style=\"text-align: justify;\"><strong>&#8211; En lo pol\u00edtico, \u00bfes Sebasti\u00e1n Pi\u00f1era su candidato?<\/strong><\/p>\n<p style=\"text-align: justify;\">&#8211; No es el momento de estar hablando de presidenciables. La primera tarea de la centroderecha es unirse, armar un nuevo referente y plantearle al pa\u00eds una propuesta para las elecciones municipales. Hoy el pa\u00eds est\u00e1 demandando ideas propias de la centroderecha, por ejemplo, m\u00e1s oportunidades de trabajo con mejores salarios, y eso la centroderecha sabe c\u00f3mo hacerlo. El pa\u00eds quiere m\u00e1s seguridad, menos delincuencia, y la centroderecha tambi\u00e9n lo sabe hacer.<\/p>\n<p style=\"text-align: justify;\"><strong>&#8211; \u00bfCu\u00e1n importante son las municipales para la derecha?<\/strong><\/p>\n<p style=\"text-align: justify;\">&#8211; Siempre las municipales son un valor en s\u00ed mismas, porque son los gobiernos que dirigen temas como la educaci\u00f3n. Adem\u00e1s son importantes porque son un cierto predictor de lo que pueda pasar en las parlamentarias y presidenciales.<\/p>\n<p style=\"text-align: justify;\"><strong>&#8211; \u00bfQu\u00e9 an\u00e1lisis hace del actual gobierno de la Presidenta Michelle Bachelet?<\/strong><\/p>\n<p style=\"text-align: justify;\">&#8211; La Nueva Mayor\u00eda se equivoc\u00f3 en el diagn\u00f3stico. Ha cometido tres errores: el diagn\u00f3stico de lo que los chilenos quer\u00edan; se equivoc\u00f3 en las pol\u00edticas p\u00fablicas, de lo que era eficiente para lograr que el pa\u00eds progrese y fuera m\u00e1s justo; y el tercer error, es que fue ineficiente en la aplicaci\u00f3n y en el dise\u00f1o de las reformas, por eso es que hoy la Reforma Tributaria la est\u00e1 modificando. Yo me atrevo a decir que va a venir un proyecto de ley para modificar la Reforma Educacional que ya se hizo el a\u00f1o pasado, porque todo indica que van a haber muchos problemas, como colegios que cerrar\u00e1n<\/p>\n","protected":false},"excerpt":{"rendered":"<p>El acad\u00e9mico que se ha reunido en Concepci\u00f3n con los partidos de oposici\u00f3n, se\u00f1ala que no es momento de hablar de las presidenciables. La derecha debe centrarse en la unidad, coment\u00f3.<\/p>\n","protected":false},"author":22,"featured_media":893,"comment_status":"open","ping_status":"open","sticky":false,"template":"","format":"standard","meta":{"footnotes":""},"categories":[10162],"tags":[],"class_list":["post-1283","post","type-post","status-publish","format-standard","has-post-thumbnail","hentry","category-centro-en-la-prensa"],"featured_image_url":"https:\/\/gobierno.udd.cl\/cpp\/files\/2015\/05\/udd_cpp_prensa_340.png","_links":{"self":[{"href":"https:\/\/gobierno.udd.cl\/cpp\/wp-json\/wp\/v2\/posts\/1283","targetHints":{"allow":["GET"]}}],"collection":[{"href":"https:\/\/gobierno.udd.cl\/cpp\/wp-json\/wp\/v2\/posts"}],"about":[{"href":"https:\/\/gobierno.udd.cl\/cpp\/wp-json\/wp\/v2\/types\/post"}],"author":[{"embeddable":true,"href":"https:\/\/gobierno.udd.cl\/cpp\/wp-json\/wp\/v2\/users\/22"}],"replies":[{"embeddable":true,"href":"https:\/\/gobierno.udd.cl\/cpp\/wp-json\/wp\/v2\/comments?post=1283"}],"version-history":[{"count":1,"href":"https:\/\/gobierno.udd.cl\/cpp\/wp-json\/wp\/v2\/posts\/1283\/revisions"}],"predecessor-version":[{"id":1284,"href":"https:\/\/gobierno.udd.cl\/cpp\/wp-json\/wp\/v2\/posts\/1283\/revisions\/1284"}],"wp:featuredmedia":[{"embeddable":true,"href":"https:\/\/gobierno.udd.cl\/cpp\/wp-json\/wp\/v2\/media\/893"}],"wp:attachment":[{"href":"https:\/\/gobierno.udd.cl\/cpp\/wp-json\/wp\/v2\/media?parent=1283"}],"wp:term":[{"taxonomy":"category","embeddable":true,"href":"https:\/\/gobierno.udd.cl\/cpp\/wp-json\/wp\/v2\/categories?post=1283"},{"taxonomy":"post_tag","embeddable":true,"href":"https:\/\/gobierno.udd.cl\/cpp\/wp-json\/wp\/v2\/tags?post=1283"}],"curies":[{"name":"wp","href":"https:\/\/api.w.org\/{rel}","templated":true}]}}