{"id":1275,"date":"2015-08-26T15:24:14","date_gmt":"2015-08-26T18:24:14","guid":{"rendered":"http:\/\/gobierno.udd.cl\/cpp\/?p=1275"},"modified":"2015-08-26T16:03:30","modified_gmt":"2015-08-26T19:03:30","slug":"la-familia-y-el-capital-social-algunas-cifras-para-pensar-por-francisca-dussaillant","status":"publish","type":"post","link":"https:\/\/gobierno.udd.cl\/cpp\/noticias\/2015\/08\/26\/la-familia-y-el-capital-social-algunas-cifras-para-pensar-por-francisca-dussaillant\/","title":{"rendered":"La familia y el capital social, algunas cifras para pensar por Francisca Dussaillant"},"content":{"rendered":"<p style=\"text-align: justify;\">Un fuerte incremento en el porcentaje de convivencias no matrimoniales, altos niveles de ausencia paterna, la ruptura de la relaci\u00f3n de los padres como predictor de la separaci\u00f3n de los hijos y gran impacto de la familia conyugal en la generaci\u00f3n de capital social son algunas de las principales conclusiones de este estudio.<\/p>\n<p style=\"text-align: justify;\">Los resultados fueron presentados en la Casa Central de la UC por el doctor en Ciencias Sociales y decano de la Facultad de Ciencias Sociales UC, Eduardo Valenzuela; el abogado y doctor en Filosof\u00eda y acad\u00e9mico de la Universidad de Chile Sergio Micco; y la doctora en Econom\u00eda y acad\u00e9mica de la <b>Universidad del Desarrollo<\/b>, Francisca Dussaillant.<\/p>\n<p style=\"text-align: justify;\">Revise los datos y la nota publicada en <strong><a href=\"http:\/\/www.litoralpress.cl\/design3\/lpi\/mostrarjpg.asp?id=34432626,34432627,34432639,34432640,34432642,34432643&amp;idT=14582&amp;ve=1\" target=\"_blank\">Hacer Familia 21\/08\/2015<\/a><\/strong><\/p>\n","protected":false},"excerpt":{"rendered":"<p>Un fuerte incremento en el porcentaje de convivencias no matrimoniales, altos niveles de ausencia paterna, la ruptura de la relaci\u00f3n de los padres como predictor de la separaci\u00f3n de los hijos y gran impacto de la familia conyugal en la generaci\u00f3n de capital social son algunas de las principales conclusiones de este estudio. Los resultados [&hellip;]<\/p>\n","protected":false},"author":22,"featured_media":893,"comment_status":"open","ping_status":"open","sticky":false,"template":"","format":"standard","meta":{"footnotes":""},"categories":[10162],"tags":[6997,10888,8131],"class_list":["post-1275","post","type-post","status-publish","format-standard","has-post-thumbnail","hentry","category-centro-en-la-prensa","tag-capital-social","tag-familia","tag-francisca-dussaillant"],"featured_image_url":"https:\/\/gobierno.udd.cl\/cpp\/files\/2015\/05\/udd_cpp_prensa_340.png","_links":{"self":[{"href":"https:\/\/gobierno.udd.cl\/cpp\/wp-json\/wp\/v2\/posts\/1275","targetHints":{"allow":["GET"]}}],"collection":[{"href":"https:\/\/gobierno.udd.cl\/cpp\/wp-json\/wp\/v2\/posts"}],"about":[{"href":"https:\/\/gobierno.udd.cl\/cpp\/wp-json\/wp\/v2\/types\/post"}],"author":[{"embeddable":true,"href":"https:\/\/gobierno.udd.cl\/cpp\/wp-json\/wp\/v2\/users\/22"}],"replies":[{"embeddable":true,"href":"https:\/\/gobierno.udd.cl\/cpp\/wp-json\/wp\/v2\/comments?post=1275"}],"version-history":[{"count":3,"href":"https:\/\/gobierno.udd.cl\/cpp\/wp-json\/wp\/v2\/posts\/1275\/revisions"}],"predecessor-version":[{"id":1277,"href":"https:\/\/gobierno.udd.cl\/cpp\/wp-json\/wp\/v2\/posts\/1275\/revisions\/1277"}],"wp:featuredmedia":[{"embeddable":true,"href":"https:\/\/gobierno.udd.cl\/cpp\/wp-json\/wp\/v2\/media\/893"}],"wp:attachment":[{"href":"https:\/\/gobierno.udd.cl\/cpp\/wp-json\/wp\/v2\/media?parent=1275"}],"wp:term":[{"taxonomy":"category","embeddable":true,"href":"https:\/\/gobierno.udd.cl\/cpp\/wp-json\/wp\/v2\/categories?post=1275"},{"taxonomy":"post_tag","embeddable":true,"href":"https:\/\/gobierno.udd.cl\/cpp\/wp-json\/wp\/v2\/tags?post=1275"}],"curies":[{"name":"wp","href":"https:\/\/api.w.org\/{rel}","templated":true}]}}