{"id":1273,"date":"2015-08-26T15:17:21","date_gmt":"2015-08-26T18:17:21","guid":{"rendered":"http:\/\/gobierno.udd.cl\/cpp\/?p=1273"},"modified":"2015-08-26T15:17:21","modified_gmt":"2015-08-26T18:17:21","slug":"encuesta-udd-el-sur-mayoria-apoya-despenalizacion-del-aborto-y-cuestiona-anuncio-de-gratuidad","status":"publish","type":"post","link":"https:\/\/gobierno.udd.cl\/cpp\/noticias\/2015\/08\/26\/encuesta-udd-el-sur-mayoria-apoya-despenalizacion-del-aborto-y-cuestiona-anuncio-de-gratuidad\/","title":{"rendered":"Encuesta UDD-El Sur: mayor\u00eda apoya despenalizaci\u00f3n del aborto y cuestiona anuncio de gratuidad"},"content":{"rendered":"<p style=\"text-align: justify;\">\u00bfCree usted que el anuncio hecho por la Presidenta Bachelet de Gratuidad para el 50% de los estudiantes m\u00e1s vulnerables que estudien en universidades tradicionales o en algunas universidades privadas e institutos profesionales y centros de formaci\u00f3n t\u00e9cnica, cumple la promesa de campa\u00f1a hecha por la entonces candidata? \u00bfCree usted que se pueden establecer diferencias entre los estudiantes que acceden al beneficio de acuerdo a la Universidad, instituto o centro de formaci\u00f3n t\u00e9cnica en que estudian o este beneficio deber\u00eda ser para todos los estudiantes de igual necesidad o condici\u00f3n socioecon\u00f3mica?<\/p>\n<p style=\"text-align: justify;\">Estas son algunas de las preguntas que realiz\u00f3 la encuesta UDD-El Sur de la Facultad de Gobierno que puedes ver en detalle, <strong><a href=\"http:\/\/www.litoralpress.cl\/design3\/lpi\/mostrarjpg.asp?id=34376690,34376693,34376707,34376721&amp;idT=14582&amp;ve=1\" target=\"_blank\">aqu\u00ed.<\/a><\/strong><\/p>\n","protected":false},"excerpt":{"rendered":"<p>\u00bfCree usted que el anuncio hecho por la Presidenta Bachelet de Gratuidad para el 50% de los estudiantes m\u00e1s vulnerables que estudien en universidades tradicionales o en algunas universidades privadas e institutos profesionales y centros de formaci\u00f3n t\u00e9cnica, cumple la promesa de campa\u00f1a hecha por la entonces candidata? \u00bfCree usted que se pueden establecer diferencias [&hellip;]<\/p>\n","protected":false},"author":22,"featured_media":893,"comment_status":"open","ping_status":"open","sticky":false,"template":"","format":"standard","meta":{"footnotes":""},"categories":[10162],"tags":[],"class_list":["post-1273","post","type-post","status-publish","format-standard","has-post-thumbnail","hentry","category-centro-en-la-prensa"],"featured_image_url":"https:\/\/gobierno.udd.cl\/cpp\/files\/2015\/05\/udd_cpp_prensa_340.png","_links":{"self":[{"href":"https:\/\/gobierno.udd.cl\/cpp\/wp-json\/wp\/v2\/posts\/1273","targetHints":{"allow":["GET"]}}],"collection":[{"href":"https:\/\/gobierno.udd.cl\/cpp\/wp-json\/wp\/v2\/posts"}],"about":[{"href":"https:\/\/gobierno.udd.cl\/cpp\/wp-json\/wp\/v2\/types\/post"}],"author":[{"embeddable":true,"href":"https:\/\/gobierno.udd.cl\/cpp\/wp-json\/wp\/v2\/users\/22"}],"replies":[{"embeddable":true,"href":"https:\/\/gobierno.udd.cl\/cpp\/wp-json\/wp\/v2\/comments?post=1273"}],"version-history":[{"count":1,"href":"https:\/\/gobierno.udd.cl\/cpp\/wp-json\/wp\/v2\/posts\/1273\/revisions"}],"predecessor-version":[{"id":1274,"href":"https:\/\/gobierno.udd.cl\/cpp\/wp-json\/wp\/v2\/posts\/1273\/revisions\/1274"}],"wp:featuredmedia":[{"embeddable":true,"href":"https:\/\/gobierno.udd.cl\/cpp\/wp-json\/wp\/v2\/media\/893"}],"wp:attachment":[{"href":"https:\/\/gobierno.udd.cl\/cpp\/wp-json\/wp\/v2\/media?parent=1273"}],"wp:term":[{"taxonomy":"category","embeddable":true,"href":"https:\/\/gobierno.udd.cl\/cpp\/wp-json\/wp\/v2\/categories?post=1273"},{"taxonomy":"post_tag","embeddable":true,"href":"https:\/\/gobierno.udd.cl\/cpp\/wp-json\/wp\/v2\/tags?post=1273"}],"curies":[{"name":"wp","href":"https:\/\/api.w.org\/{rel}","templated":true}]}}