{"id":1260,"date":"2015-08-14T14:32:16","date_gmt":"2015-08-14T17:32:16","guid":{"rendered":"http:\/\/gobierno.udd.cl\/cpp\/?p=1260"},"modified":"2015-08-14T14:35:36","modified_gmt":"2015-08-14T17:35:36","slug":"lanzamiento-libro-de-cristian-larroulet-y-jacinto-gorosabel-educacion-en-la-encrucijada-estado-docente-o-sociedad-docente","status":"publish","type":"post","link":"https:\/\/gobierno.udd.cl\/cpp\/noticias\/2015\/08\/14\/lanzamiento-libro-de-cristian-larroulet-y-jacinto-gorosabel-educacion-en-la-encrucijada-estado-docente-o-sociedad-docente\/","title":{"rendered":"Lanzamiento libro de Cristi\u00e1n Larroulet y Jacinto Gorosabel \u00abEducaci\u00f3n en la Encrucijada: Estado Docente o Sociedad Docente\u00bb"},"content":{"rendered":"<div>\n<div>\n<p style=\"text-align: justify;\">El ex presidente Sebasti\u00e1n Pi\u00f1era fue el encargado de presentar el libro: \u00abEducaci\u00f3n en la Encrucijada: Estado Docente o Sociedad Docente\u00bb,\u00a0\u00a0escrito por\u00a0el\u00a0ex ministro, Cristi\u00e1n Larroulet y Jacinto Gorosabel ex asesor, en la Universidad del Desarrollo, el cual realiza un\u00a0an\u00e1lisis del actual escenario educacional\u00a0de Chile, y donde adem\u00e1s se generan propuestas para lograr cambios estructurales en el sistema.<\/p>\n<p style=\"text-align: justify;\">La ceremonia cont\u00f3 con la participaci\u00f3n del rector de la Universidad\u00a0Federico Vald\u00e9s, el decano de la facultad de econom\u00eda, Joaqu\u00edn Lav\u00edn, el ex ministro Jos\u00e9 Joaqu\u00edn Brunner y un centenar de asistentes.<\/p>\n<p style=\"text-align: justify;\">En su exposici\u00f3n, el ex mandatario cuestion\u00f3 la reforma educacional asegurando que la iniciativa aleja a la sociedad civil y a los padres y le da un rol hegem\u00f3nico al gobierno.<\/p>\n<p style=\"text-align: justify;\">Cristi\u00e1n Larroulet asegur\u00f3 \u00a0adem\u00e1s que la calidad de los profesores es fundamental, enfatizando en que deben mantenerse los dos sistemas, p\u00fablico y privado, \u00a0y aplicar mejoras en ambos. Sobre la reforma que pretende impulsar la autoridad, se\u00f1al\u00f3 que \u00abhay grupos de inter\u00e9s que tratan muchas veces de frenar\u00a0las reformas\u00bb, resaltando la importancia de acuerdos y consensos para conseguir este tipo de reformas.<\/p>\n<\/div>\n<\/div>\n","protected":false},"excerpt":{"rendered":"<p>La ceremonia cont\u00f3 con la participaci\u00f3n del rector de la Universidad Federico Vald\u00e9s, el decano de la facultad de econom\u00eda, Joaqu\u00edn Lav\u00edn, el ex ministro Jos\u00e9 Joaqu\u00edn Brunner y un centenar de asistentes.<\/p>\n","protected":false},"author":22,"featured_media":1261,"comment_status":"open","ping_status":"open","sticky":false,"template":"","format":"standard","meta":{"footnotes":""},"categories":[4],"tags":[],"class_list":["post-1260","post","type-post","status-publish","format-standard","has-post-thumbnail","hentry","category-noticias"],"featured_image_url":"https:\/\/gobierno.udd.cl\/cpp\/files\/2015\/08\/Larroulet-libro.jpg","_links":{"self":[{"href":"https:\/\/gobierno.udd.cl\/cpp\/wp-json\/wp\/v2\/posts\/1260","targetHints":{"allow":["GET"]}}],"collection":[{"href":"https:\/\/gobierno.udd.cl\/cpp\/wp-json\/wp\/v2\/posts"}],"about":[{"href":"https:\/\/gobierno.udd.cl\/cpp\/wp-json\/wp\/v2\/types\/post"}],"author":[{"embeddable":true,"href":"https:\/\/gobierno.udd.cl\/cpp\/wp-json\/wp\/v2\/users\/22"}],"replies":[{"embeddable":true,"href":"https:\/\/gobierno.udd.cl\/cpp\/wp-json\/wp\/v2\/comments?post=1260"}],"version-history":[{"count":3,"href":"https:\/\/gobierno.udd.cl\/cpp\/wp-json\/wp\/v2\/posts\/1260\/revisions"}],"predecessor-version":[{"id":1263,"href":"https:\/\/gobierno.udd.cl\/cpp\/wp-json\/wp\/v2\/posts\/1260\/revisions\/1263"}],"wp:featuredmedia":[{"embeddable":true,"href":"https:\/\/gobierno.udd.cl\/cpp\/wp-json\/wp\/v2\/media\/1261"}],"wp:attachment":[{"href":"https:\/\/gobierno.udd.cl\/cpp\/wp-json\/wp\/v2\/media?parent=1260"}],"wp:term":[{"taxonomy":"category","embeddable":true,"href":"https:\/\/gobierno.udd.cl\/cpp\/wp-json\/wp\/v2\/categories?post=1260"},{"taxonomy":"post_tag","embeddable":true,"href":"https:\/\/gobierno.udd.cl\/cpp\/wp-json\/wp\/v2\/tags?post=1260"}],"curies":[{"name":"wp","href":"https:\/\/api.w.org\/{rel}","templated":true}]}}