{"id":1236,"date":"2015-08-10T16:28:50","date_gmt":"2015-08-10T19:28:50","guid":{"rendered":"http:\/\/gobierno.udd.cl\/cpp\/?p=1236"},"modified":"2015-08-10T16:56:32","modified_gmt":"2015-08-10T19:56:32","slug":"pinera-y-aparciones-en-aniversario-de-los-33","status":"publish","type":"post","link":"https:\/\/gobierno.udd.cl\/cpp\/noticias\/2015\/08\/10\/pinera-y-aparciones-en-aniversario-de-los-33\/","title":{"rendered":"Pi\u00f1era y apariciones en aniversario de \u00abLos 33\u00bb"},"content":{"rendered":"<p style=\"text-align: justify;\">El director del Programa de Opini\u00f3n P\u00fablica de la Universidad del Desarrollo (UDD), Gonzalo M\u00fcller, asegura que frente a los \u00absucesivos errores\u00bb del Gobierno, \u00abes natural de que las personas que s\u00ed tienen ese liderazgo, como el ex Presidente Pi\u00f1era o el ex Presidente Lagos, ocupen ese espacio, que sus opiniones sean relevantes, prendidas, y que vayan marcando la agenda de alguna manera\u00bb.\u00bbEn el caso del ex Presidente Lagos y el ex Presidente Pi\u00f1era, estas mismas actuaciones, opiniones y el liderazgo natural que ejercen los lleva a ser considerados como candidatos para una elecci\u00f3n. Ahora cuando se conversa de la futura elecci\u00f3n presidencial, ambos son mencionados como alternativa\u00bb, enfatiz\u00f3.<\/p>\n<p style=\"text-align: justify;\">Ver nota completa publicada en El Mercurio 04\/08\/2015, <strong><a href=\"http:\/\/www.litoralpress.cl\/design3\/lpi\/pdf3\/litoralpresspdf.aspx?ruta=clipsimages&amp;id=34256531,34256535,34256537&amp;idT=14582&amp;org=1&amp;ve=1\" target=\"_blank\">aqu\u00ed<\/a><\/strong><\/p>\n","protected":false},"excerpt":{"rendered":"<p>A cinco a\u00f1os de la tragedia y el posterior rescate de los mineros de la mina San Jos\u00e9, el ex Mandatario ha recurrido a un operativo medi\u00e1tico para rememorar uno de los hechos m\u00e1s recordados de su administraci\u00f3n. Aqu\u00ed, dos analistas desmenuzan su presente y futuro. El ex Presidente Sebasti\u00e1n Pi\u00f1era asisti\u00f3 con su esposa Cecilia Morel al estreno de la pel\u00edcula \u00abLos 33\u00bb<\/p>\n","protected":false},"author":22,"featured_media":893,"comment_status":"open","ping_status":"open","sticky":false,"template":"","format":"standard","meta":{"footnotes":""},"categories":[10162],"tags":[8140,10881,8529],"class_list":["post-1236","post","type-post","status-publish","format-standard","has-post-thumbnail","hentry","category-centro-en-la-prensa","tag-gonzalo-muller","tag-los-33","tag-pinera"],"featured_image_url":"https:\/\/gobierno.udd.cl\/cpp\/files\/2015\/05\/udd_cpp_prensa_340.png","_links":{"self":[{"href":"https:\/\/gobierno.udd.cl\/cpp\/wp-json\/wp\/v2\/posts\/1236","targetHints":{"allow":["GET"]}}],"collection":[{"href":"https:\/\/gobierno.udd.cl\/cpp\/wp-json\/wp\/v2\/posts"}],"about":[{"href":"https:\/\/gobierno.udd.cl\/cpp\/wp-json\/wp\/v2\/types\/post"}],"author":[{"embeddable":true,"href":"https:\/\/gobierno.udd.cl\/cpp\/wp-json\/wp\/v2\/users\/22"}],"replies":[{"embeddable":true,"href":"https:\/\/gobierno.udd.cl\/cpp\/wp-json\/wp\/v2\/comments?post=1236"}],"version-history":[{"count":3,"href":"https:\/\/gobierno.udd.cl\/cpp\/wp-json\/wp\/v2\/posts\/1236\/revisions"}],"predecessor-version":[{"id":1238,"href":"https:\/\/gobierno.udd.cl\/cpp\/wp-json\/wp\/v2\/posts\/1236\/revisions\/1238"}],"wp:featuredmedia":[{"embeddable":true,"href":"https:\/\/gobierno.udd.cl\/cpp\/wp-json\/wp\/v2\/media\/893"}],"wp:attachment":[{"href":"https:\/\/gobierno.udd.cl\/cpp\/wp-json\/wp\/v2\/media?parent=1236"}],"wp:term":[{"taxonomy":"category","embeddable":true,"href":"https:\/\/gobierno.udd.cl\/cpp\/wp-json\/wp\/v2\/categories?post=1236"},{"taxonomy":"post_tag","embeddable":true,"href":"https:\/\/gobierno.udd.cl\/cpp\/wp-json\/wp\/v2\/tags?post=1236"}],"curies":[{"name":"wp","href":"https:\/\/api.w.org\/{rel}","templated":true}]}}