{"id":1234,"date":"2015-08-10T15:52:11","date_gmt":"2015-08-10T18:52:11","guid":{"rendered":"http:\/\/gobierno.udd.cl\/cpp\/?p=1234"},"modified":"2015-08-10T15:52:11","modified_gmt":"2015-08-10T18:52:11","slug":"plebiscito-express-sera-pinera-el-candidato-de-la-derecha-el-2017","status":"publish","type":"post","link":"https:\/\/gobierno.udd.cl\/cpp\/noticias\/2015\/08\/10\/plebiscito-express-sera-pinera-el-candidato-de-la-derecha-el-2017\/","title":{"rendered":"Plebiscito express \u00bfSer\u00e1 Pi\u00f1era el candidato de la derecha el 2017?"},"content":{"rendered":"<p style=\"text-align: justify;\">Seg\u00fan 20 voces del sector Plebiscito express \u00bfSer\u00e1 Pi\u00f1era el candidato de la derecha el 2017? Trece encuestados creen que s\u00ed otros cinco tienen dudas y dos sostienen que no lo lograr\u00e1. Por Mario Contreras D. y Sebasti\u00e1n Minay C. Estuvo varios meses replegado guardando calculado silencio privilegiando actividades en Venezuela y otros pa\u00edses y evitando exponerse m\u00e1s a los costos pol\u00edticos de la crisis por los casos Penta y SQM, pese a que en ambos a\u00fan se investigan aristas vinculadas a empresas suyas.<\/p>\n<p style=\"text-align: justify;\">Ver nota, <strong><a href=\"http:\/\/www.litoralpress.cl\/infocom\/preview\/Grande.aspx?image=..\/clipsimages\/2015\/08\/07\/020B3CDB.JPG\" target=\"_blank\">aqu\u00ed.<\/a><\/strong><\/p>\n","protected":false},"excerpt":{"rendered":"<p>Eugenio Guzm\u00e1n y Gonzalo M\u00fcller encuestados por La Segunda sobre la candidatura de Sebasti\u00e1n Pi\u00f1era<\/p>\n","protected":false},"author":22,"featured_media":893,"comment_status":"open","ping_status":"open","sticky":false,"template":"","format":"standard","meta":{"footnotes":""},"categories":[10162],"tags":[7380,8140,8529],"class_list":["post-1234","post","type-post","status-publish","format-standard","has-post-thumbnail","hentry","category-centro-en-la-prensa","tag-eugenio-guzman","tag-gonzalo-muller","tag-pinera"],"featured_image_url":"https:\/\/gobierno.udd.cl\/cpp\/files\/2015\/05\/udd_cpp_prensa_340.png","_links":{"self":[{"href":"https:\/\/gobierno.udd.cl\/cpp\/wp-json\/wp\/v2\/posts\/1234","targetHints":{"allow":["GET"]}}],"collection":[{"href":"https:\/\/gobierno.udd.cl\/cpp\/wp-json\/wp\/v2\/posts"}],"about":[{"href":"https:\/\/gobierno.udd.cl\/cpp\/wp-json\/wp\/v2\/types\/post"}],"author":[{"embeddable":true,"href":"https:\/\/gobierno.udd.cl\/cpp\/wp-json\/wp\/v2\/users\/22"}],"replies":[{"embeddable":true,"href":"https:\/\/gobierno.udd.cl\/cpp\/wp-json\/wp\/v2\/comments?post=1234"}],"version-history":[{"count":1,"href":"https:\/\/gobierno.udd.cl\/cpp\/wp-json\/wp\/v2\/posts\/1234\/revisions"}],"predecessor-version":[{"id":1235,"href":"https:\/\/gobierno.udd.cl\/cpp\/wp-json\/wp\/v2\/posts\/1234\/revisions\/1235"}],"wp:featuredmedia":[{"embeddable":true,"href":"https:\/\/gobierno.udd.cl\/cpp\/wp-json\/wp\/v2\/media\/893"}],"wp:attachment":[{"href":"https:\/\/gobierno.udd.cl\/cpp\/wp-json\/wp\/v2\/media?parent=1234"}],"wp:term":[{"taxonomy":"category","embeddable":true,"href":"https:\/\/gobierno.udd.cl\/cpp\/wp-json\/wp\/v2\/categories?post=1234"},{"taxonomy":"post_tag","embeddable":true,"href":"https:\/\/gobierno.udd.cl\/cpp\/wp-json\/wp\/v2\/tags?post=1234"}],"curies":[{"name":"wp","href":"https:\/\/api.w.org\/{rel}","templated":true}]}}