{"id":1225,"date":"2015-08-05T16:22:57","date_gmt":"2015-08-05T19:22:57","guid":{"rendered":"http:\/\/gobierno.udd.cl\/cpp\/?p=1225"},"modified":"2015-08-05T16:35:15","modified_gmt":"2015-08-05T19:35:15","slug":"entrevista-al-director-del-magister-de-politicas-educativas-sobre-estudio-de-convivencia-escolar","status":"publish","type":"post","link":"https:\/\/gobierno.udd.cl\/cpp\/noticias\/2015\/08\/05\/entrevista-al-director-del-magister-de-politicas-educativas-sobre-estudio-de-convivencia-escolar\/","title":{"rendered":"Entrevista al director del Mag\u00edster de Pol\u00edticas Educativas sobre estudio de convivencia escolar"},"content":{"rendered":"<p style=\"text-align: justify;\">La superintendencia de Educaci\u00f3n ha recibido este a\u00f1o mil 500 denuncias de bullying dentro de la escuela seg\u00fan investigaci\u00f3n hecha por el Centro de Pol\u00edticas P\u00fablicas de la U. del Desarrollo.<\/p>\n<p style=\"text-align: justify;\">\u00abLa ley de convivencia escolar no es conocida por toda la comunidad\u00bb afirma Mauricio Bravo. Conduce: Andrea Ar\u00edstegui<\/p>\n<p style=\"text-align: justify;\">Ver entrevista, <strong><a href=\"http:\/\/www.litoralpress.cl\/design3\/lpi\/video.asp?id=6519225\" target=\"_blank\">aqu\u00ed<\/a><\/strong><\/p>\n","protected":false},"excerpt":{"rendered":"<p>El director del Mag\u00edster en Pol\u00edticas Educativas Mauricio Bravo entrega los resultados de la investigaci\u00f3n realizada a m\u00e1s de 800 estudiantes de Santiago y Concepci\u00f3n<\/p>\n","protected":false},"author":22,"featured_media":893,"comment_status":"open","ping_status":"open","sticky":false,"template":"","format":"standard","meta":{"footnotes":""},"categories":[10162],"tags":[10880,10879],"class_list":["post-1225","post","type-post","status-publish","format-standard","has-post-thumbnail","hentry","category-centro-en-la-prensa","tag-director-del-magister-de-educacion-u-del-desarrollo-temas-explicacion-de-la-metodologia-de-la-investigacion-realizada-variables-que-explican-y-explican-fenomeno-del-bullyng-principales-carac","tag-estudio-entrevista-a-mauricio-bravo"],"featured_image_url":"https:\/\/gobierno.udd.cl\/cpp\/files\/2015\/05\/udd_cpp_prensa_340.png","_links":{"self":[{"href":"https:\/\/gobierno.udd.cl\/cpp\/wp-json\/wp\/v2\/posts\/1225","targetHints":{"allow":["GET"]}}],"collection":[{"href":"https:\/\/gobierno.udd.cl\/cpp\/wp-json\/wp\/v2\/posts"}],"about":[{"href":"https:\/\/gobierno.udd.cl\/cpp\/wp-json\/wp\/v2\/types\/post"}],"author":[{"embeddable":true,"href":"https:\/\/gobierno.udd.cl\/cpp\/wp-json\/wp\/v2\/users\/22"}],"replies":[{"embeddable":true,"href":"https:\/\/gobierno.udd.cl\/cpp\/wp-json\/wp\/v2\/comments?post=1225"}],"version-history":[{"count":6,"href":"https:\/\/gobierno.udd.cl\/cpp\/wp-json\/wp\/v2\/posts\/1225\/revisions"}],"predecessor-version":[{"id":1231,"href":"https:\/\/gobierno.udd.cl\/cpp\/wp-json\/wp\/v2\/posts\/1225\/revisions\/1231"}],"wp:featuredmedia":[{"embeddable":true,"href":"https:\/\/gobierno.udd.cl\/cpp\/wp-json\/wp\/v2\/media\/893"}],"wp:attachment":[{"href":"https:\/\/gobierno.udd.cl\/cpp\/wp-json\/wp\/v2\/media?parent=1225"}],"wp:term":[{"taxonomy":"category","embeddable":true,"href":"https:\/\/gobierno.udd.cl\/cpp\/wp-json\/wp\/v2\/categories?post=1225"},{"taxonomy":"post_tag","embeddable":true,"href":"https:\/\/gobierno.udd.cl\/cpp\/wp-json\/wp\/v2\/tags?post=1225"}],"curies":[{"name":"wp","href":"https:\/\/api.w.org\/{rel}","templated":true}]}}