{"id":1213,"date":"2015-08-03T16:56:35","date_gmt":"2015-08-03T19:56:35","guid":{"rendered":"http:\/\/gobierno.udd.cl\/cpp\/?p=1213"},"modified":"2015-08-03T16:56:46","modified_gmt":"2015-08-03T19:56:46","slug":"medidas-contra-la-delincuencia-editorial-cronica-de-chillan","status":"publish","type":"post","link":"https:\/\/gobierno.udd.cl\/cpp\/noticias\/2015\/08\/03\/medidas-contra-la-delincuencia-editorial-cronica-de-chillan\/","title":{"rendered":"Medidas contra la delincuencia: Editorial Cr\u00f3nica de Chill\u00e1n"},"content":{"rendered":"<p style=\"text-align: justify;\">As\u00ed como Santiago, Chill\u00e1n ha visto en alza los delitos in\u00e1s complejos. La Fundaci\u00f3n Paz Ciudadana pide medidas preventivas.<\/p>\n<p style=\"text-align: justify;\">Donde parece haber m\u00e1s coincidencia es en la necesidad de una mejor coordinaci\u00f3n entre fiscales del Ministerio P\u00fablico y las polic\u00edas. Ayer, el gobierno dio un paso hacia este objetivo.<\/p>\n<p style=\"text-align: justify;\">Desde hace varios meses que el tema de la delincuencia se ha tomado la agenda ciudadana en el pa\u00eds, principalmente debido a delitos de alta connotaci\u00f3n social que han sido medi\u00e1ticamente conocidos por la opini\u00f3n p\u00fablica y han exacerbado los niveles de temor de la poblaci\u00f3n. Y a la luz de las cifras, el problema delincuencial ya no es exclusivo de la Regi\u00f3n Metropolitana. En Chill\u00e1n los delitos de Robo en Lugar No Habitado han aumentado un 21% de acuerdo a los antecedentes contenidos en la Plataforma de An\u00e1lisis Criminal Integrado (Pacic) de Carabineros de Chile.<\/p>\n<p style=\"text-align: justify;\">Seg\u00fan esta misma plataforma, en Chill\u00e1n se han registrado un aumento del 47% en los robos de veh\u00edculos y de un 15% en los robos de especies dentro de un veh\u00edculo, tan solo en el \u00faltimo a\u00f1o. Igualmente preocupante resulta el alza de un 48% en los delitos de receptaci\u00f3n y robos con violencia (25%) entre 2014 y 2015. Por otra parte, en Chill\u00e1n Viejo todos los delitos m\u00e1s violentos han registrado un aumento siendo uno de los m\u00e1s preocupantes los robos de veh\u00edculos (56%) y robos de especies dentro de un veh\u00edculo (72%).<\/p>\n<p style=\"text-align: justify;\">En este contexto, la Fundaci\u00f3n Paz Ciudadana ha tomado mayor protagonismo en este debate al plantear medidas in gentes que debiese adoptar el gobierno para frenar esta escalada delictual. Entre ellas se propone regular las funciones preventivas de las polic\u00edas, incluyendo el control de identidad y registro de equipajes, ropa, y veh\u00edculos; modificar el C\u00f3digo Penal y la Ley de Responsabilidad Penal Adolescente o crear un Servicio Nacional de Reinserci\u00f3n y Penas Alternativas.<\/p>\n<p style=\"text-align: justify;\">En un reciente debate realizado en la Universidad del Desarrollo, con presencia de la directora ejecutiva de la Fundaci\u00f3n Paz Ciudadana, Catalina Mertz, los senadores Alberto Espina y Felipe Harboe entregaron distintas visiones de c\u00f3mo abordar esta problem\u00e1tica. Y en donde parece haber m\u00e1s coincidencia es en la necesidad de una mejor coordinaci\u00f3n entre fiscales del Ministerio P\u00fablico y las polic\u00edas. Sin embargo, Fundaci\u00f3n Paz Ciudadana tambi\u00e9n ha pedido poner especial cuidado con otros indicadores, como la amplia impunidad en torno al mercado de reventa de bienes robados y el hecho que el 85% de los delitos contra la propiedad no tengan imputado conocido y sean archivados.<\/p>\n<p style=\"text-align: justify;\">En este contexto, ayer se realiz\u00f3 una reuni\u00f3n denominada \u00abDise\u00f1o Operativo Antidelincuencia\u00bb, en que el ministro del Interior Joige Burgos, anunci\u00f3 un trabajo de coordinaci\u00f3n entre las diferentes instituciones que participan del proceso penal y medidas espec\u00edficas donde destacan implementar el paite digital en 53 comunas del pa\u00eds, capacitaci\u00f3n para funcionarios operativos y potenciar el trabajo de an\u00e1lisis criminal entre el Ministerio P\u00fablico y las polic\u00edas.<\/p>\n<p style=\"text-align: justify;\">Editorial <strong><a href=\"http:\/\/www.litoralpress.cl\/infocom\/preview\/Grande.aspx?image=..\/clipsimages\/2015\/07\/29\/0209B869.JPG\" target=\"_blank\">publicada 29\/07\/2015<\/a><\/strong><\/p>\n","protected":false},"excerpt":{"rendered":"<p>As\u00ed como Santiago, Chill\u00e1n ha visto en alza los delitos in\u00e1s complejos. La Fundaci\u00f3n Paz Ciudadana pide medidas preventivas. Donde parece haber m\u00e1s coincidencia es en la necesidad de una mejor coordinaci\u00f3n entre fiscales del Ministerio P\u00fablico y las polic\u00edas. Ayer, el gobierno dio un paso hacia este objetivo. Desde hace varios meses que el [&hellip;]<\/p>\n","protected":false},"author":22,"featured_media":893,"comment_status":"open","ping_status":"open","sticky":false,"template":"","format":"standard","meta":{"footnotes":""},"categories":[10162],"tags":[],"class_list":["post-1213","post","type-post","status-publish","format-standard","has-post-thumbnail","hentry","category-centro-en-la-prensa"],"featured_image_url":"https:\/\/gobierno.udd.cl\/cpp\/files\/2015\/05\/udd_cpp_prensa_340.png","_links":{"self":[{"href":"https:\/\/gobierno.udd.cl\/cpp\/wp-json\/wp\/v2\/posts\/1213","targetHints":{"allow":["GET"]}}],"collection":[{"href":"https:\/\/gobierno.udd.cl\/cpp\/wp-json\/wp\/v2\/posts"}],"about":[{"href":"https:\/\/gobierno.udd.cl\/cpp\/wp-json\/wp\/v2\/types\/post"}],"author":[{"embeddable":true,"href":"https:\/\/gobierno.udd.cl\/cpp\/wp-json\/wp\/v2\/users\/22"}],"replies":[{"embeddable":true,"href":"https:\/\/gobierno.udd.cl\/cpp\/wp-json\/wp\/v2\/comments?post=1213"}],"version-history":[{"count":2,"href":"https:\/\/gobierno.udd.cl\/cpp\/wp-json\/wp\/v2\/posts\/1213\/revisions"}],"predecessor-version":[{"id":1215,"href":"https:\/\/gobierno.udd.cl\/cpp\/wp-json\/wp\/v2\/posts\/1213\/revisions\/1215"}],"wp:featuredmedia":[{"embeddable":true,"href":"https:\/\/gobierno.udd.cl\/cpp\/wp-json\/wp\/v2\/media\/893"}],"wp:attachment":[{"href":"https:\/\/gobierno.udd.cl\/cpp\/wp-json\/wp\/v2\/media?parent=1213"}],"wp:term":[{"taxonomy":"category","embeddable":true,"href":"https:\/\/gobierno.udd.cl\/cpp\/wp-json\/wp\/v2\/categories?post=1213"},{"taxonomy":"post_tag","embeddable":true,"href":"https:\/\/gobierno.udd.cl\/cpp\/wp-json\/wp\/v2\/tags?post=1213"}],"curies":[{"name":"wp","href":"https:\/\/api.w.org\/{rel}","templated":true}]}}