{"id":1210,"date":"2015-08-03T16:49:52","date_gmt":"2015-08-03T19:49:52","guid":{"rendered":"http:\/\/gobierno.udd.cl\/cpp\/?p=1210"},"modified":"2015-08-03T16:49:52","modified_gmt":"2015-08-03T19:49:52","slug":"estudio-centro-de-politicas-publicas-baja-confianza-en-la-escuela-y-en-la-familia-y-poca-motivacion-rasgos-que-perfilan-el-maltrato-escolar","status":"publish","type":"post","link":"https:\/\/gobierno.udd.cl\/cpp\/noticias\/2015\/08\/03\/estudio-centro-de-politicas-publicas-baja-confianza-en-la-escuela-y-en-la-familia-y-poca-motivacion-rasgos-que-perfilan-el-maltrato-escolar\/","title":{"rendered":"Estudio Centro de Pol\u00edticas P\u00fablicas: baja confianza en la escuela y en la familia y poca motivaci\u00f3n, rasgos que perfilan el maltrato escolar"},"content":{"rendered":"<p style=\"text-align: justify;\">Mauricio Rojas, Mauricio Apablaza, Gilda Bilbao y Hugo Contreras fueron a diversos colegios de Santiago y Concepci\u00f3n para estudiar con 827 ni\u00f1os cu\u00e1les son las caracter\u00edsticas que explican los episodios de maltrato.<\/p>\n<p style=\"text-align: justify;\">As\u00ed, llegaron a perfilar a todos los involucrados en estos casos: desde el agresor hasta su c\u00f3mplice, los testigos que no act\u00faan la v\u00edctima y el compa\u00f1ero que interviene para defenderlo.<\/p>\n<p style=\"text-align: justify;\">\u00bfPueden tener rasgos en com\u00fan? La v\u00edctima y el agresor sorprendentemente, s\u00ed. Ambos muestran bajos niveles de confianza en sus familias, en la escuela, y adem\u00e1s relativa motivaci\u00f3n. Las diferencias entre ellos est\u00e1n en que en los que agreden hay 57% de autoestima, mientras que en agredidos, 52%. Pero adem\u00e1s quienes atacan tienen solo 44% de autocontrol; los atacados, 71% (<strong><a href=\"http:\/\/www.litoralpress.cl\/infocom\/preview\/Grande.aspx?image=..\/clipsimages\/2015\/08\/03\/020A7057.JPG\" target=\"_blank\">ver infograf\u00eda<\/a><\/strong>).<\/p>\n<p style=\"text-align: justify;\">Seguir leyendo nota, <strong><a href=\"http:\/\/www.litoralpress.cl\/infocom\/preview\/Grande.aspx?image=..\/clipsimages\/2015\/08\/03\/020A7065.JPG\" target=\"_blank\">aqu\u00ed<\/a><\/strong><\/p>\n<p style=\"text-align: justify;\">Nota publicada en<strong> <a href=\"http:\/\/www.litoralpress.cl\/design3\/lpi\/pdf3\/litoralpresspdf.aspx?ruta=clipsimages&amp;id=34238551,34238565&amp;idT=14582&amp;org=1&amp;ve=1\" target=\"_blank\">El Mercurio 03\/08\/2015<\/a><\/strong><\/p>\n","protected":false},"excerpt":{"rendered":"<p>En lo que va del a\u00f1o se han reportado m\u00e1s de 1.500 denuncias por maltrato a estudiantes dentro de la escuela, la principal denuncia que llega a diario a la Superintendencia de Educaci\u00f3n. Y pese a que en los \u00faltimos a\u00f1os este organismo y los colegios han activado planes y reglamentos internos para combatir el bullying, los casos han tenido solo una leve disminuci\u00f3n.<\/p>\n","protected":false},"author":22,"featured_media":893,"comment_status":"open","ping_status":"open","sticky":false,"template":"","format":"standard","meta":{"footnotes":""},"categories":[10162],"tags":[7398,8609,10874,10873],"class_list":["post-1210","post","type-post","status-publish","format-standard","has-post-thumbnail","hentry","category-centro-en-la-prensa","tag-confianza","tag-convivencia-escolar","tag-maltrato","tag-violencia"],"featured_image_url":"https:\/\/gobierno.udd.cl\/cpp\/files\/2015\/05\/udd_cpp_prensa_340.png","_links":{"self":[{"href":"https:\/\/gobierno.udd.cl\/cpp\/wp-json\/wp\/v2\/posts\/1210","targetHints":{"allow":["GET"]}}],"collection":[{"href":"https:\/\/gobierno.udd.cl\/cpp\/wp-json\/wp\/v2\/posts"}],"about":[{"href":"https:\/\/gobierno.udd.cl\/cpp\/wp-json\/wp\/v2\/types\/post"}],"author":[{"embeddable":true,"href":"https:\/\/gobierno.udd.cl\/cpp\/wp-json\/wp\/v2\/users\/22"}],"replies":[{"embeddable":true,"href":"https:\/\/gobierno.udd.cl\/cpp\/wp-json\/wp\/v2\/comments?post=1210"}],"version-history":[{"count":2,"href":"https:\/\/gobierno.udd.cl\/cpp\/wp-json\/wp\/v2\/posts\/1210\/revisions"}],"predecessor-version":[{"id":1212,"href":"https:\/\/gobierno.udd.cl\/cpp\/wp-json\/wp\/v2\/posts\/1210\/revisions\/1212"}],"wp:featuredmedia":[{"embeddable":true,"href":"https:\/\/gobierno.udd.cl\/cpp\/wp-json\/wp\/v2\/media\/893"}],"wp:attachment":[{"href":"https:\/\/gobierno.udd.cl\/cpp\/wp-json\/wp\/v2\/media?parent=1210"}],"wp:term":[{"taxonomy":"category","embeddable":true,"href":"https:\/\/gobierno.udd.cl\/cpp\/wp-json\/wp\/v2\/categories?post=1210"},{"taxonomy":"post_tag","embeddable":true,"href":"https:\/\/gobierno.udd.cl\/cpp\/wp-json\/wp\/v2\/tags?post=1210"}],"curies":[{"name":"wp","href":"https:\/\/api.w.org\/{rel}","templated":true}]}}