{"id":1160,"date":"2015-07-28T14:50:43","date_gmt":"2015-07-28T17:50:43","guid":{"rendered":"http:\/\/gobierno.udd.cl\/cpp\/?p=1160"},"modified":"2015-07-28T18:00:19","modified_gmt":"2015-07-28T21:00:19","slug":"director-magister-en-politicas-educativas-expone-sobre-convivencia-escolar-frente-docentes-de-concepcion","status":"publish","type":"post","link":"https:\/\/gobierno.udd.cl\/cpp\/noticias\/2015\/07\/28\/director-magister-en-politicas-educativas-expone-sobre-convivencia-escolar-frente-docentes-de-concepcion\/","title":{"rendered":"Director Mag\u00edster en Pol\u00edticas Educativas expone sobre convivencia escolar frente a docentes de Concepci\u00f3n"},"content":{"rendered":"<p style=\"text-align: justify;\"><a href=\"http:\/\/gobierno.udd.cl\/cpp\/files\/2015\/07\/Mauricio-clases.jpg\"><img loading=\"lazy\" decoding=\"async\" class=\"alignnone size-medium wp-image-1161\" alt=\"Mauricio clases\" src=\"http:\/\/gobierno.udd.cl\/cpp\/files\/2015\/07\/Mauricio-clases-300x196.jpg\" width=\"300\" height=\"196\" srcset=\"https:\/\/gobierno.udd.cl\/cpp\/files\/2015\/07\/Mauricio-clases-300x196.jpg 300w, https:\/\/gobierno.udd.cl\/cpp\/files\/2015\/07\/Mauricio-clases-1024x670.jpg 1024w, https:\/\/gobierno.udd.cl\/cpp\/files\/2015\/07\/Mauricio-clases-660x430.jpg 660w, https:\/\/gobierno.udd.cl\/cpp\/files\/2015\/07\/Mauricio-clases-960x628.jpg 960w, https:\/\/gobierno.udd.cl\/cpp\/files\/2015\/07\/Mauricio-clases.jpg 1039w\" sizes=\"auto, (max-width: 300px) 100vw, 300px\" \/><\/a><\/p>\n<p style=\"text-align: justify;\">En el marco del Mag\u00edster en Pol\u00edticas Educativas de la Facultad de Gobierno de la Universidad del Desarrollo, el lunes 27 de Julio Mauricio Bravo dio la charla \u00abConvivencia escolar, violencia y confianza en la escuela: la incidencia en los rendimientos\u00bb\u00a0al cuerpo de profesores de los colegios adventistas de Concepci\u00f3n.<\/p>\n<p style=\"text-align: justify;\">La tem\u00e1tica abord\u00f3, aristas tales como, incidencia escolar, intencionalidad, persistencia y abuso de poder. En este contexto, el expositor se\u00f1al\u00f3 que un alumno es victimizado cuando \u00e9l o ella se encuentran en estado de vulnerabilidad. En este sentido, dej\u00f3 expreso, que en muchas ocasiones el agresor, tambi\u00e9n puede ser un agresor victimizado, en donde, el que abusa tambi\u00e9n ha sido v\u00edctima anteriormente, es por esto, que se explicar\u00eda su conducta agresiva simult\u00e1neamente.<\/p>\n<p style=\"text-align: justify;\">Por lo mismo, \u00bfqu\u00e9 explicar\u00eda la agresi\u00f3n escolar? El director del Mag\u00edster habl\u00f3 de los factores determinantes, como \u00a0familia violenta, carencia de afecto, estilo parental autoritario, actitudes agresivas, problemas de comunicaci\u00f3n familiar, problemas psicol\u00f3gicos, carencia de apoyo, debilidad f\u00edsica, auto percepci\u00f3n negativa, apego inseguro madre-hijo, madres sobre protectoras, entre otro. Al respecto, se dej\u00f3 en evidencia que la familia es el factor clave de la violencia.<\/p>\n<p style=\"text-align: justify;\">Sin embargo, el expositor, se\u00f1al\u00f3 que uno de los principales problemas que presentan las escuelas, colegios y\/o liceos, es la carencia de normas de comportamiento, una imagen de orientaci\u00f3n autoritaria, en donde el alumno deposite confianza en sus autoridades. En este aspecto, se expres\u00f3 que la mediaci\u00f3n, es un factor externo de vital relevancia, as\u00ed tambi\u00e9n, la poca vigilancia en espacios muy abiertos y\/o amplios, generan de manera directa violencia, ya que se transforma en el escenario perfecto para la agresi\u00f3n.<\/p>\n<p style=\"text-align: justify;\">Para finalizar, el investigador plante\u00f3 la pregunta: \u00bfQu\u00e9 hacer? Una de las principales soluciones que \u00e9l sostiene es implementar programas de prevenci\u00f3n inclusivos, participativos y que est\u00e9n interconectados con la red comunitaria. Adem\u00e1s, destac\u00f3, la importancia de evaluar tanto el proceso como el resultado de los programas que se implementan en las comunidades educativas Es decir, si queremos obtener un ambiente con mayor empat\u00eda (alumno\/profesor) y , finalmente, generar un ambiente de mayor confianza al interior del aula, es importante\u00a0un ambiente disciplinario id\u00f3neo, que generen normas y medidas m\u00e1s justas.<\/p>\n<p style=\"text-align: justify;\">\n<p>&nbsp;<\/p>\n","protected":false},"excerpt":{"rendered":"<p>\u00abConvivencia escolar, violencia y confianza en la escuela: la incidencia en los rendimientos\u00bb fue la charla que dict\u00f3 Mauricio Bravo frente a docentes de los colegios adventistas de Concepci\u00f3n<\/p>\n","protected":false},"author":22,"featured_media":1161,"comment_status":"open","ping_status":"open","sticky":false,"template":"","format":"standard","meta":{"footnotes":""},"categories":[4],"tags":[8609,10601,7374],"class_list":["post-1160","post","type-post","status-publish","format-standard","has-post-thumbnail","hentry","category-noticias","tag-convivencia-escolar","tag-magister-politicas-educativas","tag-mauricio-bravo"],"featured_image_url":"https:\/\/gobierno.udd.cl\/cpp\/files\/2015\/07\/Mauricio-clases.jpg","_links":{"self":[{"href":"https:\/\/gobierno.udd.cl\/cpp\/wp-json\/wp\/v2\/posts\/1160","targetHints":{"allow":["GET"]}}],"collection":[{"href":"https:\/\/gobierno.udd.cl\/cpp\/wp-json\/wp\/v2\/posts"}],"about":[{"href":"https:\/\/gobierno.udd.cl\/cpp\/wp-json\/wp\/v2\/types\/post"}],"author":[{"embeddable":true,"href":"https:\/\/gobierno.udd.cl\/cpp\/wp-json\/wp\/v2\/users\/22"}],"replies":[{"embeddable":true,"href":"https:\/\/gobierno.udd.cl\/cpp\/wp-json\/wp\/v2\/comments?post=1160"}],"version-history":[{"count":9,"href":"https:\/\/gobierno.udd.cl\/cpp\/wp-json\/wp\/v2\/posts\/1160\/revisions"}],"predecessor-version":[{"id":1172,"href":"https:\/\/gobierno.udd.cl\/cpp\/wp-json\/wp\/v2\/posts\/1160\/revisions\/1172"}],"wp:featuredmedia":[{"embeddable":true,"href":"https:\/\/gobierno.udd.cl\/cpp\/wp-json\/wp\/v2\/media\/1161"}],"wp:attachment":[{"href":"https:\/\/gobierno.udd.cl\/cpp\/wp-json\/wp\/v2\/media?parent=1160"}],"wp:term":[{"taxonomy":"category","embeddable":true,"href":"https:\/\/gobierno.udd.cl\/cpp\/wp-json\/wp\/v2\/categories?post=1160"},{"taxonomy":"post_tag","embeddable":true,"href":"https:\/\/gobierno.udd.cl\/cpp\/wp-json\/wp\/v2\/tags?post=1160"}],"curies":[{"name":"wp","href":"https:\/\/api.w.org\/{rel}","templated":true}]}}