{"id":1153,"date":"2015-07-28T07:55:18","date_gmt":"2015-07-28T10:55:18","guid":{"rendered":"http:\/\/gobierno.udd.cl\/cpp\/?p=1153"},"modified":"2015-07-29T07:38:55","modified_gmt":"2015-07-29T10:38:55","slug":"de-que-se-trata-el-proyecto-de-politica-nacional-docente","status":"publish","type":"post","link":"https:\/\/gobierno.udd.cl\/cpp\/noticias\/2015\/07\/28\/de-que-se-trata-el-proyecto-de-politica-nacional-docente\/","title":{"rendered":"\u00bfDe qu\u00e9 se trata el proyecto de Pol\u00edtica Nacional Docente?"},"content":{"rendered":"<p><iframe loading=\"lazy\" src=\"https:\/\/www.youtube.com\/embed\/vZ7SHm52BWM\" height=\"390\" width=\"640\" allowfullscreen=\"\" frameborder=\"0\"><\/iframe><\/p>\n","protected":false},"excerpt":{"rendered":"<p>El director del Mag\u00edster en Pol\u00edticas Educativas, Mauricio Bravo, explica los puntos m\u00e1s importantes y cu\u00e1les podr\u00edan ser sus posibles mejoras<\/p>\n","protected":false},"author":22,"featured_media":963,"comment_status":"open","ping_status":"open","sticky":false,"template":"","format":"standard","meta":{"footnotes":""},"categories":[4],"tags":[],"class_list":["post-1153","post","type-post","status-publish","format-standard","has-post-thumbnail","hentry","category-noticias"],"featured_image_url":"https:\/\/gobierno.udd.cl\/cpp\/files\/2015\/06\/Mauricio-Bravo_destacada.jpg","_links":{"self":[{"href":"https:\/\/gobierno.udd.cl\/cpp\/wp-json\/wp\/v2\/posts\/1153","targetHints":{"allow":["GET"]}}],"collection":[{"href":"https:\/\/gobierno.udd.cl\/cpp\/wp-json\/wp\/v2\/posts"}],"about":[{"href":"https:\/\/gobierno.udd.cl\/cpp\/wp-json\/wp\/v2\/types\/post"}],"author":[{"embeddable":true,"href":"https:\/\/gobierno.udd.cl\/cpp\/wp-json\/wp\/v2\/users\/22"}],"replies":[{"embeddable":true,"href":"https:\/\/gobierno.udd.cl\/cpp\/wp-json\/wp\/v2\/comments?post=1153"}],"version-history":[{"count":10,"href":"https:\/\/gobierno.udd.cl\/cpp\/wp-json\/wp\/v2\/posts\/1153\/revisions"}],"predecessor-version":[{"id":1170,"href":"https:\/\/gobierno.udd.cl\/cpp\/wp-json\/wp\/v2\/posts\/1153\/revisions\/1170"}],"wp:featuredmedia":[{"embeddable":true,"href":"https:\/\/gobierno.udd.cl\/cpp\/wp-json\/wp\/v2\/media\/963"}],"wp:attachment":[{"href":"https:\/\/gobierno.udd.cl\/cpp\/wp-json\/wp\/v2\/media?parent=1153"}],"wp:term":[{"taxonomy":"category","embeddable":true,"href":"https:\/\/gobierno.udd.cl\/cpp\/wp-json\/wp\/v2\/categories?post=1153"},{"taxonomy":"post_tag","embeddable":true,"href":"https:\/\/gobierno.udd.cl\/cpp\/wp-json\/wp\/v2\/tags?post=1153"}],"curies":[{"name":"wp","href":"https:\/\/api.w.org\/{rel}","templated":true}]}}