{"id":1145,"date":"2015-07-27T12:26:24","date_gmt":"2015-07-27T15:26:24","guid":{"rendered":"http:\/\/gobierno.udd.cl\/cpp\/?p=1145"},"modified":"2015-07-27T12:35:23","modified_gmt":"2015-07-27T15:35:23","slug":"barras-bravas-por-jose-de-la-cruz-garrido","status":"publish","type":"post","link":"https:\/\/gobierno.udd.cl\/cpp\/noticias\/2015\/07\/27\/barras-bravas-por-jose-de-la-cruz-garrido\/","title":{"rendered":"Barras Bravas por Jos\u00e9 de la Cruz Garrido"},"content":{"rendered":"<p style=\"text-align: justify;\">Las exigencias t\u00e9cnicas que se les estar\u00edan imponiendo a los clubes peque\u00f1os para monitorear el comportamiento de sus barristas son inviables para los presupuestos que estos manejan. Asimismo, crear un registro nacional de hinchas no se condice con la idea de que el f\u00fatbol sea un espect\u00e1culo masivo y orientado a la familia. La experiencia comparada muestra que no tiene efectos en la disminuci\u00f3n de la violencia.<\/p>\n<p style=\"text-align: justify;\">La primera vez que se enfrent\u00f3 este problema en los a\u00f1os 80, el gobierno de Margaret Thatcher asumi\u00f3 la complejidad social de las barras bravas m\u00e1s all\u00e1 de lo que sucede dentro de los estadios.<\/p>\n<p style=\"text-align: justify;\">Para ello se us\u00f3 la inteligencia policial creando grupos de \u00e9lite, llevando a un proceso judicial efectivo a los l\u00edderes y miembros de estos movimientos. As\u00ed, se in fihr\u00f3 y persigui\u00f3 estas organizaciones como una forma de asociaci\u00f3n criminal, la que en Chile tienen su base e identidad social en determinados barrios.<\/p>\n<p style=\"text-align: justify;\">Lo que est\u00e1 pasando en el f\u00fatbol se suma a una serie de fen\u00f3menos de violencia social organizada que deben ser asumidos por la autoridad y los ciudadanos en su conjunto. En Chile ya se ha avanzado en contar con mejores estadios, pero las sanciones deben ser m\u00e1s severas, castigar penalmente los v\u00ednculos que tengan las barras con transportistas y empresarios, y entregar informaci\u00f3n contundente a los tribunales que permita prohibir la asistencia de por vida a estos barristas a eventos deportivos.<\/p>\n<p style=\"text-align: justify;\">En este contexto, un registro ser\u00eda una instancia para aquellos que no teniendo antecedentes penales soliciten a la autoridad el poder organizarse como barra y poder hacer compatible las barras pac\u00edficas con el espect\u00e1culo deportivo.<\/p>\n<p style=\"text-align: justify;\">Carta publicada en <strong><a href=\"http:\/\/www.litoralpress.cl\/infocom\/preview\/Grande.aspx?image=..\/clipsimages\/2015\/07\/24\/0208F57F.JPG\" target=\"_blank\">El Mercurio de Valparaiso 24\/07\/2015<\/a><\/strong><\/p>\n<p style=\"text-align: justify;\">\u00a0 \u00a0 \u00a0 \u00a0 \u00a0 \u00a0 \u00a0 \u00a0 \u00a0 \u00a0 \u00a0 \u00a0 \u00a0 \u00a0 \u00a0 \u00a0 \u00a0 \u00a0 \u00a0<strong><a href=\"http:\/\/www.litoralpress.cl\/infocom\/preview\/Grande.aspx?image=..\/clipsimages\/2015\/07\/24\/0208F79E.JPG\" target=\"_blank\">El L\u00edder de San Antonio<\/a><\/strong><\/p>\n<p style=\"text-align: justify;\"><strong>\u00a0 \u00a0 \u00a0 \u00a0 \u00a0 \u00a0 \u00a0 \u00a0 \u00a0 \u00a0 \u00a0 \u00a0 \u00a0 \u00a0 \u00a0 \u00a0 \u00a0 \u00a0 \u00a0<a href=\"http:\/\/www.litoralpress.cl\/infocom\/preview\/Grande.aspx?image=..\/clipsimages\/2015\/07\/25\/0209246F.JPG\" target=\"_blank\">La Estrella de Chilo\u00e9<\/a><\/strong><\/p>\n<p style=\"text-align: justify;\"><strong>\u00a0 \u00a0 \u00a0 \u00a0 \u00a0 \u00a0 \u00a0 \u00a0 \u00a0 \u00a0 \u00a0 \u00a0 \u00a0 \u00a0 \u00a0 \u00a0 \u00a0 \u00a0 \u00a0<a href=\"http:\/\/www.litoralpress.cl\/infocom\/preview\/Grande.aspx?image=..\/clipsimages\/2015\/07\/25\/02092010.JPG\" target=\"_blank\">Austral de Osorno<\/a><\/strong><\/p>\n","protected":false},"excerpt":{"rendered":"<p>Las exigencias t\u00e9cnicas que se les estar\u00edan imponiendo a los clubes peque\u00f1os para monitorear el comportamiento de sus barristas son inviables para los presupuestos que estos manejan. Asimismo, crear un registro nacional de hinchas no se condice con la idea de que el f\u00fatbol sea un espect\u00e1culo masivo y orientado a la familia. La experiencia [&hellip;]<\/p>\n","protected":false},"author":22,"featured_media":893,"comment_status":"open","ping_status":"open","sticky":false,"template":"","format":"standard","meta":{"footnotes":""},"categories":[10162],"tags":[10603,8108,10604],"class_list":["post-1145","post","type-post","status-publish","format-standard","has-post-thumbnail","hentry","category-centro-en-la-prensa","tag-barras-bravas","tag-jose-de-la-cruz-garrido","tag-violencia-en-los-estadios"],"featured_image_url":"https:\/\/gobierno.udd.cl\/cpp\/files\/2015\/05\/udd_cpp_prensa_340.png","_links":{"self":[{"href":"https:\/\/gobierno.udd.cl\/cpp\/wp-json\/wp\/v2\/posts\/1145","targetHints":{"allow":["GET"]}}],"collection":[{"href":"https:\/\/gobierno.udd.cl\/cpp\/wp-json\/wp\/v2\/posts"}],"about":[{"href":"https:\/\/gobierno.udd.cl\/cpp\/wp-json\/wp\/v2\/types\/post"}],"author":[{"embeddable":true,"href":"https:\/\/gobierno.udd.cl\/cpp\/wp-json\/wp\/v2\/users\/22"}],"replies":[{"embeddable":true,"href":"https:\/\/gobierno.udd.cl\/cpp\/wp-json\/wp\/v2\/comments?post=1145"}],"version-history":[{"count":3,"href":"https:\/\/gobierno.udd.cl\/cpp\/wp-json\/wp\/v2\/posts\/1145\/revisions"}],"predecessor-version":[{"id":1147,"href":"https:\/\/gobierno.udd.cl\/cpp\/wp-json\/wp\/v2\/posts\/1145\/revisions\/1147"}],"wp:featuredmedia":[{"embeddable":true,"href":"https:\/\/gobierno.udd.cl\/cpp\/wp-json\/wp\/v2\/media\/893"}],"wp:attachment":[{"href":"https:\/\/gobierno.udd.cl\/cpp\/wp-json\/wp\/v2\/media?parent=1145"}],"wp:term":[{"taxonomy":"category","embeddable":true,"href":"https:\/\/gobierno.udd.cl\/cpp\/wp-json\/wp\/v2\/categories?post=1145"},{"taxonomy":"post_tag","embeddable":true,"href":"https:\/\/gobierno.udd.cl\/cpp\/wp-json\/wp\/v2\/tags?post=1145"}],"curies":[{"name":"wp","href":"https:\/\/api.w.org\/{rel}","templated":true}]}}