{"id":1122,"date":"2015-07-20T15:32:08","date_gmt":"2015-07-20T18:32:08","guid":{"rendered":"http:\/\/gobierno.udd.cl\/cpp\/?p=1122"},"modified":"2015-07-20T15:47:18","modified_gmt":"2015-07-20T18:47:18","slug":"taller-del-magister-politicas-educativas-como-hacer-una-escuela-exitosa-dictado-por-david-jimenez","status":"publish","type":"post","link":"https:\/\/gobierno.udd.cl\/cpp\/noticias\/2015\/07\/20\/taller-del-magister-politicas-educativas-como-hacer-una-escuela-exitosa-dictado-por-david-jimenez\/","title":{"rendered":"Taller del Mag\u00edster Pol\u00edticas Educativas: \u00ab\u00bfC\u00f3mo hacer una escuela exitosa?\u00bb dictado por David Jim\u00e9nez"},"content":{"rendered":"<p style=\"text-align: justify;\">El Mag\u00edster en Pol\u00edticas Educativas de la Facultad de Gobierno de la Universidad del Desarrollo en colaboraci\u00f3n con la Municipalidad de Vitacura invitan al Taller \u00ab\u00bfC\u00f3mo hacer una escuela exitosa, c\u00f3mo seleccionar buenos profesores?\u00bb, dictado el\u00a0Director del <strong><a href=\"http:\/\/mcsmportal.net\/\" target=\"_blank\">Manhattan Center for Science and Mathematics High School<\/a><\/strong>, David Jim\u00e9nez.<\/p>\n<p style=\"text-align: justify;\"><strong>El taller es gratuito y se realizar\u00e1 el jueves 30 de julio desde las 15 a las 18:15 hrs en la Sala Vitacura del Centro C\u00edvico de la Ilustre Municipalidad de Vitacura, Av Bicentenario 3.800<\/strong><\/p>\n<p style=\"text-align: justify;\">Las confirmaciones al fono 22240 25 02 o a educacion@vitacura.cl<\/p>\n<p style=\"text-align: justify;\">David Jim\u00e9nez es Master of School Administration and Supervision, Baruch College de Nueva York y es adem\u00e1s\u00a0 Master in Mathematics Education, del The City College de Nueva York.<\/p>\n<p style=\"text-align: justify;\">Desde \u00a0el a\u00f1o \u00a02007, es el \u00a0Director del Manhattan Center for Science and Mathematics High School, ubicado en el populoso distrito de Harlem en la ciudad de Nueva York.<\/p>\n<p style=\"text-align: justify;\"><strong>Este colegio ha sido reconocido como uno de los mejores en Estados Unidos por diversos rankings, incluidos los del US News &amp; World Report, y del NY Post.<\/strong><\/p>\n<p style=\"text-align: justify;\">Jim\u00e9nez ha obtenido distintos premios y reconocimientos tales como: Cahn Fellow; reconocimiento por su trayectoria educacional, City College of NY (Dominican Studies Institute); reconocimiento a la Excelencia, 2014, Council of School Supervisors &amp; Administrators (Latino Caucus), entre otros.<\/p>\n<p style=\"text-align: justify;\"><strong>Resumen.<\/strong><\/p>\n<p style=\"text-align: justify;\">El fundamento de la educaci\u00f3n es ayudar a los estudiantes a desarrollar su intelecto y potenciar sus habilidades y capacidades. Hay tres elementos vitales para apoyar al crecimiento de los alumnos: el aprendizaje centrado en el estudiante; la instrucci\u00f3n guiada y el empoderamiento de los maestros a sentirse motor y parte de la instituci\u00f3n en la que se desempe\u00f1an.<\/p>\n<p style=\"text-align: justify;\">M\u00e1s all\u00e1 del sal\u00f3n de clases, lo que se necesita es un liderazgo objetivo de los miembros de la escuela y una colaboraci\u00f3n estrecha\u00a0 entre los padres y la comunidad de la escuela.<\/p>\n<p style=\"text-align: justify;\">El elemento primordial, y el que une a todos los actores es la confianza. Construir confianza entre el sistema y la escuela- administradores, profesores, estudiantes y familias- es el fundamento de una gran entidad.<\/p>\n","protected":false},"excerpt":{"rendered":"<p>David Jimenez es Master of School Administration and Supervision, Baruch College de Nueva York y es adem\u00e1s  Master in Mathematics Education, del The City College de Nueva York.<\/p>\n","protected":false},"author":22,"featured_media":1123,"comment_status":"open","ping_status":"open","sticky":false,"template":"","format":"standard","meta":{"footnotes":""},"categories":[4],"tags":[10231,10230,10179],"class_list":["post-1122","post","type-post","status-publish","format-standard","has-post-thumbnail","hentry","category-noticias","tag-david-jimenez","tag-educacion-efectiva","tag-magister-en-politicas-educativas"],"featured_image_url":"https:\/\/gobierno.udd.cl\/cpp\/files\/2015\/07\/SEMINARIO-VITACURA.jpg","_links":{"self":[{"href":"https:\/\/gobierno.udd.cl\/cpp\/wp-json\/wp\/v2\/posts\/1122","targetHints":{"allow":["GET"]}}],"collection":[{"href":"https:\/\/gobierno.udd.cl\/cpp\/wp-json\/wp\/v2\/posts"}],"about":[{"href":"https:\/\/gobierno.udd.cl\/cpp\/wp-json\/wp\/v2\/types\/post"}],"author":[{"embeddable":true,"href":"https:\/\/gobierno.udd.cl\/cpp\/wp-json\/wp\/v2\/users\/22"}],"replies":[{"embeddable":true,"href":"https:\/\/gobierno.udd.cl\/cpp\/wp-json\/wp\/v2\/comments?post=1122"}],"version-history":[{"count":5,"href":"https:\/\/gobierno.udd.cl\/cpp\/wp-json\/wp\/v2\/posts\/1122\/revisions"}],"predecessor-version":[{"id":1128,"href":"https:\/\/gobierno.udd.cl\/cpp\/wp-json\/wp\/v2\/posts\/1122\/revisions\/1128"}],"wp:featuredmedia":[{"embeddable":true,"href":"https:\/\/gobierno.udd.cl\/cpp\/wp-json\/wp\/v2\/media\/1123"}],"wp:attachment":[{"href":"https:\/\/gobierno.udd.cl\/cpp\/wp-json\/wp\/v2\/media?parent=1122"}],"wp:term":[{"taxonomy":"category","embeddable":true,"href":"https:\/\/gobierno.udd.cl\/cpp\/wp-json\/wp\/v2\/categories?post=1122"},{"taxonomy":"post_tag","embeddable":true,"href":"https:\/\/gobierno.udd.cl\/cpp\/wp-json\/wp\/v2\/tags?post=1122"}],"curies":[{"name":"wp","href":"https:\/\/api.w.org\/{rel}","templated":true}]}}