{"id":1118,"date":"2015-07-20T14:58:59","date_gmt":"2015-07-20T17:58:59","guid":{"rendered":"http:\/\/gobierno.udd.cl\/cpp\/?p=1118"},"modified":"2015-07-20T14:58:59","modified_gmt":"2015-07-20T17:58:59","slug":"expertos-critican-extension-de-contratos-dos-operadores-del-transantiago-sin-licitacion","status":"publish","type":"post","link":"https:\/\/gobierno.udd.cl\/cpp\/noticias\/2015\/07\/20\/expertos-critican-extension-de-contratos-dos-operadores-del-transantiago-sin-licitacion\/","title":{"rendered":"Expertos critican extensi\u00f3n de contratos a dos operadores del Transantiago sin licitaci\u00f3n"},"content":{"rendered":"<p style=\"text-align: justify;\">El investigador de Libertad y Desarrollo y acad\u00e9mico del Centro de Pol\u00edticas P\u00fablicas de la UDD, Rodrigo Troncoso, sostuvo que \u00abla extensi\u00f3n no sorprende a nadie; lo que s\u00ed es bueno que se transparente es el hecho de que no se hab\u00eda relicitado como se ten\u00eda previsto. Ahora, pensando en 2018, el dise\u00f1o de este tipo de licitaciones puede durar a\u00f1os para que est\u00e9 bien hecha. Estamos (con los plazos) encima y creo que desde ya deber\u00eda haber bastantes luces respecto a qu\u00e9 esperar para 2018; c\u00f3mo se va a garantizar que sea competitiva, que es un tema no menor\u00bb.<\/p>\n<p style=\"text-align: justify;\">Ver nota completa publicada <strong><a href=\"http:\/\/www.litoralpress.cl\/infocom\/preview\/Grande.aspx?image=..\/clipsimages\/2015\/07\/18\/0207F5FF.JPG\" target=\"_blank\">El Mercurio 18\/07\/2015<\/a><\/strong><\/p>\n","protected":false},"excerpt":{"rendered":"<p>El investigador de Libertad y Desarrollo y acad\u00e9mico del Centro de Pol\u00edticas P\u00fablicas de la UDD, Rodrigo Troncoso, sostuvo que \u00abla extensi\u00f3n no sorprende a nadie; lo que s\u00ed es bueno que se transparente es el hecho de que no se hab\u00eda relicitado como se ten\u00eda previsto. Ahora, pensando en 2018, el dise\u00f1o de este [&hellip;]<\/p>\n","protected":false},"author":22,"featured_media":893,"comment_status":"open","ping_status":"open","sticky":false,"template":"","format":"standard","meta":{"footnotes":""},"categories":[10162],"tags":[10229,7378,7386],"class_list":["post-1118","post","type-post","status-publish","format-standard","has-post-thumbnail","hentry","category-centro-en-la-prensa","tag-licitacion","tag-rodrigo-troncoso","tag-transantiago"],"featured_image_url":"https:\/\/gobierno.udd.cl\/cpp\/files\/2015\/05\/udd_cpp_prensa_340.png","_links":{"self":[{"href":"https:\/\/gobierno.udd.cl\/cpp\/wp-json\/wp\/v2\/posts\/1118","targetHints":{"allow":["GET"]}}],"collection":[{"href":"https:\/\/gobierno.udd.cl\/cpp\/wp-json\/wp\/v2\/posts"}],"about":[{"href":"https:\/\/gobierno.udd.cl\/cpp\/wp-json\/wp\/v2\/types\/post"}],"author":[{"embeddable":true,"href":"https:\/\/gobierno.udd.cl\/cpp\/wp-json\/wp\/v2\/users\/22"}],"replies":[{"embeddable":true,"href":"https:\/\/gobierno.udd.cl\/cpp\/wp-json\/wp\/v2\/comments?post=1118"}],"version-history":[{"count":1,"href":"https:\/\/gobierno.udd.cl\/cpp\/wp-json\/wp\/v2\/posts\/1118\/revisions"}],"predecessor-version":[{"id":1119,"href":"https:\/\/gobierno.udd.cl\/cpp\/wp-json\/wp\/v2\/posts\/1118\/revisions\/1119"}],"wp:featuredmedia":[{"embeddable":true,"href":"https:\/\/gobierno.udd.cl\/cpp\/wp-json\/wp\/v2\/media\/893"}],"wp:attachment":[{"href":"https:\/\/gobierno.udd.cl\/cpp\/wp-json\/wp\/v2\/media?parent=1118"}],"wp:term":[{"taxonomy":"category","embeddable":true,"href":"https:\/\/gobierno.udd.cl\/cpp\/wp-json\/wp\/v2\/categories?post=1118"},{"taxonomy":"post_tag","embeddable":true,"href":"https:\/\/gobierno.udd.cl\/cpp\/wp-json\/wp\/v2\/tags?post=1118"}],"curies":[{"name":"wp","href":"https:\/\/api.w.org\/{rel}","templated":true}]}}