{"id":1105,"date":"2015-07-13T16:04:55","date_gmt":"2015-07-13T19:04:55","guid":{"rendered":"http:\/\/gobierno.udd.cl\/cpp\/?p=1105"},"modified":"2015-07-13T16:04:55","modified_gmt":"2015-07-13T19:04:55","slug":"entrevista-cristian-larroulet-en-la-segunda","status":"publish","type":"post","link":"https:\/\/gobierno.udd.cl\/cpp\/noticias\/2015\/07\/13\/entrevista-cristian-larroulet-en-la-segunda\/","title":{"rendered":"Entrevista a Cristi\u00e1n Larroulet en La Segunda"},"content":{"rendered":"<p style=\"text-align: justify;\">El ex ministro asegura que el ex Presidente Pi\u00f1era est\u00e1 muy activo en el debate de pol\u00edticas p\u00fablicas.<\/p>\n<p style=\"text-align: justify;\">Ya veremos qui\u00e9n va a ser el mejor candidato. No hay que apurarse\u00bb.<\/p>\n<p style=\"text-align: justify;\">Sobre su escritorio de acad\u00e9mico de la UDD, hay decenas de libros y un impreso donde contabiliza al menos, 12 centros de pensamiento ligados a la derecha creados en el \u00faltimo tiempo, entre ellos, Avanza Chile Ciudadano Austral, Fundaci\u00f3n Cientochenta, Fundaci\u00f3n para el Progreso, Instituto Res P\u00fablica y Chile Intercultural; varios movimientos sociales, centros de alumnos y agrupaciones pro vida. Tambi\u00e9n seis libros que se escribieron sobre el sector. \u00abEn los pr\u00f3ximos seis meses, a lo menos otros cuatro libros de pensamiento de la centroderecha van a estar en el mercado\u00bb, afirma Cristi\u00e1n Larroulet.<\/p>\n<p style=\"text-align: justify;\">Leer entrevista completa,<strong> <a href=\"http:\/\/www.litoralpress.cl\/design3\/lpi\/pdf3\/litoralpresspdf.aspx?ruta=clipsimages&amp;id=34003499,34003500,34003510&amp;idT=14582&amp;org=1&amp;ve=1\" target=\"_blank\">aqu\u00ed<\/a><\/strong><\/p>\n","protected":false},"excerpt":{"rendered":"<p>\u00abVeo en la derecha una efervescencia en el plano de las ideas\u00bb<\/p>\n","protected":false},"author":22,"featured_media":893,"comment_status":"open","ping_status":"open","sticky":false,"template":"","format":"standard","meta":{"footnotes":""},"categories":[10162],"tags":[10224,8139,10223],"class_list":["post-1105","post","type-post","status-publish","format-standard","has-post-thumbnail","hentry","category-centro-en-la-prensa","tag-centros-de-pensamiento","tag-cristian-larroulet","tag-derecha"],"featured_image_url":"https:\/\/gobierno.udd.cl\/cpp\/files\/2015\/05\/udd_cpp_prensa_340.png","_links":{"self":[{"href":"https:\/\/gobierno.udd.cl\/cpp\/wp-json\/wp\/v2\/posts\/1105","targetHints":{"allow":["GET"]}}],"collection":[{"href":"https:\/\/gobierno.udd.cl\/cpp\/wp-json\/wp\/v2\/posts"}],"about":[{"href":"https:\/\/gobierno.udd.cl\/cpp\/wp-json\/wp\/v2\/types\/post"}],"author":[{"embeddable":true,"href":"https:\/\/gobierno.udd.cl\/cpp\/wp-json\/wp\/v2\/users\/22"}],"replies":[{"embeddable":true,"href":"https:\/\/gobierno.udd.cl\/cpp\/wp-json\/wp\/v2\/comments?post=1105"}],"version-history":[{"count":1,"href":"https:\/\/gobierno.udd.cl\/cpp\/wp-json\/wp\/v2\/posts\/1105\/revisions"}],"predecessor-version":[{"id":1106,"href":"https:\/\/gobierno.udd.cl\/cpp\/wp-json\/wp\/v2\/posts\/1105\/revisions\/1106"}],"wp:featuredmedia":[{"embeddable":true,"href":"https:\/\/gobierno.udd.cl\/cpp\/wp-json\/wp\/v2\/media\/893"}],"wp:attachment":[{"href":"https:\/\/gobierno.udd.cl\/cpp\/wp-json\/wp\/v2\/media?parent=1105"}],"wp:term":[{"taxonomy":"category","embeddable":true,"href":"https:\/\/gobierno.udd.cl\/cpp\/wp-json\/wp\/v2\/categories?post=1105"},{"taxonomy":"post_tag","embeddable":true,"href":"https:\/\/gobierno.udd.cl\/cpp\/wp-json\/wp\/v2\/tags?post=1105"}],"curies":[{"name":"wp","href":"https:\/\/api.w.org\/{rel}","templated":true}]}}