{"id":1099,"date":"2015-07-09T10:21:43","date_gmt":"2015-07-09T13:21:43","guid":{"rendered":"http:\/\/gobierno.udd.cl\/cpp\/?p=1099"},"modified":"2015-07-09T10:21:59","modified_gmt":"2015-07-09T13:21:59","slug":"eugenio-guzman-y-el-voto-voluntario-en-radio-duna","status":"publish","type":"post","link":"https:\/\/gobierno.udd.cl\/cpp\/noticias\/2015\/07\/09\/eugenio-guzman-y-el-voto-voluntario-en-radio-duna\/","title":{"rendered":"Eugenio Guzm\u00e1n y el voto voluntario en Radio Duna"},"content":{"rendered":"<p style=\"text-align: justify;\">H\u00e9ctor Soto, Mat\u00edas del R\u00edo y el decano de la facultad de Gobierno de la UDD Eugenio Guzm\u00e1n analizaron los pros y contras del voto voluntario en el programa <em>Terapia Chilensis.<\/em><\/p>\n<p style=\"text-align: justify;\">Para revisar el programa completo, <strong><a href=\"http:\/\/www.duna.cl\/programas\/terapia-chilensis\/2015\/07\/07\/eugenio-guzman-5\/?s=t\" target=\"_blank\">aqu\u00ed<\/a><\/strong><\/p>\n<p style=\"text-align: justify;\">\n<p>&nbsp;<\/p>\n","protected":false},"excerpt":{"rendered":"<p>Eugenio Guzm\u00e1n: \u201cSi no tenemos una ley de financiamiento clara los partidos van a seguir en una situaci\u00f3n cr\u00edtica\u201d.<\/p>\n","protected":false},"author":22,"featured_media":893,"comment_status":"open","ping_status":"open","sticky":false,"template":"","format":"standard","meta":{"footnotes":""},"categories":[10162],"tags":[7380,10219,10220],"class_list":["post-1099","post","type-post","status-publish","format-standard","has-post-thumbnail","hentry","category-centro-en-la-prensa","tag-eugenio-guzman","tag-radio-duna","tag-voto-voluntario"],"featured_image_url":"https:\/\/gobierno.udd.cl\/cpp\/files\/2015\/05\/udd_cpp_prensa_340.png","_links":{"self":[{"href":"https:\/\/gobierno.udd.cl\/cpp\/wp-json\/wp\/v2\/posts\/1099","targetHints":{"allow":["GET"]}}],"collection":[{"href":"https:\/\/gobierno.udd.cl\/cpp\/wp-json\/wp\/v2\/posts"}],"about":[{"href":"https:\/\/gobierno.udd.cl\/cpp\/wp-json\/wp\/v2\/types\/post"}],"author":[{"embeddable":true,"href":"https:\/\/gobierno.udd.cl\/cpp\/wp-json\/wp\/v2\/users\/22"}],"replies":[{"embeddable":true,"href":"https:\/\/gobierno.udd.cl\/cpp\/wp-json\/wp\/v2\/comments?post=1099"}],"version-history":[{"count":2,"href":"https:\/\/gobierno.udd.cl\/cpp\/wp-json\/wp\/v2\/posts\/1099\/revisions"}],"predecessor-version":[{"id":1101,"href":"https:\/\/gobierno.udd.cl\/cpp\/wp-json\/wp\/v2\/posts\/1099\/revisions\/1101"}],"wp:featuredmedia":[{"embeddable":true,"href":"https:\/\/gobierno.udd.cl\/cpp\/wp-json\/wp\/v2\/media\/893"}],"wp:attachment":[{"href":"https:\/\/gobierno.udd.cl\/cpp\/wp-json\/wp\/v2\/media?parent=1099"}],"wp:term":[{"taxonomy":"category","embeddable":true,"href":"https:\/\/gobierno.udd.cl\/cpp\/wp-json\/wp\/v2\/categories?post=1099"},{"taxonomy":"post_tag","embeddable":true,"href":"https:\/\/gobierno.udd.cl\/cpp\/wp-json\/wp\/v2\/tags?post=1099"}],"curies":[{"name":"wp","href":"https:\/\/api.w.org\/{rel}","templated":true}]}}