{"id":1092,"date":"2015-07-07T08:16:31","date_gmt":"2015-07-07T11:16:31","guid":{"rendered":"http:\/\/gobierno.udd.cl\/cpp\/?p=1092"},"modified":"2015-07-07T08:16:31","modified_gmt":"2015-07-07T11:16:31","slug":"alberto-espina-en-el-centro-de-politicas-publicas-concepcion","status":"publish","type":"post","link":"https:\/\/gobierno.udd.cl\/cpp\/noticias\/2015\/07\/07\/alberto-espina-en-el-centro-de-politicas-publicas-concepcion\/","title":{"rendered":"Alberto Espina en el Centro de Pol\u00edticas P\u00fablicas Concepci\u00f3n"},"content":{"rendered":"<p style=\"text-align: justify;\">Alberto Espina analiz\u00f3 el efecto de las formalizaciones y los procesos de regionalizaci\u00f3n. Seg\u00fan el sdenador, al gobierno de Pi\u00f1era le falt\u00f3 inteligencia emocional, en el sentido de que sus excelentes iniciativas se socializaran a la ciudadan\u00eda. Y adem\u00e1s no cont\u00f3 con la lealtad y adhesi\u00f3n necesaria de los partidos de la coalici\u00f3n\u00bb. El legislador pide que se priorice el proyecto sobre financiamiento de los partidos, considerando que vienen las elecciones municipales.<\/p>\n<p style=\"text-align: justify;\">Lea la entrevista publicada en <strong><a href=\"http:\/\/www.litoralpress.cl\/design3\/lpi\/mostrarjpg.asp?id=33870919,33870931,33870942,33870947&amp;idT=14582&amp;ve=1\" target=\"_blank\">El Sur de Concepci\u00f3n el 28\/06\/2015<\/a><\/strong><\/p>\n","protected":false},"excerpt":{"rendered":"<p>Tambi\u00e9n abord\u00f3 las formalizaciones a pol\u00edticos por los supuestos il\u00edcitos tributarios en el financiamiento de campa\u00f1as pol\u00edticas, de sus aspiraciones presidenciales, de c\u00f3mo lo ha hecho el gobierno de Michelle Bachelet en estos 15 meses de ejercicio y, por supuesto, de regionalizaci\u00f3n.<\/p>\n","protected":false},"author":22,"featured_media":893,"comment_status":"open","ping_status":"open","sticky":false,"template":"","format":"standard","meta":{"footnotes":""},"categories":[10162],"tags":[],"class_list":["post-1092","post","type-post","status-publish","format-standard","has-post-thumbnail","hentry","category-centro-en-la-prensa"],"featured_image_url":"https:\/\/gobierno.udd.cl\/cpp\/files\/2015\/05\/udd_cpp_prensa_340.png","_links":{"self":[{"href":"https:\/\/gobierno.udd.cl\/cpp\/wp-json\/wp\/v2\/posts\/1092","targetHints":{"allow":["GET"]}}],"collection":[{"href":"https:\/\/gobierno.udd.cl\/cpp\/wp-json\/wp\/v2\/posts"}],"about":[{"href":"https:\/\/gobierno.udd.cl\/cpp\/wp-json\/wp\/v2\/types\/post"}],"author":[{"embeddable":true,"href":"https:\/\/gobierno.udd.cl\/cpp\/wp-json\/wp\/v2\/users\/22"}],"replies":[{"embeddable":true,"href":"https:\/\/gobierno.udd.cl\/cpp\/wp-json\/wp\/v2\/comments?post=1092"}],"version-history":[{"count":1,"href":"https:\/\/gobierno.udd.cl\/cpp\/wp-json\/wp\/v2\/posts\/1092\/revisions"}],"predecessor-version":[{"id":1093,"href":"https:\/\/gobierno.udd.cl\/cpp\/wp-json\/wp\/v2\/posts\/1092\/revisions\/1093"}],"wp:featuredmedia":[{"embeddable":true,"href":"https:\/\/gobierno.udd.cl\/cpp\/wp-json\/wp\/v2\/media\/893"}],"wp:attachment":[{"href":"https:\/\/gobierno.udd.cl\/cpp\/wp-json\/wp\/v2\/media?parent=1092"}],"wp:term":[{"taxonomy":"category","embeddable":true,"href":"https:\/\/gobierno.udd.cl\/cpp\/wp-json\/wp\/v2\/categories?post=1092"},{"taxonomy":"post_tag","embeddable":true,"href":"https:\/\/gobierno.udd.cl\/cpp\/wp-json\/wp\/v2\/tags?post=1092"}],"curies":[{"name":"wp","href":"https:\/\/api.w.org\/{rel}","templated":true}]}}