{"id":1089,"date":"2015-07-07T08:05:24","date_gmt":"2015-07-07T11:05:24","guid":{"rendered":"http:\/\/gobierno.udd.cl\/cpp\/?p=1089"},"modified":"2015-07-07T08:05:24","modified_gmt":"2015-07-07T11:05:24","slug":"educacion-privada-por-jose-de-la-cruz-garrido","status":"publish","type":"post","link":"https:\/\/gobierno.udd.cl\/cpp\/noticias\/2015\/07\/07\/educacion-privada-por-jose-de-la-cruz-garrido\/","title":{"rendered":"Educaci\u00f3n privada por Jos\u00e9 de la Cruz Garrido"},"content":{"rendered":"<p style=\"text-align: justify;\">Tuvimos la suerte de compartir con el prestigioso acad\u00e9mico James Tooley su refrescante mirada respecto al rol de los privados en la provisi\u00f3n de educaci\u00f3n. En un contexto en el cual en Chile la idea de un modelo centralizado, donde la gu\u00eda sea la igualdad sin matices y donde lo p\u00fablico se confunde con el aparato de Estado, el profesor Tooley nos habl\u00f3 de su notable investigaci\u00f3n en pa\u00edses como India Ghana o Nigeria. S\u00f3lo con mencionar el caso de Nigeria, ah\u00ed el 43% de la educaci\u00f3n la entregan escuelas privadas no registradas por el gobierno, y sin apoyo alguno; o el ejemplo de escuelas privadas en India, con matr\u00edculas de un par de d\u00f3lares, y que los padres prefieren al sistema p\u00fablico, son algunos de los innumerables ejemplos de la capacidad que han tenido los privados de proveer educaci\u00f3n entre los m\u00e1s pobres de los pobres.<\/p>\n<p style=\"text-align: justify;\">En este contexto, c\u00f3mo no recordar el extraordinario cap\u00edtulo del libro V de la <em>Riqueza de las Naciones<\/em> de Adam Smith, donde el fil\u00f3sofo escoc\u00e9s retrata los albores de la educaci\u00f3n occidental en Grecia y Roma, resultado de la iniciativa privada; o sus cr\u00edticas al sistema p\u00fablico ingl\u00e9s, entonces monopolio de la iglesia, frente al de provisi\u00f3n mixta escoc\u00e9s, que llev\u00f3 a este \u00faltimo a innovar sus <em>curriculum<\/em> y desplazar a sus pares ingleses.<\/p>\n<p style=\"text-align: justify;\">En un mundo donde las mejores escuelas y universidades del mundo son privadas, sino p\u00fablicas pero con altos est\u00e1ndares de selecci\u00f3n y jerarquizaci\u00f3n (vea Alemania), la caricatura que se ha hecho en Chile de la iniciativa privada nos llevar\u00e1 a una administraci\u00f3n de escuelas alejada de la realidad diaria que se vive en el aula.<\/p>\n<p style=\"text-align: justify;\">Contra lo que uno esperar\u00eda del ideario socialista, se fortalecer\u00e1n las \u00e9lites que acceder\u00e1n a mejor educaci\u00f3n; y quienes se vean subsidiados destinar\u00e1n esos mismos recursos al pago de profesores privados, condenando a los m\u00e1s vulnerables a la peor educaci\u00f3n.<\/p>\n<p style=\"text-align: justify;\">Carta publicada en <strong><a href=\"http:\/\/www.litoralpress.cl\/infocom\/preview\/Grande.aspx?image=..\/clipsimages\/2015\/07\/05\/0205ECAD.JPG\" target=\"_blank\">El Mercurio de Calama o5\/o7\/2015<\/a><\/strong><\/p>\n","protected":false},"excerpt":{"rendered":"<p>En este contexto, c\u00f3mo no recordar el extraordinario cap\u00edtulo del libro V de la Riqueza de las Naciones de Adam Smith, donde el fil\u00f3sofo escoc\u00e9s retrata los albores de la educaci\u00f3n occidental en Grecia y Roma, resultado de la iniciativa privada; o sus cr\u00edticas al sistema p\u00fablico ingl\u00e9s, entonces monopolio de la iglesia, frente al de provisi\u00f3n mixta escoc\u00e9s, que llev\u00f3 a este \u00faltimo a innovar sus curr\u00edculum y desplazar a sus pares ingleses.<\/p>\n","protected":false},"author":22,"featured_media":464,"comment_status":"open","ping_status":"open","sticky":false,"template":"","format":"standard","meta":{"footnotes":""},"categories":[5095],"tags":[7383,10214,10215],"class_list":["post-1089","post","type-post","status-publish","format-standard","has-post-thumbnail","hentry","category-columnas-de-opinion","tag-adam-smith","tag-educacion-privada","tag-james-tooley"],"featured_image_url":"https:\/\/gobierno.udd.cl\/cpp\/files\/2014\/12\/garrido.jpg","_links":{"self":[{"href":"https:\/\/gobierno.udd.cl\/cpp\/wp-json\/wp\/v2\/posts\/1089","targetHints":{"allow":["GET"]}}],"collection":[{"href":"https:\/\/gobierno.udd.cl\/cpp\/wp-json\/wp\/v2\/posts"}],"about":[{"href":"https:\/\/gobierno.udd.cl\/cpp\/wp-json\/wp\/v2\/types\/post"}],"author":[{"embeddable":true,"href":"https:\/\/gobierno.udd.cl\/cpp\/wp-json\/wp\/v2\/users\/22"}],"replies":[{"embeddable":true,"href":"https:\/\/gobierno.udd.cl\/cpp\/wp-json\/wp\/v2\/comments?post=1089"}],"version-history":[{"count":1,"href":"https:\/\/gobierno.udd.cl\/cpp\/wp-json\/wp\/v2\/posts\/1089\/revisions"}],"predecessor-version":[{"id":1090,"href":"https:\/\/gobierno.udd.cl\/cpp\/wp-json\/wp\/v2\/posts\/1089\/revisions\/1090"}],"wp:featuredmedia":[{"embeddable":true,"href":"https:\/\/gobierno.udd.cl\/cpp\/wp-json\/wp\/v2\/media\/464"}],"wp:attachment":[{"href":"https:\/\/gobierno.udd.cl\/cpp\/wp-json\/wp\/v2\/media?parent=1089"}],"wp:term":[{"taxonomy":"category","embeddable":true,"href":"https:\/\/gobierno.udd.cl\/cpp\/wp-json\/wp\/v2\/categories?post=1089"},{"taxonomy":"post_tag","embeddable":true,"href":"https:\/\/gobierno.udd.cl\/cpp\/wp-json\/wp\/v2\/tags?post=1089"}],"curies":[{"name":"wp","href":"https:\/\/api.w.org\/{rel}","templated":true}]}}