{"id":1087,"date":"2015-07-07T07:59:22","date_gmt":"2015-07-07T10:59:22","guid":{"rendered":"http:\/\/gobierno.udd.cl\/cpp\/?p=1087"},"modified":"2015-07-07T07:59:22","modified_gmt":"2015-07-07T10:59:22","slug":"voto-obligatorio-por-miguel-angel-fernandez","status":"publish","type":"post","link":"https:\/\/gobierno.udd.cl\/cpp\/noticias\/2015\/07\/07\/voto-obligatorio-por-miguel-angel-fernandez\/","title":{"rendered":"Voto obligatorio por Miguel \u00c1ngel Fern\u00e1ndez"},"content":{"rendered":"<p style=\"text-align: justify;\">Desde el momento en que se aprob\u00f3 la ley de inscripci\u00f3n autom\u00e1tica y voto voluntario existieron detractores que creyeron que se deb\u00eda mantener la obligatoriedad de los inscritos a presentarse a las urnas. De vez en cuando se vuelven a alzar voces que observan en los porcentajes de participaci\u00f3n un peligro para la democracia y sus instituciones, incluso argumentando que existe una \u00abcrisis de representaci\u00f3n\u00bb.<\/p>\n<p style=\"text-align: justify;\">Estas aseveraciones requieren profundas reflexiones, dentro de las cuales es bueno exponer al menos tres puntos.<\/p>\n<p style=\"text-align: justify;\">No es sano que el Estado utilice su capacidad de coerci\u00f3n para obligar a concurrir a las urnas; m\u00e1s bien debe velar porque las condiciones de las elecciones sean las apropiadas (elecciones inclusivas, sencillas, etc.), pero bajo ning\u00fan punto ejercer su poder para forzar a un ciudadano libre a emitir su opini\u00f3n pol\u00edtica en forma de voto.<\/p>\n<p style=\"text-align: justify;\">El antiguo sistema produc\u00eda un incentivo poco democr\u00e1tico hacia los partidos, que ve\u00edan cooptado el \u00abmercado\u00bb de electores disminuyendo su incertidumbre frente a los resultados y evitando esfuerzos especiales para atraer adherentes.<\/p>\n<p style=\"text-align: justify;\">Con el sistema de voto voluntario los partidos no s\u00f3lo deben convencer a los votantes de que sus ideas son mejores que las del contendor, sino que tambi\u00e9n deben promover la participaci\u00f3n.<\/p>\n<p style=\"text-align: justify;\">Finalmente, se busc\u00f3 con ah\u00ednco \u00abrenovar\u00bb el padr\u00f3n electoral.<\/p>\n<p style=\"text-align: justify;\">Desde 1988 las personas que votaban fueron pr\u00e1cticamente las mismas, envejeciendo el padr\u00f3n y evitando que nuevas generaciones se incorporaran al proceso electoral con menos barreras.<\/p>\n<p style=\"text-align: justify;\">Investigaciones recientes han demostrado que en la elecci\u00f3n de 2013 votaron m\u00e1s j\u00f3venes que en cualquier elecci\u00f3n de la \u00faltima d\u00e9cada, d\u00e1ndole aires nuevos a nuestro sistema.<\/p>\n<p style=\"text-align: justify;\">Estos argumentos, entre otros sustentan la decisi\u00f3n de mantener el voto voluntario, buscando no s\u00f3lo un fin normativo (libertad de decisi\u00f3n del ciudadano), sino tambi\u00e9n generar incentivos prodemocr\u00e1ticos hacia los agentes pol\u00edticos de nuestra sociedad.<\/p>\n<p style=\"text-align: justify;\">Carta publicada en<strong>\u00a0<a href=\"http:\/\/www.litoralpress.cl\/infocom\/preview\/Grande.aspx?image=..\/clipsimages\/2015\/07\/05\/0205E065.JPG\" target=\"_blank\">La Tercera el 05\/07\/2015<\/a><\/strong><\/p>\n","protected":false},"excerpt":{"rendered":"<p>No es sano que el Estado utilice su capacidad de coerci\u00f3n para obligar a concurrir a las urnas; m\u00e1s bien debe velar porque las condiciones de las elecciones sean las apropiadas (elecciones inclusivas, sencillas, etc.), pero bajo ning\u00fan punto ejercer su poder para forzar a un ciudadano libre a emitir su opini\u00f3n pol\u00edtica en forma de voto.<\/p>\n","protected":false},"author":22,"featured_media":507,"comment_status":"open","ping_status":"open","sticky":false,"template":"","format":"standard","meta":{"footnotes":""},"categories":[5095],"tags":[],"class_list":["post-1087","post","type-post","status-publish","format-standard","has-post-thumbnail","hentry","category-columnas-de-opinion"],"featured_image_url":"https:\/\/gobierno.udd.cl\/cpp\/files\/2014\/09\/MFernandez_destcada.jpg","_links":{"self":[{"href":"https:\/\/gobierno.udd.cl\/cpp\/wp-json\/wp\/v2\/posts\/1087","targetHints":{"allow":["GET"]}}],"collection":[{"href":"https:\/\/gobierno.udd.cl\/cpp\/wp-json\/wp\/v2\/posts"}],"about":[{"href":"https:\/\/gobierno.udd.cl\/cpp\/wp-json\/wp\/v2\/types\/post"}],"author":[{"embeddable":true,"href":"https:\/\/gobierno.udd.cl\/cpp\/wp-json\/wp\/v2\/users\/22"}],"replies":[{"embeddable":true,"href":"https:\/\/gobierno.udd.cl\/cpp\/wp-json\/wp\/v2\/comments?post=1087"}],"version-history":[{"count":1,"href":"https:\/\/gobierno.udd.cl\/cpp\/wp-json\/wp\/v2\/posts\/1087\/revisions"}],"predecessor-version":[{"id":1088,"href":"https:\/\/gobierno.udd.cl\/cpp\/wp-json\/wp\/v2\/posts\/1087\/revisions\/1088"}],"wp:featuredmedia":[{"embeddable":true,"href":"https:\/\/gobierno.udd.cl\/cpp\/wp-json\/wp\/v2\/media\/507"}],"wp:attachment":[{"href":"https:\/\/gobierno.udd.cl\/cpp\/wp-json\/wp\/v2\/media?parent=1087"}],"wp:term":[{"taxonomy":"category","embeddable":true,"href":"https:\/\/gobierno.udd.cl\/cpp\/wp-json\/wp\/v2\/categories?post=1087"},{"taxonomy":"post_tag","embeddable":true,"href":"https:\/\/gobierno.udd.cl\/cpp\/wp-json\/wp\/v2\/tags?post=1087"}],"curies":[{"name":"wp","href":"https:\/\/api.w.org\/{rel}","templated":true}]}}