{"id":1076,"date":"2015-07-02T16:30:21","date_gmt":"2015-07-02T19:30:21","guid":{"rendered":"http:\/\/gobierno.udd.cl\/cpp\/?p=1076"},"modified":"2015-07-02T16:30:21","modified_gmt":"2015-07-02T19:30:21","slug":"allamand-y-rossi-analizaron-proyecto-de-carrera-docente","status":"publish","type":"post","link":"https:\/\/gobierno.udd.cl\/cpp\/noticias\/2015\/07\/02\/allamand-y-rossi-analizaron-proyecto-de-carrera-docente\/","title":{"rendered":"Allamand y Rossi analizaron proyecto de Carrera Docente"},"content":{"rendered":"<div id=\"gallery-1\" class=\"carousel slide carousel-gallery\" data-ride=\"false\" data-interval=\"false\"><div class=\"carousel-inner\" role=\"listbox\"><figure class=\"carousel-item active\"><img loading=\"lazy\" decoding=\"async\" width=\"419\" height=\"263\" src=\"https:\/\/gobierno.udd.cl\/cpp\/files\/2015\/07\/cpprossi5.jpg\" class=\"attachment-landscape_952 size-landscape_952 lazyload\" alt=\"\" sizes=\"auto, (max-width: 419px) 100vw, 419px\" data-src=\"https:\/\/gobierno.udd.cl\/cpp\/files\/2015\/07\/cpprossi5.jpg\" data-srcset=\"https:\/\/gobierno.udd.cl\/cpp\/files\/2015\/07\/cpprossi5.jpg 419w, https:\/\/gobierno.udd.cl\/cpp\/files\/2015\/07\/cpprossi5-300x188.jpg 300w\" \/><\/figure><figure class=\"carousel-item\"><img loading=\"lazy\" decoding=\"async\" width=\"419\" height=\"263\" src=\"https:\/\/gobierno.udd.cl\/cpp\/files\/2015\/07\/cpprossi2.jpg\" class=\"attachment-landscape_952 size-landscape_952 lazyload\" alt=\"\" sizes=\"auto, (max-width: 419px) 100vw, 419px\" data-src=\"https:\/\/gobierno.udd.cl\/cpp\/files\/2015\/07\/cpprossi2.jpg\" data-srcset=\"https:\/\/gobierno.udd.cl\/cpp\/files\/2015\/07\/cpprossi2.jpg 419w, https:\/\/gobierno.udd.cl\/cpp\/files\/2015\/07\/cpprossi2-300x188.jpg 300w\" \/><\/figure><figure class=\"carousel-item\"><img loading=\"lazy\" decoding=\"async\" width=\"419\" height=\"263\" src=\"https:\/\/gobierno.udd.cl\/cpp\/files\/2015\/07\/cpprossi6.jpg\" class=\"attachment-landscape_952 size-landscape_952 lazyload\" alt=\"\" sizes=\"auto, (max-width: 419px) 100vw, 419px\" data-src=\"https:\/\/gobierno.udd.cl\/cpp\/files\/2015\/07\/cpprossi6.jpg\" data-srcset=\"https:\/\/gobierno.udd.cl\/cpp\/files\/2015\/07\/cpprossi6.jpg 419w, https:\/\/gobierno.udd.cl\/cpp\/files\/2015\/07\/cpprossi6-300x188.jpg 300w\" \/><\/figure><figure class=\"carousel-item\"><img loading=\"lazy\" decoding=\"async\" width=\"419\" height=\"263\" src=\"https:\/\/gobierno.udd.cl\/cpp\/files\/2015\/07\/cpprossi3.jpg\" class=\"attachment-landscape_952 size-landscape_952 lazyload\" alt=\"\" sizes=\"auto, (max-width: 419px) 100vw, 419px\" data-src=\"https:\/\/gobierno.udd.cl\/cpp\/files\/2015\/07\/cpprossi3.jpg\" data-srcset=\"https:\/\/gobierno.udd.cl\/cpp\/files\/2015\/07\/cpprossi3.jpg 419w, https:\/\/gobierno.udd.cl\/cpp\/files\/2015\/07\/cpprossi3-300x188.jpg 300w\" \/><\/figure><figure class=\"carousel-item\"><img loading=\"lazy\" decoding=\"async\" width=\"419\" height=\"263\" src=\"https:\/\/gobierno.udd.cl\/cpp\/files\/2015\/07\/cpprossi.jpg\" class=\"attachment-landscape_952 size-landscape_952 lazyload\" alt=\"\" sizes=\"auto, (max-width: 419px) 100vw, 419px\" data-src=\"https:\/\/gobierno.udd.cl\/cpp\/files\/2015\/07\/cpprossi.jpg\" data-srcset=\"https:\/\/gobierno.udd.cl\/cpp\/files\/2015\/07\/cpprossi.jpg 419w, https:\/\/gobierno.udd.cl\/cpp\/files\/2015\/07\/cpprossi-300x188.jpg 300w\" \/><\/figure><figure class=\"carousel-item\"><img loading=\"lazy\" decoding=\"async\" width=\"419\" height=\"263\" src=\"https:\/\/gobierno.udd.cl\/cpp\/files\/2015\/07\/cpprossi1.jpg\" class=\"attachment-landscape_952 size-landscape_952 lazyload\" alt=\"\" sizes=\"auto, (max-width: 419px) 100vw, 419px\" data-src=\"https:\/\/gobierno.udd.cl\/cpp\/files\/2015\/07\/cpprossi1.jpg\" data-srcset=\"https:\/\/gobierno.udd.cl\/cpp\/files\/2015\/07\/cpprossi1.jpg 419w, https:\/\/gobierno.udd.cl\/cpp\/files\/2015\/07\/cpprossi1-300x188.jpg 300w\" \/><\/figure><\/div><footer class=\"carousel-footer\"><div class=\"carousel-counter\"><span class=\"carousel-counter-current\"><\/span> \/ <span class=\"carousel-counter-total\"><\/span><\/div><a class=\"carousel-control-prev\" href=\"#gallery-1\" role=\"button\" data-slide=\"prev\"><svg aria-hidden=\"true\" class=\"svg-chevron-left-dims\"><use xlink:href='https:\/\/gobierno.udd.cl\/cpp\/wp-content\/themes\/facultades-2018\/assets\/img\/svg\/dist\/main.svg?version=1695853099#chevron-left'><\/use><\/svg><span class=\"sr-only\">Anterior<\/span><\/a><a class=\"carousel-control-next\" href=\"#gallery-1\" role=\"button\" data-slide=\"next\"><svg aria-hidden=\"true\" class=\"svg-chevron-right-dims\"><use xlink:href='https:\/\/gobierno.udd.cl\/cpp\/wp-content\/themes\/facultades-2018\/assets\/img\/svg\/dist\/main.svg?version=1695853099#chevron-right'><\/use><\/svg><span class=\"sr-only\">Siguiente<\/span><\/a><\/footer><\/div>\n<p style=\"text-align: justify;\">Los senadores <strong>Andr\u00e9s Allamand<\/strong> (RN) y <strong>Fulvio Rossi<\/strong> (PS) participaron en el debate <strong>\u201cReflexiones sobre el proyecto de Ley Carrera Docente\u201d,<\/strong> organizado por el <a href=\"http:\/\/gobierno.udd.cl\/cpp\/\" rel=\"External\">Centro de Pol\u00edticas P\u00fablicas<\/a> de la <a href=\"http:\/\/gobierno.udd.cl\/\" rel=\"External\">Facultad de Gobierno <\/a>de la Universidad del Desarrollo (UDD).<\/p>\n<p style=\"text-align: justify;\">En la ocasi\u00f3n tambi\u00e9n estuvieron presentes el encargado del Mineduc para la pol\u00edtica docente, <strong>Jaime Veas<\/strong> y el fundador y director de Acci\u00f3n Educar, <strong>Ra\u00fal Figueroa<\/strong>, junto a directores de establecimientos educacionales y acad\u00e9micos de la UDD.<\/p>\n<p style=\"text-align: justify;\">Rossi pidi\u00f3 mayor descentralizaci\u00f3n, directores empoderados y que el profesor mentor sea parte de la comunidad educativa, mientras que Allamand -adem\u00e1s de coincidir en el\u00a0empoderamiento para los directores- afirm\u00f3 que es necesario tener una m\u00e1s alta\u00a0remuneraci\u00f3n por vulnerabilidad, un mayor equilibrio por desempe\u00f1o y antig\u00fcedad, avanzar hacia profesores con m\u00e1s libertad para ense\u00f1ar y tener la posibilidad de desvincular durante la carrera.<\/p>\n<p style=\"text-align: justify;\">Veas, por su parte, descart\u00f3 que el proyecto fuera competitivo, como acusan los docentes en paro. Asegur\u00f3 que consagrar\u00e1 los derechos de perfeccionamiento y mentor\u00eda y esclareci\u00f3 que revisar\u00e1n la evaluaci\u00f3n docente. En tanto, Figueroa se\u00f1al\u00f3 que es fundamental que el proyecto tenga una visi\u00f3n sist\u00e9mica, pues la caracter\u00edstica esencial del sistema es la autonom\u00eda y no est\u00e1 contemplada.<\/p>\n","protected":false},"excerpt":{"rendered":"<p>En el encuentro, organizado por el Centro de Pol\u00edticas P\u00fablicas, los parlamentarios estuvieron junto al asesor del Mineduc, Jaime Veas y Ra\u00fal Figueroa, de Acci\u00f3n Educar.<\/p>\n","protected":false},"author":22,"featured_media":1078,"comment_status":"open","ping_status":"open","sticky":false,"template":"","format":"standard","meta":{"footnotes":""},"categories":[4],"tags":[],"class_list":["post-1076","post","type-post","status-publish","format-standard","has-post-thumbnail","hentry","category-noticias"],"featured_image_url":"https:\/\/gobierno.udd.cl\/cpp\/files\/2015\/07\/cpprossidestacada.jpg","_links":{"self":[{"href":"https:\/\/gobierno.udd.cl\/cpp\/wp-json\/wp\/v2\/posts\/1076","targetHints":{"allow":["GET"]}}],"collection":[{"href":"https:\/\/gobierno.udd.cl\/cpp\/wp-json\/wp\/v2\/posts"}],"about":[{"href":"https:\/\/gobierno.udd.cl\/cpp\/wp-json\/wp\/v2\/types\/post"}],"author":[{"embeddable":true,"href":"https:\/\/gobierno.udd.cl\/cpp\/wp-json\/wp\/v2\/users\/22"}],"replies":[{"embeddable":true,"href":"https:\/\/gobierno.udd.cl\/cpp\/wp-json\/wp\/v2\/comments?post=1076"}],"version-history":[{"count":2,"href":"https:\/\/gobierno.udd.cl\/cpp\/wp-json\/wp\/v2\/posts\/1076\/revisions"}],"predecessor-version":[{"id":1085,"href":"https:\/\/gobierno.udd.cl\/cpp\/wp-json\/wp\/v2\/posts\/1076\/revisions\/1085"}],"wp:featuredmedia":[{"embeddable":true,"href":"https:\/\/gobierno.udd.cl\/cpp\/wp-json\/wp\/v2\/media\/1078"}],"wp:attachment":[{"href":"https:\/\/gobierno.udd.cl\/cpp\/wp-json\/wp\/v2\/media?parent=1076"}],"wp:term":[{"taxonomy":"category","embeddable":true,"href":"https:\/\/gobierno.udd.cl\/cpp\/wp-json\/wp\/v2\/categories?post=1076"},{"taxonomy":"post_tag","embeddable":true,"href":"https:\/\/gobierno.udd.cl\/cpp\/wp-json\/wp\/v2\/tags?post=1076"}],"curies":[{"name":"wp","href":"https:\/\/api.w.org\/{rel}","templated":true}]}}