{"id":1067,"date":"2015-06-23T08:49:34","date_gmt":"2015-06-23T11:49:34","guid":{"rendered":"http:\/\/gobierno.udd.cl\/cpp\/?p=1067"},"modified":"2015-07-02T08:50:49","modified_gmt":"2015-07-02T11:50:49","slug":"convivencia-escolar-y-resultados-academicos-por-jose-de-la-cruz-garrido","status":"publish","type":"post","link":"https:\/\/gobierno.udd.cl\/cpp\/noticias\/2015\/06\/23\/convivencia-escolar-y-resultados-academicos-por-jose-de-la-cruz-garrido\/","title":{"rendered":"Convivencia escolar y resultados acad\u00e9micos por Jos\u00e9 de la Cruz Garrido"},"content":{"rendered":"<div>\n<p style=\"text-align: justify;\">Manuela Mendoza y Fernanda del Pozo responden a mi carta afirmado que mi posici\u00f3n niega el rigor cient\u00edfico de determinar relaciones causales en ciencias sociales. Seguramente me expres\u00e9 mal. Lo que afirm\u00e9 es que pretender considerar como evidencia \u00fanicamente hip\u00f3tesis que son probadas en t\u00e9rminos causales y desechar la abundante literatura que muestra la correlaci\u00f3n existente entre clima escolar y rendimiento acad\u00e9mico es una sutileza metodol\u00f3gica, y falta de sentido com\u00fan. Ahora, para que esos estudios sean posibles son necesarias evaluaciones y datos, que en Chile escasean si nos comparamos con pa\u00edses desarrollados.<\/p>\n<p style=\"text-align: justify;\">En ning\u00fan momento he sostenido que no sea necesario revisar el Simce, o tomar precauciones para que no se vuelva la finalidad de la educaci\u00f3n; pero otra cosa es en pretender hacer ciencia sin datos. Lo mismo en el caso del Simce de convivencia. Si bien es un instrumento perfectible, es un avance contar con encuestas de percepci\u00f3n sobre dimensiones que antes no eran tratadas, m\u00e1s a\u00fan si existe correlaci\u00f3n entre quienes reportan mejores ambientes de respeto, compromiso de los padres y convivencia, y los rendimientos de los ni\u00f1os encuestados. Esto nos permite comparar y ver qui\u00e9n hace bien su trabajo.<\/p>\n<p style=\"text-align: justify;\">Como padre tengo derecho a saber cu\u00e1l es el resultado del proceso acad\u00e9mico en el que est\u00e1 mi hijo. En este contexto, un argumento f\u00e1cil es tachar al otro de conservador, cuando no lo es. Por lo mismo dudo que el secretario de la Agencia de Calidad quien afirm\u00f3 que la convivencia es un factor que incide en las mejoras en rendimiento, sea, como sugieren las investigadoras, un ide\u00f3logo conservador por el hecho de valorar los resultados del Simce.<\/p>\n<p style=\"text-align: justify;\">Carta publicada en <strong><a href=\"http:\/\/www.litoralpress.cl\/infocom\/preview\/Grande.aspx?image=..\/clipsimages\/2015\/06\/23\/0203F798.JPG\" target=\"_blank\">La Tercera 23\/06\/2015<\/a><\/strong><\/p>\n<\/div>\n","protected":false},"excerpt":{"rendered":"<p>Manuela Mendoza y Fernanda del Pozo responden a mi carta afirmado que mi posici\u00f3n niega el rigor cient\u00edfico de determinar relaciones causales en ciencias sociales. Seguramente me expres\u00e9 mal. Lo que afirm\u00e9 es que pretender considerar como evidencia \u00fanicamente hip\u00f3tesis que son probadas en t\u00e9rminos causales y desechar la abundante literatura que muestra la correlaci\u00f3n [&hellip;]<\/p>\n","protected":false},"author":22,"featured_media":893,"comment_status":"open","ping_status":"open","sticky":false,"template":"","format":"standard","meta":{"footnotes":""},"categories":[10162],"tags":[],"class_list":["post-1067","post","type-post","status-publish","format-standard","has-post-thumbnail","hentry","category-centro-en-la-prensa"],"featured_image_url":"https:\/\/gobierno.udd.cl\/cpp\/files\/2015\/05\/udd_cpp_prensa_340.png","_links":{"self":[{"href":"https:\/\/gobierno.udd.cl\/cpp\/wp-json\/wp\/v2\/posts\/1067","targetHints":{"allow":["GET"]}}],"collection":[{"href":"https:\/\/gobierno.udd.cl\/cpp\/wp-json\/wp\/v2\/posts"}],"about":[{"href":"https:\/\/gobierno.udd.cl\/cpp\/wp-json\/wp\/v2\/types\/post"}],"author":[{"embeddable":true,"href":"https:\/\/gobierno.udd.cl\/cpp\/wp-json\/wp\/v2\/users\/22"}],"replies":[{"embeddable":true,"href":"https:\/\/gobierno.udd.cl\/cpp\/wp-json\/wp\/v2\/comments?post=1067"}],"version-history":[{"count":3,"href":"https:\/\/gobierno.udd.cl\/cpp\/wp-json\/wp\/v2\/posts\/1067\/revisions"}],"predecessor-version":[{"id":1069,"href":"https:\/\/gobierno.udd.cl\/cpp\/wp-json\/wp\/v2\/posts\/1067\/revisions\/1069"}],"wp:featuredmedia":[{"embeddable":true,"href":"https:\/\/gobierno.udd.cl\/cpp\/wp-json\/wp\/v2\/media\/893"}],"wp:attachment":[{"href":"https:\/\/gobierno.udd.cl\/cpp\/wp-json\/wp\/v2\/media?parent=1067"}],"wp:term":[{"taxonomy":"category","embeddable":true,"href":"https:\/\/gobierno.udd.cl\/cpp\/wp-json\/wp\/v2\/categories?post=1067"},{"taxonomy":"post_tag","embeddable":true,"href":"https:\/\/gobierno.udd.cl\/cpp\/wp-json\/wp\/v2\/tags?post=1067"}],"curies":[{"name":"wp","href":"https:\/\/api.w.org\/{rel}","templated":true}]}}