{"id":1050,"date":"2015-06-20T23:09:49","date_gmt":"2015-06-21T02:09:49","guid":{"rendered":"http:\/\/gobierno.udd.cl\/cpp\/?p=1050"},"modified":"2015-07-02T08:54:38","modified_gmt":"2015-07-02T11:54:38","slug":"convivencia-escolar-y-rendimiento-academico-por-jose-de-la-cruz-garrido","status":"publish","type":"post","link":"https:\/\/gobierno.udd.cl\/cpp\/noticias\/2015\/06\/20\/convivencia-escolar-y-rendimiento-academico-por-jose-de-la-cruz-garrido\/","title":{"rendered":"Convivencia escolar y rendimiento acad\u00e9mico por Jos\u00e9 de la Cruz Garrido"},"content":{"rendered":"<p style=\"text-align: justify;\">Se\u00f1or director:<\/p>\n<p style=\"text-align: justify;\">En carta reciente, Fernanda del Pozo y Manuela Mendoza argumentan que la convivencia escolar como factor de mayor influencia en los resultados de aprendizaje medidos por el Simce es una hip\u00f3tesis que se basa en una suposici\u00f3n no demostrada. Por el contrario, la educaci\u00f3n de padres y los ingresos de los hogares s\u00ed explicar\u00edan una variaci\u00f3n de rendimientos acad\u00e9micos en m\u00e1s de un 70%. De esto se concluye que mejorar la convivencia escolar es una \u201creceta fragmentada\u201d (\u201ccomo si fuera responsabilidad de las escuelas\u201d) y proponen acabar con la \u201cinterpretaci\u00f3n reduccionista\u201d del Simce.<br \/>\nLas investigadoras omiten que por ley las escuelas s\u00ed son responsables de la convivencia escolar. Los determinantes extra-escolares como el ingreso y la educaci\u00f3n de los padres no son objeto de la pol\u00edtica educativa: como dir\u00eda Arist\u00f3teles, \u201cnadie delibera sobre las cosas que no pueden ser distintas de como son, ni sobre las cosas que el hombre no puede hacer\u201d.<br \/>\nQue est\u00e9 o no probada la hip\u00f3tesis de que a un mismo nivel de ingreso las mejoras en la convivencia son la causa de mejoras en los rendimientos, es una sutileza metodol\u00f3gica. Existe abundante literatura que sustenta ese enfoque y no se pueden desestimar los niveles de violencia y ausentismo en las escuelas municipales.<br \/>\nPor lo mismo, de las premisas aludidas es una falacia concluir que debemos eliminar las mediciones. Es del m\u00e1s b\u00e1sico sentido com\u00fan que el rendimiento acad\u00e9mico mejora en climas escolares donde existe compromiso acad\u00e9mico, redundando en educaci\u00f3n efectiva. En esto es clave el rol del profesor, del cual no es posible saber si no tenemos evaluaciones.<\/p>\n<p><strong>Jos\u00e9 de la Cruz Garrido F.<br \/>\nCentro de Pol\u00edticas P\u00fablicas UDD<\/strong><\/p>\n<p style=\"text-align: justify;\">Carta publicada en<strong>\u00a0<a href=\"http:\/\/www.litoralpress.cl\/infocom\/preview\/completa2.aspx?ruta=clipsimages&amp;fecha=18\/06\/2015&amp;pagina=10&amp;diario=2505&amp;suple=2515\">La Tercera 18\/06\/2015.<\/a><\/strong><\/p>\n<p style=\"text-align: justify;\"><strong><\/strong>Leer respuesta de Manuela Mendoza y Fernanda del Pozo publicada en <strong><a href=\"http:\/\/www.litoralpress.cl\/infocom\/preview\/completa2.aspx?ruta=clipsimages&amp;fecha=20\/06\/2015&amp;pagina=8&amp;diario=2505&amp;suple=2515\" target=\"_blank\">La Tercera 20\/06\/2015, aqu\u00ed.\u00a0<\/a><\/strong><\/p>\n","protected":false},"excerpt":{"rendered":"<p>Se\u00f1or director: En carta reciente, Fernanda del Pozo y Manuela Mendoza argumentan que la convivencia escolar como factor de mayor influencia en los resultados de aprendizaje medidos por el Simce es una hip\u00f3tesis que se basa en una suposici\u00f3n no demostrada. Por el contrario, la educaci\u00f3n de padres y los ingresos de los hogares s\u00ed [&hellip;]<\/p>\n","protected":false},"author":22,"featured_media":893,"comment_status":"open","ping_status":"open","sticky":false,"template":"","format":"standard","meta":{"footnotes":""},"categories":[10162],"tags":[],"class_list":["post-1050","post","type-post","status-publish","format-standard","has-post-thumbnail","hentry","category-centro-en-la-prensa"],"featured_image_url":"https:\/\/gobierno.udd.cl\/cpp\/files\/2015\/05\/udd_cpp_prensa_340.png","_links":{"self":[{"href":"https:\/\/gobierno.udd.cl\/cpp\/wp-json\/wp\/v2\/posts\/1050","targetHints":{"allow":["GET"]}}],"collection":[{"href":"https:\/\/gobierno.udd.cl\/cpp\/wp-json\/wp\/v2\/posts"}],"about":[{"href":"https:\/\/gobierno.udd.cl\/cpp\/wp-json\/wp\/v2\/types\/post"}],"author":[{"embeddable":true,"href":"https:\/\/gobierno.udd.cl\/cpp\/wp-json\/wp\/v2\/users\/22"}],"replies":[{"embeddable":true,"href":"https:\/\/gobierno.udd.cl\/cpp\/wp-json\/wp\/v2\/comments?post=1050"}],"version-history":[{"count":6,"href":"https:\/\/gobierno.udd.cl\/cpp\/wp-json\/wp\/v2\/posts\/1050\/revisions"}],"predecessor-version":[{"id":1054,"href":"https:\/\/gobierno.udd.cl\/cpp\/wp-json\/wp\/v2\/posts\/1050\/revisions\/1054"}],"wp:featuredmedia":[{"embeddable":true,"href":"https:\/\/gobierno.udd.cl\/cpp\/wp-json\/wp\/v2\/media\/893"}],"wp:attachment":[{"href":"https:\/\/gobierno.udd.cl\/cpp\/wp-json\/wp\/v2\/media?parent=1050"}],"wp:term":[{"taxonomy":"category","embeddable":true,"href":"https:\/\/gobierno.udd.cl\/cpp\/wp-json\/wp\/v2\/categories?post=1050"},{"taxonomy":"post_tag","embeddable":true,"href":"https:\/\/gobierno.udd.cl\/cpp\/wp-json\/wp\/v2\/tags?post=1050"}],"curies":[{"name":"wp","href":"https:\/\/api.w.org\/{rel}","templated":true}]}}