{"id":1045,"date":"2015-06-23T23:02:04","date_gmt":"2015-06-24T02:02:04","guid":{"rendered":"http:\/\/gobierno.udd.cl\/cpp\/?p=1045"},"modified":"2015-06-23T23:02:04","modified_gmt":"2015-06-24T02:02:04","slug":"el-apoyo-educativo-de-los-padres-y-sus-beneficios-en-el-aprendizaje-de-los-ninos","status":"publish","type":"post","link":"https:\/\/gobierno.udd.cl\/cpp\/noticias\/2015\/06\/23\/el-apoyo-educativo-de-los-padres-y-sus-beneficios-en-el-aprendizaje-de-los-ninos\/","title":{"rendered":"El apoyo educativo de los padres y sus beneficios en el aprendizaje de los ni\u00f1os"},"content":{"rendered":"<p style=\"text-align: justify;\">El involucramiento familiar en la vida acad\u00e9mica de los m\u00e1s peque\u00f1os se ha vuelto un punto importante para mejorar el rendimiento de los ni\u00f1os en el colegio. Padres o apoderados que no s\u00f3lo asisten a las reuniones, sino que estimulan diariamente los conocimientos que sus hijos van adquiriendo, es parte de la experiencia que algunos colegios han tomado y que, adem\u00e1s, est\u00e1 dando resultados.<\/p>\n<p style=\"text-align: justify;\">Ver nota completa de Judith Herrera publicada en <strong>La Tercera 20\/06\/2015, <a href=\"http:\/\/www.latercera.com\/noticia\/nacional\/2015\/06\/680-635181-9-el-apoyo-educativo-de-los-padres-y-sus-beneficios-en-el-aprendizaje-de-los-ninos.shtml\" target=\"_blank\">aqu\u00ed.<\/a>\u00a0<\/strong><\/p>\n","protected":false},"excerpt":{"rendered":"<p>La \u00faltima prueba Simce mostr\u00f3 que los colegios en que los apoderados participan m\u00e1s, tienen un puntaje mejor.<\/p>\n","protected":false},"author":22,"featured_media":893,"comment_status":"open","ping_status":"open","sticky":false,"template":"","format":"standard","meta":{"footnotes":""},"categories":[10162],"tags":[],"class_list":["post-1045","post","type-post","status-publish","format-standard","has-post-thumbnail","hentry","category-centro-en-la-prensa"],"featured_image_url":"https:\/\/gobierno.udd.cl\/cpp\/files\/2015\/05\/udd_cpp_prensa_340.png","_links":{"self":[{"href":"https:\/\/gobierno.udd.cl\/cpp\/wp-json\/wp\/v2\/posts\/1045","targetHints":{"allow":["GET"]}}],"collection":[{"href":"https:\/\/gobierno.udd.cl\/cpp\/wp-json\/wp\/v2\/posts"}],"about":[{"href":"https:\/\/gobierno.udd.cl\/cpp\/wp-json\/wp\/v2\/types\/post"}],"author":[{"embeddable":true,"href":"https:\/\/gobierno.udd.cl\/cpp\/wp-json\/wp\/v2\/users\/22"}],"replies":[{"embeddable":true,"href":"https:\/\/gobierno.udd.cl\/cpp\/wp-json\/wp\/v2\/comments?post=1045"}],"version-history":[{"count":2,"href":"https:\/\/gobierno.udd.cl\/cpp\/wp-json\/wp\/v2\/posts\/1045\/revisions"}],"predecessor-version":[{"id":1047,"href":"https:\/\/gobierno.udd.cl\/cpp\/wp-json\/wp\/v2\/posts\/1045\/revisions\/1047"}],"wp:featuredmedia":[{"embeddable":true,"href":"https:\/\/gobierno.udd.cl\/cpp\/wp-json\/wp\/v2\/media\/893"}],"wp:attachment":[{"href":"https:\/\/gobierno.udd.cl\/cpp\/wp-json\/wp\/v2\/media?parent=1045"}],"wp:term":[{"taxonomy":"category","embeddable":true,"href":"https:\/\/gobierno.udd.cl\/cpp\/wp-json\/wp\/v2\/categories?post=1045"},{"taxonomy":"post_tag","embeddable":true,"href":"https:\/\/gobierno.udd.cl\/cpp\/wp-json\/wp\/v2\/tags?post=1045"}],"curies":[{"name":"wp","href":"https:\/\/api.w.org\/{rel}","templated":true}]}}