{"id":1041,"date":"2015-06-23T22:56:43","date_gmt":"2015-06-24T01:56:43","guid":{"rendered":"http:\/\/gobierno.udd.cl\/cpp\/?p=1041"},"modified":"2015-06-23T23:03:58","modified_gmt":"2015-06-24T02:03:58","slug":"james-tooley-y-debate-educacional-harvard-produce-los-mejores-graduados-los-atrae","status":"publish","type":"post","link":"https:\/\/gobierno.udd.cl\/cpp\/noticias\/2015\/06\/23\/james-tooley-y-debate-educacional-harvard-produce-los-mejores-graduados-los-atrae\/","title":{"rendered":"James Tooley y debate educacional: \u00abHarvard no produce los mejores graduados, los atrae\u00bb"},"content":{"rendered":"<p style=\"text-align: justify;\">James Tooley muestra una cara en la discusi\u00f3n de la reforma educacional que no se ve siempre. Es presidente de la Fundaci\u00f3n Educaci\u00f3n Oriental Global y creador de colegios en India y Ghana. Tambi\u00e9n lidera el centro EG West de pol\u00edticas educacionales de la Universidad de Newcastle, en Reino Unido. Tooley cree que muchas de las reformas como las que hoy en d\u00eda se discuten en Chile podr\u00edan tener el efecto contrario a lo que se est\u00e1 buscando, ya que crear\u00e1 dos grupos: el de la elite y el mundo general, escindidos mutuamente.<\/p>\n<p style=\"text-align: justify;\">Ver nota de Leonardo Ruiz publicada en <strong>El Pulso 19\/06\/2015, <a href=\"http:\/\/www.pulso.cl\/noticia\/actualidad---politica\/internacional\/2015\/06\/69-65514-9-james-tooley-y-debate-educacional-harvard-no-produce-a-los-mejores-graduados-los.shtml\" target=\"_blank\">aqu\u00ed.<\/a><\/strong><\/p>\n","protected":false},"excerpt":{"rendered":"<p>James Tooley muestra una cara en la discusi\u00f3n de la reforma educacional que no se ve siempre. Es presidente de la Fundaci\u00f3n Educaci\u00f3n Oriental Global y creador de colegios en India y Ghana. Tambi\u00e9n lidera el centro EG West de pol\u00edticas educacionales de la Universidad de Newcastle, en Reino Unido. Tooley cree que muchas de [&hellip;]<\/p>\n","protected":false},"author":22,"featured_media":893,"comment_status":"open","ping_status":"open","sticky":false,"template":"","format":"standard","meta":{"footnotes":""},"categories":[10162],"tags":[],"class_list":["post-1041","post","type-post","status-publish","format-standard","has-post-thumbnail","hentry","category-centro-en-la-prensa"],"featured_image_url":"https:\/\/gobierno.udd.cl\/cpp\/files\/2015\/05\/udd_cpp_prensa_340.png","_links":{"self":[{"href":"https:\/\/gobierno.udd.cl\/cpp\/wp-json\/wp\/v2\/posts\/1041","targetHints":{"allow":["GET"]}}],"collection":[{"href":"https:\/\/gobierno.udd.cl\/cpp\/wp-json\/wp\/v2\/posts"}],"about":[{"href":"https:\/\/gobierno.udd.cl\/cpp\/wp-json\/wp\/v2\/types\/post"}],"author":[{"embeddable":true,"href":"https:\/\/gobierno.udd.cl\/cpp\/wp-json\/wp\/v2\/users\/22"}],"replies":[{"embeddable":true,"href":"https:\/\/gobierno.udd.cl\/cpp\/wp-json\/wp\/v2\/comments?post=1041"}],"version-history":[{"count":4,"href":"https:\/\/gobierno.udd.cl\/cpp\/wp-json\/wp\/v2\/posts\/1041\/revisions"}],"predecessor-version":[{"id":1048,"href":"https:\/\/gobierno.udd.cl\/cpp\/wp-json\/wp\/v2\/posts\/1041\/revisions\/1048"}],"wp:featuredmedia":[{"embeddable":true,"href":"https:\/\/gobierno.udd.cl\/cpp\/wp-json\/wp\/v2\/media\/893"}],"wp:attachment":[{"href":"https:\/\/gobierno.udd.cl\/cpp\/wp-json\/wp\/v2\/media?parent=1041"}],"wp:term":[{"taxonomy":"category","embeddable":true,"href":"https:\/\/gobierno.udd.cl\/cpp\/wp-json\/wp\/v2\/categories?post=1041"},{"taxonomy":"post_tag","embeddable":true,"href":"https:\/\/gobierno.udd.cl\/cpp\/wp-json\/wp\/v2\/tags?post=1041"}],"curies":[{"name":"wp","href":"https:\/\/api.w.org\/{rel}","templated":true}]}}