{"id":1038,"date":"2015-06-23T22:52:17","date_gmt":"2015-06-24T01:52:17","guid":{"rendered":"http:\/\/gobierno.udd.cl\/cpp\/?p=1038"},"modified":"2015-07-20T15:05:29","modified_gmt":"2015-07-20T18:05:29","slug":"evaluacion-docente-menos-del-1-de-los-maestros-logro-nivel-destacado-en-practica-pedagogica","status":"publish","type":"post","link":"https:\/\/gobierno.udd.cl\/cpp\/noticias\/2015\/06\/23\/evaluacion-docente-menos-del-1-de-los-maestros-logro-nivel-destacado-en-practica-pedagogica\/","title":{"rendered":"Evaluaci\u00f3n Docente: menos del 1% de los maestros logr\u00f3 nivel destacado en pr\u00e1ctica pedag\u00f3gica"},"content":{"rendered":"<p style=\"text-align: justify;\">La evaluaci\u00f3n docente ha sido uno de los puntos m\u00e1s discutidos durante el paro que los profesores protagonizan desde hace 20 d\u00edas, como rechazo al proyecto de Nueva Pol\u00edtica Nacional que pretende reformar la carrera profesional. Esta \u00a0medici\u00f3n se realiza cada cuatro a\u00f1os a una misma generaci\u00f3n y distingue a los maestros del sistema p\u00fablico en cuatro niveles de desempe\u00f1o profesional, siendo \u00a0la categor\u00eda destacado la de mejor desempe\u00f1o y la insuficiente la m\u00e1s baja. Y si bien, en promedio se alcanz\u00f3 un alza de un 25% con respecto a los resultados que obtuvieron estos mismos docentes en a\u00f1os anteriores (ver infograf\u00eda), en la evaluaci\u00f3n del Portafolio (desempe\u00f1o en la sala), la mayor parte de los maestros registr\u00f3 bajos resultados: el 68,2% se encuentra en el nivel b\u00e1sico y el 2,7% en el insatisfactorio. Lo peor de todo, s\u00f3lo el 0,1% figur\u00f3 en el rango destacado (es decir, menos de 16 profesores), dando cuenta de un resultado bastante deficiente. Por el contrario, en la autoevaluaci\u00f3n, el 88,7% de los maestros se aprob\u00f3 en nivel destacado.<\/p>\n<p style=\"text-align: justify;\">Ver reportaje publicado por Judith Herrera y Carmen Paz Pemjean<strong> en La Tercera 20\/06\/2015, <a href=\"http:\/\/www.latercera.com\/noticia\/nacional\/2015\/06\/680-635197-9-evaluacion-docente-menos-del-1-de-los-maestros-logro-nivel-destacado-en-practica.shtml\" target=\"_blank\">aqu\u00ed.<\/a><\/strong><i><br \/>\n<\/i><\/p>\n","protected":false},"excerpt":{"rendered":"<p>El 88% de los profesores se autoevalu\u00f3 en el nivel m\u00e1ximo, lo que contrasta con el bajo desempe\u00f1o logrado en el Portafolio.<\/p>\n","protected":false},"author":22,"featured_media":893,"comment_status":"open","ping_status":"open","sticky":false,"template":"","format":"standard","meta":{"footnotes":""},"categories":[10162],"tags":[],"class_list":["post-1038","post","type-post","status-publish","format-standard","has-post-thumbnail","hentry","category-centro-en-la-prensa"],"featured_image_url":"https:\/\/gobierno.udd.cl\/cpp\/files\/2015\/05\/udd_cpp_prensa_340.png","_links":{"self":[{"href":"https:\/\/gobierno.udd.cl\/cpp\/wp-json\/wp\/v2\/posts\/1038","targetHints":{"allow":["GET"]}}],"collection":[{"href":"https:\/\/gobierno.udd.cl\/cpp\/wp-json\/wp\/v2\/posts"}],"about":[{"href":"https:\/\/gobierno.udd.cl\/cpp\/wp-json\/wp\/v2\/types\/post"}],"author":[{"embeddable":true,"href":"https:\/\/gobierno.udd.cl\/cpp\/wp-json\/wp\/v2\/users\/22"}],"replies":[{"embeddable":true,"href":"https:\/\/gobierno.udd.cl\/cpp\/wp-json\/wp\/v2\/comments?post=1038"}],"version-history":[{"count":4,"href":"https:\/\/gobierno.udd.cl\/cpp\/wp-json\/wp\/v2\/posts\/1038\/revisions"}],"predecessor-version":[{"id":1120,"href":"https:\/\/gobierno.udd.cl\/cpp\/wp-json\/wp\/v2\/posts\/1038\/revisions\/1120"}],"wp:featuredmedia":[{"embeddable":true,"href":"https:\/\/gobierno.udd.cl\/cpp\/wp-json\/wp\/v2\/media\/893"}],"wp:attachment":[{"href":"https:\/\/gobierno.udd.cl\/cpp\/wp-json\/wp\/v2\/media?parent=1038"}],"wp:term":[{"taxonomy":"category","embeddable":true,"href":"https:\/\/gobierno.udd.cl\/cpp\/wp-json\/wp\/v2\/categories?post=1038"},{"taxonomy":"post_tag","embeddable":true,"href":"https:\/\/gobierno.udd.cl\/cpp\/wp-json\/wp\/v2\/tags?post=1038"}],"curies":[{"name":"wp","href":"https:\/\/api.w.org\/{rel}","templated":true}]}}