{"id":1024,"date":"2015-06-18T07:57:27","date_gmt":"2015-06-18T10:57:27","guid":{"rendered":"http:\/\/gobierno.udd.cl\/cpp\/?p=1024"},"modified":"2015-06-18T07:58:06","modified_gmt":"2015-06-18T10:58:06","slug":"director-del-magister-en-politicas-publicas-expone-en-la-camara-de-diputados-sobre-el-transantiago","status":"publish","type":"post","link":"https:\/\/gobierno.udd.cl\/cpp\/noticias\/2015\/06\/18\/director-del-magister-en-politicas-publicas-expone-en-la-camara-de-diputados-sobre-el-transantiago\/","title":{"rendered":"Director del Mag\u00edster en Pol\u00edticas P\u00fablicas expone en la C\u00e1mara de Diputados sobre el Transantiago"},"content":{"rendered":"<p style=\"text-align: justify;\">\u00abM\u00e1s recursos para el Transantiago: \u00bfcu\u00e1l es el plan?\u00bb fue el t\u00edtulo de la presentaci\u00f3n que dio el experto en transporte y\u00a0director del Mag\u00edster en Pol\u00edticas Publicas, Rodrfigo Troncoso en la Comisi\u00f3n de Obras P\u00fablicas, Transportes y Telecomunicaciones de la C\u00e1mara de Diputados<\/p>\n<p style=\"text-align: justify;\">Revisar\u00a0<strong><a href=\"http:\/\/gobierno.udd.cl\/cpp\/files\/2015\/06\/presentaci\u00f3n-de-Rodrigo-Troncoso-aqu\u00ed.pdf\">presentaci\u00f3n de Rodrigo Troncoso<\/a><a href=\"http:\/\/gobierno.udd.cl\/cpp\/files\/2015\/06\/presentaci\u00f3n-de-Rodrigo-Troncoso-aqu\u00ed.pdf\">, aqu\u00ed<\/a><\/strong><\/p>\n","protected":false},"excerpt":{"rendered":"<p>Rodrigo Troncoso, director del Mag\u00edster en Pol\u00edticas Publicas, expuso el 9 de junio en Comisi\u00f3n de Obras P\u00fablicas, Transportes y Telecomunicaciones de la C\u00e1mara de Diputados<\/p>\n","protected":false},"author":22,"featured_media":506,"comment_status":"open","ping_status":"open","sticky":false,"template":"","format":"standard","meta":{"footnotes":""},"categories":[4],"tags":[3801,7378,7386],"class_list":["post-1024","post","type-post","status-publish","format-standard","has-post-thumbnail","hentry","category-noticias","tag-politicas-publicas","tag-rodrigo-troncoso","tag-transantiago"],"featured_image_url":"https:\/\/gobierno.udd.cl\/cpp\/files\/2013\/07\/Rodrigo-Troncoso_destacada.jpg","_links":{"self":[{"href":"https:\/\/gobierno.udd.cl\/cpp\/wp-json\/wp\/v2\/posts\/1024","targetHints":{"allow":["GET"]}}],"collection":[{"href":"https:\/\/gobierno.udd.cl\/cpp\/wp-json\/wp\/v2\/posts"}],"about":[{"href":"https:\/\/gobierno.udd.cl\/cpp\/wp-json\/wp\/v2\/types\/post"}],"author":[{"embeddable":true,"href":"https:\/\/gobierno.udd.cl\/cpp\/wp-json\/wp\/v2\/users\/22"}],"replies":[{"embeddable":true,"href":"https:\/\/gobierno.udd.cl\/cpp\/wp-json\/wp\/v2\/comments?post=1024"}],"version-history":[{"count":2,"href":"https:\/\/gobierno.udd.cl\/cpp\/wp-json\/wp\/v2\/posts\/1024\/revisions"}],"predecessor-version":[{"id":1027,"href":"https:\/\/gobierno.udd.cl\/cpp\/wp-json\/wp\/v2\/posts\/1024\/revisions\/1027"}],"wp:featuredmedia":[{"embeddable":true,"href":"https:\/\/gobierno.udd.cl\/cpp\/wp-json\/wp\/v2\/media\/506"}],"wp:attachment":[{"href":"https:\/\/gobierno.udd.cl\/cpp\/wp-json\/wp\/v2\/media?parent=1024"}],"wp:term":[{"taxonomy":"category","embeddable":true,"href":"https:\/\/gobierno.udd.cl\/cpp\/wp-json\/wp\/v2\/categories?post=1024"},{"taxonomy":"post_tag","embeddable":true,"href":"https:\/\/gobierno.udd.cl\/cpp\/wp-json\/wp\/v2\/tags?post=1024"}],"curies":[{"name":"wp","href":"https:\/\/api.w.org\/{rel}","templated":true}]}}