{"id":1017,"date":"2015-06-15T15:29:54","date_gmt":"2015-06-15T18:29:54","guid":{"rendered":"http:\/\/gobierno.udd.cl\/cpp\/?p=1017"},"modified":"2015-06-15T15:29:54","modified_gmt":"2015-06-15T18:29:54","slug":"encuesta-udd-63-rechaza-nuevo-sistema-horario-impuesto-por-el-gobierno","status":"publish","type":"post","link":"https:\/\/gobierno.udd.cl\/cpp\/noticias\/2015\/06\/15\/encuesta-udd-63-rechaza-nuevo-sistema-horario-impuesto-por-el-gobierno\/","title":{"rendered":"Encuesta UDD: 63% rechaza nuevo sistema horario impuesto por el Gobierno"},"content":{"rendered":"<p style=\"text-align: justify;\">Falta de un sue\u00f1o reparador, inseguridad al salir de las casas en la ma\u00f1anas a oscuras y aumento en la cuenta de la luz son, seg\u00fan el estudio en terreno de la <b>UDD<\/b>, algunos de los argumentos que los santiaguinos esgrimen para apoyar la idea de volver al sistema anterior, cuando se distingu\u00eda entre horario de verano y de invierno.<\/p>\n<p style=\"text-align: justify;\">Ver estudio publicado en<strong> <a href=\"http:\/\/www.litoralpress.cl\/design3\/lpi\/mostrarjpg.asp?id=33717747,33717750,33717751&amp;idT=14582&amp;ve=1\" target=\"_blank\">El Mercurio 14\/06\/2015, aqu\u00ed<\/a><\/strong><\/p>\n","protected":false},"excerpt":{"rendered":"<p>Seg\u00fan la encuesta de la UDD, un 63% est\u00e1 en descuerdo con la decisi\u00f3n del Gobierno. Incluso el 53% cree que la soluci\u00f3n ser\u00eda revertir la medida.<\/p>\n","protected":false},"author":22,"featured_media":893,"comment_status":"open","ping_status":"open","sticky":false,"template":"","format":"standard","meta":{"footnotes":""},"categories":[10162],"tags":[8136,10210,4176],"class_list":["post-1017","post","type-post","status-publish","format-standard","has-post-thumbnail","hentry","category-centro-en-la-prensa","tag-encuesta","tag-horario-de-invierno","tag-udd"],"featured_image_url":"https:\/\/gobierno.udd.cl\/cpp\/files\/2015\/05\/udd_cpp_prensa_340.png","_links":{"self":[{"href":"https:\/\/gobierno.udd.cl\/cpp\/wp-json\/wp\/v2\/posts\/1017","targetHints":{"allow":["GET"]}}],"collection":[{"href":"https:\/\/gobierno.udd.cl\/cpp\/wp-json\/wp\/v2\/posts"}],"about":[{"href":"https:\/\/gobierno.udd.cl\/cpp\/wp-json\/wp\/v2\/types\/post"}],"author":[{"embeddable":true,"href":"https:\/\/gobierno.udd.cl\/cpp\/wp-json\/wp\/v2\/users\/22"}],"replies":[{"embeddable":true,"href":"https:\/\/gobierno.udd.cl\/cpp\/wp-json\/wp\/v2\/comments?post=1017"}],"version-history":[{"count":2,"href":"https:\/\/gobierno.udd.cl\/cpp\/wp-json\/wp\/v2\/posts\/1017\/revisions"}],"predecessor-version":[{"id":1019,"href":"https:\/\/gobierno.udd.cl\/cpp\/wp-json\/wp\/v2\/posts\/1017\/revisions\/1019"}],"wp:featuredmedia":[{"embeddable":true,"href":"https:\/\/gobierno.udd.cl\/cpp\/wp-json\/wp\/v2\/media\/893"}],"wp:attachment":[{"href":"https:\/\/gobierno.udd.cl\/cpp\/wp-json\/wp\/v2\/media?parent=1017"}],"wp:term":[{"taxonomy":"category","embeddable":true,"href":"https:\/\/gobierno.udd.cl\/cpp\/wp-json\/wp\/v2\/categories?post=1017"},{"taxonomy":"post_tag","embeddable":true,"href":"https:\/\/gobierno.udd.cl\/cpp\/wp-json\/wp\/v2\/tags?post=1017"}],"curies":[{"name":"wp","href":"https:\/\/api.w.org\/{rel}","templated":true}]}}