{"id":988,"date":"2023-01-12T14:56:21","date_gmt":"2023-01-12T17:56:21","guid":{"rendered":"https:\/\/gobierno.udd.cl\/cips\/?p=988"},"modified":"2023-01-12T14:58:18","modified_gmt":"2023-01-12T17:58:18","slug":"cips-colabora-en-plan-para-promover-vacunacion-en-comuna-de-providencia","status":"publish","type":"post","link":"https:\/\/gobierno.udd.cl\/cips\/2023\/01\/12\/cips-colabora-en-plan-para-promover-vacunacion-en-comuna-de-providencia\/","title":{"rendered":"CIPS colabora en plan para promover vacunaci\u00f3n en comuna de Providencia"},"content":{"rendered":"\n<p><em>Paula Daza, directora del Centro de Pol\u00edticas P\u00fablicas e Innovaci\u00f3n en Salud (CIPS) de la Facultad de Gobierno asisti\u00f3 a un centro de vacunaci\u00f3n de Providencia que ser\u00e1 parte de un plan en la comuna para aumentar la cobertura de dosis bivalente frente a las bajas cifras nacionales.<\/em><\/p>\n\n\n\n<p>De acuerdo con un informe de CIPS-UDD, a tres meses de iniciada la dosis bivalente, s\u00f3lo el 21,24% de la poblaci\u00f3n objetivo se ha vacunado con esta dosis. S\u00f3lo el 3,6% de los pacientes con enfermedades cr\u00f3nicas tiene esta dosis y el 26% de las personas mayores de 60 a\u00f1os. Durante finales de noviembre y gran parte de diciembre, hubo cinco semanas consecutivas a la baja en vacunaci\u00f3n bivalente. La semana pasada aument\u00f3 a nivel nacional en 30% la administraci\u00f3n, pero con apenas 54 mil dosis aplicadas en todo el territorio chileno. Para la dosis de refuerzo, la semana pasada se vacunaron 1.433 personas, 21,7% menos que la semana anterior. Y para la cuarta dosis la semana pasada se vacunaron 4.236 personas, 34% menos que la semana anterior<\/p>\n\n\n\n<p>&nbsp;<em>\u201cNo hay educaci\u00f3n ni tampoco estrategias que ampl\u00eden la cobertura de las distintas dosis. Recordemos que estas vacunas est\u00e1n para todos aquellos menores de 60 a\u00f1os que no son pacientes cr\u00f3nicos. Todos, desde los tres a\u00f1os en adelante, debemos preocuparnos de tener nuestro calendario de vacunaci\u00f3n al d\u00eda. Eso es responsabilidad de cada uno, pero las autoridades deben crear estrategias que incentiven y promuevan esta responsabilidad individual que genera un beneficio mayor\u201d<\/em>, dice Daza.<\/p>\n\n\n\n<p>Frente a este escenario el municipio de Providencia y Puente Alto contactaron a CIPS para crear un plan de vacunaci\u00f3n que cambie estas bajas cifras en sus comunas.<\/p>\n\n\n\n<p>De esta forma, este mi\u00e9rcoles la alcaldesa de Providencia, <strong>Evelyn Matthei<\/strong>, en compa\u00f1\u00eda del alcalde de Puente Alto, <strong>Germ\u00e1n Codina<\/strong>, la directora ejecutiva del CIPS y ex subsecretaria de Salud, <strong>Paula Daza<\/strong>, y la ex ministra de Desarrollo Social, <strong>Karla Rubilar<\/strong>, visitaron el centro de vacunaci\u00f3n de Manuel Montt 101, donde se anunciaron las nuevas medidas para promover la inoculaci\u00f3n de la dosis bivalente en Providencia.<\/p>\n\n\n<section class=\"wp-block-udd-gallery-carousel wp-carousel-gallery\">\n\t<div class=\"container\">\n\t\t<div\n\t\t\tclass=\"slick-carousel gallery-slick-carousel gallery-carousel--3\"\n\t\t\tdata-slick='{&quot;slidesToScroll&quot;:1,&quot;slidesToShow&quot;:3,&quot;appendDots&quot;:&quot;#dots-69f26936869d0&quot;,&quot;prevArrow&quot;:&quot;&lt;button type=\\&quot;button\\&quot; class=\\&quot;btn btn-primary slick-prev\\&quot;&gt;&lt;svg class=\\&quot;svg-chevron-left-dims\\&quot;&gt;&lt;use xlink:href=&#039;https:\\\/\\\/gobierno.udd.cl\\\/cips\\\/wp-content\\\/themes\\\/facultades-2018\\\/assets\\\/img\\\/svg\\\/dist\\\/main.svg?version=1695853099#chevron-left&#039;&gt;&lt;\\\/use&gt;&lt;\\\/svg&gt;&lt;span class=\\&quot;sr-only\\&quot;&gt;Anterior&lt;\\\/span&gt;&lt;\\\/button&gt;&quot;,&quot;nextArrow&quot;:&quot;&lt;button type=\\&quot;button\\&quot; class=\\&quot;btn btn-primary slick-next\\&quot;&gt;&lt;svg class=\\&quot;svg-chevron-right-dims\\&quot;&gt;&lt;use xlink:href=&#039;https:\\\/\\\/gobierno.udd.cl\\\/cips\\\/wp-content\\\/themes\\\/facultades-2018\\\/assets\\\/img\\\/svg\\\/dist\\\/main.svg?version=1695853099#chevron-right&#039;&gt;&lt;\\\/use&gt;&lt;\\\/svg&gt;&lt;span class=\\&quot;sr-only\\&quot;&gt;Siguiente&lt;\\\/span&gt;&lt;\\\/button&gt;&quot;,&quot;infinite&quot;:true,&quot;dots&quot;:true}'\n\t\t>\n\t\t\t\t\t\t\t<figure>\n\t\t\t\t\t<img loading=\"lazy\" decoding=\"async\" width=\"894\" height=\"670\" src=\"https:\/\/gobierno.udd.cl\/cips\/wp-content\/plugins\/wp-async-img-load\/blank.png\" class=\"attachment-1280x720 size-1280x720 lazyload\" alt=\"\" sizes=\"auto, (max-width: 894px) 100vw, 894px\" data-src=\"https:\/\/gobierno.udd.cl\/cips\/files\/2023\/01\/provi_cuatro-1.jpg\" data-srcset=\"https:\/\/gobierno.udd.cl\/cips\/files\/2023\/01\/provi_cuatro-1.jpg 894w, https:\/\/gobierno.udd.cl\/cips\/files\/2023\/01\/provi_cuatro-1-300x225.jpg 300w, https:\/\/gobierno.udd.cl\/cips\/files\/2023\/01\/provi_cuatro-1-768x576.jpg 768w\" \/>\t\t\t\t\t\t\t\t\t<\/figure>\n\t\t\t\t\t\t\t<figure>\n\t\t\t\t\t<img loading=\"lazy\" decoding=\"async\" width=\"1024\" height=\"705\" src=\"https:\/\/gobierno.udd.cl\/cips\/wp-content\/plugins\/wp-async-img-load\/blank.png\" class=\"attachment-1280x720 size-1280x720 lazyload\" alt=\"\" sizes=\"auto, (max-width: 1024px) 100vw, 1024px\" data-src=\"https:\/\/gobierno.udd.cl\/cips\/files\/2023\/01\/provi_dos.jpg\" data-srcset=\"https:\/\/gobierno.udd.cl\/cips\/files\/2023\/01\/provi_dos.jpg 1024w, https:\/\/gobierno.udd.cl\/cips\/files\/2023\/01\/provi_dos-300x207.jpg 300w, https:\/\/gobierno.udd.cl\/cips\/files\/2023\/01\/provi_dos-768x529.jpg 768w\" \/>\t\t\t\t\t\t\t\t\t<\/figure>\n\t\t\t\t\t\t\t<figure>\n\t\t\t\t\t<img loading=\"lazy\" decoding=\"async\" width=\"1014\" height=\"720\" src=\"https:\/\/gobierno.udd.cl\/cips\/wp-content\/plugins\/wp-async-img-load\/blank.png\" class=\"attachment-1280x720 size-1280x720 lazyload\" alt=\"\" sizes=\"auto, (max-width: 1014px) 100vw, 1014px\" data-src=\"https:\/\/gobierno.udd.cl\/cips\/files\/2023\/01\/provi_seis.jpg\" data-srcset=\"https:\/\/gobierno.udd.cl\/cips\/files\/2023\/01\/provi_seis.jpg 1024w, https:\/\/gobierno.udd.cl\/cips\/files\/2023\/01\/provi_seis-300x213.jpg 300w, https:\/\/gobierno.udd.cl\/cips\/files\/2023\/01\/provi_seis-768x545.jpg 768w, https:\/\/gobierno.udd.cl\/cips\/files\/2023\/01\/provi_seis-316x224.jpg 316w, https:\/\/gobierno.udd.cl\/cips\/files\/2023\/01\/provi_seis-87x62.jpg 87w\" \/>\t\t\t\t\t\t\t\t\t<\/figure>\n\t\t\t\t\t\t\t<figure>\n\t\t\t\t\t<img loading=\"lazy\" decoding=\"async\" width=\"1024\" height=\"683\" src=\"https:\/\/gobierno.udd.cl\/cips\/wp-content\/plugins\/wp-async-img-load\/blank.png\" class=\"attachment-1280x720 size-1280x720 lazyload\" alt=\"\" sizes=\"auto, (max-width: 1024px) 100vw, 1024px\" data-src=\"https:\/\/gobierno.udd.cl\/cips\/files\/2023\/01\/provi_tres.jpg\" data-srcset=\"https:\/\/gobierno.udd.cl\/cips\/files\/2023\/01\/provi_tres.jpg 1024w, https:\/\/gobierno.udd.cl\/cips\/files\/2023\/01\/provi_tres-300x200.jpg 300w, https:\/\/gobierno.udd.cl\/cips\/files\/2023\/01\/provi_tres-768x512.jpg 768w\" \/>\t\t\t\t\t\t\t\t\t<\/figure>\n\t\t\t\t\t\t\t<figure>\n\t\t\t\t\t<img loading=\"lazy\" decoding=\"async\" width=\"1024\" height=\"683\" src=\"https:\/\/gobierno.udd.cl\/cips\/wp-content\/plugins\/wp-async-img-load\/blank.png\" class=\"attachment-1280x720 size-1280x720 lazyload\" alt=\"\" sizes=\"auto, (max-width: 1024px) 100vw, 1024px\" data-src=\"https:\/\/gobierno.udd.cl\/cips\/files\/2023\/01\/provi_uno.jpg\" data-srcset=\"https:\/\/gobierno.udd.cl\/cips\/files\/2023\/01\/provi_uno.jpg 1024w, https:\/\/gobierno.udd.cl\/cips\/files\/2023\/01\/provi_uno-300x200.jpg 300w, https:\/\/gobierno.udd.cl\/cips\/files\/2023\/01\/provi_uno-768x512.jpg 768w\" \/>\t\t\t\t\t\t\t\t\t<\/figure>\n\t\t\t\t\t<\/div>\n\t\t<div\n\t\t\tclass=\"carousel-gallery--carousel-dots\"\n\t\t\tid=\"dots-69f26936869d0\"\n\t\t><\/div>\n\t<\/div>\n<\/section>\n\n\n\n<p>La alcaldesa Matthei explic\u00f3 que<em> \u201cestuvimos hablando hace unos d\u00edas con el alcalde Germ\u00e1n Codina sobre el bajo n\u00famero de personas que est\u00e1n asistiendo a nuestros puntos de vacunaci\u00f3n. Por lo que decidimos preguntarle a la Dra. Karla Rubilar y llamamos a la Dra. Paula Daza para saber si eso era un riesgo o no dado la cantidad de contagios que uno est\u00e1 viendo en otros pa\u00edses, con nuevas variantes y ambas nos dijeron que, efectivamente, sobre todo para personas mayores de 60 a\u00f1os y para personas con alguna patolog\u00eda, puede ser un riesgo. Nosotros como que ya nos olvidamos de la Pandemia, pero cuando llegue el invierno, esto puede tornarse complicado\u201d<\/em>.<\/p>\n\n\n\n<p>El alcalde Codina afirm\u00f3 que<em> \u00absi se hiciera un plan de vacunaci\u00f3n donde el Ministerio de Salud le entregara financiamiento a esas comunas que van a recibir a tantos visitantes, evidentemente podr\u00edamos llegar a marzo con una cantidad de vacunaci\u00f3n muy superior a lo que tenemos hoy\u201d<\/em>.<\/p>\n\n\n\n<p>Paula Daza insisti\u00f3 en la urgencia de una campa\u00f1a comunicacional potente de bivalente y de crear estrategias que lleguen a las personas para que se vacunen. <em>\u201cHay una alerta sanitaria que se prolong\u00f3 a finales de diciembre para contener la pandemia y esto no se est\u00e1 traduciendo en las coberturas de bivalente. Y hago un especial \u00e9nfasis en ellos porque es la poblaci\u00f3n de mayor riesgo. Estoy segura que, con acciones como la de estos municipios, se podr\u00e1 aumentar la cobertura de vacunaci\u00f3n de la dosis bivalente.&nbsp; Ojal\u00e1 m\u00e1s alcaldes sigan el ejemplo y sean proactivos frente al letargo de la Subsecretar\u00eda de Salud P\u00fablica para tener una campa\u00f1a de vacunaci\u00f3n contra covid-19 exitosa\u201d<\/em>, explic\u00f3 Daza.<\/p>\n\n\n\n<p>En la actividad, CIPS entreg\u00f3 a los alcaldes material educativo sobre la importancia de uso de mascarilla en espacios p\u00fablicos cerrados, el cual podr\u00e1n utilizar en los establecimientos de estas caracter\u00edsticas en el municipio.<\/p>\n\n\n\n<p>Revisa el informe <a href=\"https:\/\/gobierno.udd.cl\/cips\/files\/2023\/01\/informe_covid19.pdf\" target=\"_blank\" rel=\"noreferrer noopener\">aqu\u00ed<\/a><\/p>\n","protected":false},"excerpt":{"rendered":"<p>Paula Daza, directora del Centro de Pol\u00edticas P\u00fablicas e Innovaci\u00f3n en Salud (CIPS) de la Facultad de Gobierno asisti\u00f3 a un centro de vacunaci\u00f3n de Providencia que ser\u00e1 parte de un plan en la comuna para aumentar la cobertura de dosis bivalente frente a las bajas cifras nacionales. De acuerdo con un informe de CIPS-UDD, [&hellip;]<\/p>\n","protected":false},"author":9192237,"featured_media":992,"comment_status":"open","ping_status":"open","sticky":false,"template":"","format":"standard","meta":{"footnotes":""},"categories":[3],"tags":[15,87,71,38,34,31,14,23,40],"class_list":["post-988","post","type-post","status-publish","format-standard","has-post-thumbnail","hentry","category-noticias","tag-cips","tag-cips_udd","tag-cips-udd","tag-covid","tag-covid-19","tag-ministerio-de-salud","tag-paula-daza","tag-universidad-del-desarrollo","tag-vacunacion"],"yoast_head":"<!-- This site is optimized with the Yoast SEO plugin v26.9 - https:\/\/yoast.com\/product\/yoast-seo-wordpress\/ -->\n<title>CIPS colabora en plan para promover vacunaci\u00f3n en comuna de Providencia - Centro de Pol\u00edticas P\u00fablicas e Innovaci\u00f3n en Salud<\/title>\n<meta name=\"robots\" content=\"index, follow, max-snippet:-1, max-image-preview:large, max-video-preview:-1\" \/>\n<link rel=\"canonical\" href=\"https:\/\/gobierno.udd.cl\/cips\/2023\/01\/12\/cips-colabora-en-plan-para-promover-vacunacion-en-comuna-de-providencia\/\" \/>\n<meta property=\"og:locale\" content=\"es_ES\" \/>\n<meta property=\"og:type\" content=\"article\" \/>\n<meta property=\"og:title\" content=\"CIPS colabora en plan para promover vacunaci\u00f3n en comuna de Providencia - Centro de Pol\u00edticas P\u00fablicas e Innovaci\u00f3n en Salud\" \/>\n<meta property=\"og:description\" content=\"Paula Daza, directora del Centro de Pol\u00edticas P\u00fablicas e Innovaci\u00f3n en Salud (CIPS) de la Facultad de Gobierno asisti\u00f3 a un centro de vacunaci\u00f3n de Providencia que ser\u00e1 parte de un plan en la comuna para aumentar la cobertura de dosis bivalente frente a las bajas cifras nacionales. De acuerdo con un informe de CIPS-UDD, [&hellip;]\" \/>\n<meta property=\"og:url\" content=\"https:\/\/gobierno.udd.cl\/cips\/2023\/01\/12\/cips-colabora-en-plan-para-promover-vacunacion-en-comuna-de-providencia\/\" \/>\n<meta property=\"og:site_name\" content=\"Centro de Pol\u00edticas P\u00fablicas e Innovaci\u00f3n en Salud\" \/>\n<meta property=\"article:publisher\" content=\"https:\/\/www.facebook.com\/CIPS.UDD\" \/>\n<meta property=\"article:published_time\" content=\"2023-01-12T17:56:21+00:00\" \/>\n<meta property=\"article:modified_time\" content=\"2023-01-12T17:58:18+00:00\" \/>\n<meta property=\"og:image\" content=\"https:\/\/gobierno.udd.cl\/cips\/files\/2023\/01\/provi_cuatro.jpg\" \/>\n\t<meta property=\"og:image:width\" content=\"894\" \/>\n\t<meta property=\"og:image:height\" content=\"670\" \/>\n\t<meta property=\"og:image:type\" content=\"image\/jpeg\" \/>\n<meta name=\"author\" content=\"noeliazunino\" \/>\n<meta name=\"twitter:card\" content=\"summary_large_image\" \/>\n<meta name=\"twitter:creator\" content=\"@CIPS_UDD\" \/>\n<meta name=\"twitter:site\" content=\"@CIPS_UDD\" \/>\n<meta name=\"twitter:label1\" content=\"Escrito por\" \/>\n\t<meta name=\"twitter:data1\" content=\"noeliazunino\" \/>\n\t<meta name=\"twitter:label2\" content=\"Tiempo de lectura\" \/>\n\t<meta name=\"twitter:data2\" content=\"5 minutos\" \/>\n<script type=\"application\/ld+json\" class=\"yoast-schema-graph\">{\"@context\":\"https:\/\/schema.org\",\"@graph\":[{\"@type\":\"Article\",\"@id\":\"https:\/\/gobierno.udd.cl\/cips\/2023\/01\/12\/cips-colabora-en-plan-para-promover-vacunacion-en-comuna-de-providencia\/#article\",\"isPartOf\":{\"@id\":\"https:\/\/gobierno.udd.cl\/cips\/2023\/01\/12\/cips-colabora-en-plan-para-promover-vacunacion-en-comuna-de-providencia\/\"},\"author\":{\"name\":\"noeliazunino\",\"@id\":\"https:\/\/gobierno.udd.cl\/cips\/#\/schema\/person\/762da3918eafb33feb573290aa231dee\"},\"headline\":\"CIPS colabora en plan para promover vacunaci\u00f3n en comuna de Providencia\",\"datePublished\":\"2023-01-12T17:56:21+00:00\",\"dateModified\":\"2023-01-12T17:58:18+00:00\",\"mainEntityOfPage\":{\"@id\":\"https:\/\/gobierno.udd.cl\/cips\/2023\/01\/12\/cips-colabora-en-plan-para-promover-vacunacion-en-comuna-de-providencia\/\"},\"wordCount\":705,\"commentCount\":0,\"image\":{\"@id\":\"https:\/\/gobierno.udd.cl\/cips\/2023\/01\/12\/cips-colabora-en-plan-para-promover-vacunacion-en-comuna-de-providencia\/#primaryimage\"},\"thumbnailUrl\":\"https:\/\/gobierno.udd.cl\/cips\/files\/2023\/01\/provi_cuatro.jpg\",\"keywords\":[\"CIPS\",\"cips_udd\",\"CIPS-udd\",\"covid\",\"covid 19\",\"ministerio de salud\",\"Paula Daza\",\"Universidad del Desarrollo\",\"vacunaci\u00f3n\"],\"articleSection\":[\"Noticias\"],\"inLanguage\":\"es\",\"potentialAction\":[{\"@type\":\"CommentAction\",\"name\":\"Comment\",\"target\":[\"https:\/\/gobierno.udd.cl\/cips\/2023\/01\/12\/cips-colabora-en-plan-para-promover-vacunacion-en-comuna-de-providencia\/#respond\"]}]},{\"@type\":\"WebPage\",\"@id\":\"https:\/\/gobierno.udd.cl\/cips\/2023\/01\/12\/cips-colabora-en-plan-para-promover-vacunacion-en-comuna-de-providencia\/\",\"url\":\"https:\/\/gobierno.udd.cl\/cips\/2023\/01\/12\/cips-colabora-en-plan-para-promover-vacunacion-en-comuna-de-providencia\/\",\"name\":\"CIPS colabora en plan para promover vacunaci\u00f3n en comuna de Providencia - Centro de Pol\u00edticas P\u00fablicas e Innovaci\u00f3n en Salud\",\"isPartOf\":{\"@id\":\"https:\/\/gobierno.udd.cl\/cips\/#website\"},\"primaryImageOfPage\":{\"@id\":\"https:\/\/gobierno.udd.cl\/cips\/2023\/01\/12\/cips-colabora-en-plan-para-promover-vacunacion-en-comuna-de-providencia\/#primaryimage\"},\"image\":{\"@id\":\"https:\/\/gobierno.udd.cl\/cips\/2023\/01\/12\/cips-colabora-en-plan-para-promover-vacunacion-en-comuna-de-providencia\/#primaryimage\"},\"thumbnailUrl\":\"https:\/\/gobierno.udd.cl\/cips\/files\/2023\/01\/provi_cuatro.jpg\",\"datePublished\":\"2023-01-12T17:56:21+00:00\",\"dateModified\":\"2023-01-12T17:58:18+00:00\",\"author\":{\"@id\":\"https:\/\/gobierno.udd.cl\/cips\/#\/schema\/person\/762da3918eafb33feb573290aa231dee\"},\"breadcrumb\":{\"@id\":\"https:\/\/gobierno.udd.cl\/cips\/2023\/01\/12\/cips-colabora-en-plan-para-promover-vacunacion-en-comuna-de-providencia\/#breadcrumb\"},\"inLanguage\":\"es\",\"potentialAction\":[{\"@type\":\"ReadAction\",\"target\":[\"https:\/\/gobierno.udd.cl\/cips\/2023\/01\/12\/cips-colabora-en-plan-para-promover-vacunacion-en-comuna-de-providencia\/\"]}]},{\"@type\":\"ImageObject\",\"inLanguage\":\"es\",\"@id\":\"https:\/\/gobierno.udd.cl\/cips\/2023\/01\/12\/cips-colabora-en-plan-para-promover-vacunacion-en-comuna-de-providencia\/#primaryimage\",\"url\":\"https:\/\/gobierno.udd.cl\/cips\/files\/2023\/01\/provi_cuatro.jpg\",\"contentUrl\":\"https:\/\/gobierno.udd.cl\/cips\/files\/2023\/01\/provi_cuatro.jpg\",\"width\":894,\"height\":670},{\"@type\":\"BreadcrumbList\",\"@id\":\"https:\/\/gobierno.udd.cl\/cips\/2023\/01\/12\/cips-colabora-en-plan-para-promover-vacunacion-en-comuna-de-providencia\/#breadcrumb\",\"itemListElement\":[{\"@type\":\"ListItem\",\"position\":1,\"name\":\"Portada\",\"item\":\"https:\/\/gobierno.udd.cl\/cips\/\"},{\"@type\":\"ListItem\",\"position\":2,\"name\":\"CIPS colabora en plan para promover vacunaci\u00f3n en comuna de Providencia\"}]},{\"@type\":\"WebSite\",\"@id\":\"https:\/\/gobierno.udd.cl\/cips\/#website\",\"url\":\"https:\/\/gobierno.udd.cl\/cips\/\",\"name\":\"Centro de Pol\u00edticas P\u00fablicas e Innovaci\u00f3n en Salud\",\"description\":\"CIPS-UDD\",\"inLanguage\":\"es\"},{\"@type\":\"Person\",\"@id\":\"https:\/\/gobierno.udd.cl\/cips\/#\/schema\/person\/762da3918eafb33feb573290aa231dee\",\"name\":\"noeliazunino\",\"image\":{\"@type\":\"ImageObject\",\"inLanguage\":\"es\",\"@id\":\"https:\/\/gobierno.udd.cl\/cips\/#\/schema\/person\/image\/\",\"url\":\"https:\/\/secure.gravatar.com\/avatar\/e64e90f9b2b0352dcc8ce3f0db101b4437cfff130fdeba871091434d0c61a07d?s=96&d=mm&r=g\",\"contentUrl\":\"https:\/\/secure.gravatar.com\/avatar\/e64e90f9b2b0352dcc8ce3f0db101b4437cfff130fdeba871091434d0c61a07d?s=96&d=mm&r=g\",\"caption\":\"noeliazunino\"},\"url\":\"https:\/\/gobierno.udd.cl\/cips\/author\/noeliazunino\/\"}]}<\/script>\n<!-- \/ Yoast SEO plugin. -->","yoast_head_json":{"title":"CIPS colabora en plan para promover vacunaci\u00f3n en comuna de Providencia - Centro de Pol\u00edticas P\u00fablicas e Innovaci\u00f3n en Salud","robots":{"index":"index","follow":"follow","max-snippet":"max-snippet:-1","max-image-preview":"max-image-preview:large","max-video-preview":"max-video-preview:-1"},"canonical":"https:\/\/gobierno.udd.cl\/cips\/2023\/01\/12\/cips-colabora-en-plan-para-promover-vacunacion-en-comuna-de-providencia\/","og_locale":"es_ES","og_type":"article","og_title":"CIPS colabora en plan para promover vacunaci\u00f3n en comuna de Providencia - Centro de Pol\u00edticas P\u00fablicas e Innovaci\u00f3n en Salud","og_description":"Paula Daza, directora del Centro de Pol\u00edticas P\u00fablicas e Innovaci\u00f3n en Salud (CIPS) de la Facultad de Gobierno asisti\u00f3 a un centro de vacunaci\u00f3n de Providencia que ser\u00e1 parte de un plan en la comuna para aumentar la cobertura de dosis bivalente frente a las bajas cifras nacionales. De acuerdo con un informe de CIPS-UDD, [&hellip;]","og_url":"https:\/\/gobierno.udd.cl\/cips\/2023\/01\/12\/cips-colabora-en-plan-para-promover-vacunacion-en-comuna-de-providencia\/","og_site_name":"Centro de Pol\u00edticas P\u00fablicas e Innovaci\u00f3n en Salud","article_publisher":"https:\/\/www.facebook.com\/CIPS.UDD","article_published_time":"2023-01-12T17:56:21+00:00","article_modified_time":"2023-01-12T17:58:18+00:00","og_image":[{"width":894,"height":670,"url":"https:\/\/gobierno.udd.cl\/cips\/files\/2023\/01\/provi_cuatro.jpg","type":"image\/jpeg"}],"author":"noeliazunino","twitter_card":"summary_large_image","twitter_creator":"@CIPS_UDD","twitter_site":"@CIPS_UDD","twitter_misc":{"Escrito por":"noeliazunino","Tiempo de lectura":"5 minutos"},"schema":{"@context":"https:\/\/schema.org","@graph":[{"@type":"Article","@id":"https:\/\/gobierno.udd.cl\/cips\/2023\/01\/12\/cips-colabora-en-plan-para-promover-vacunacion-en-comuna-de-providencia\/#article","isPartOf":{"@id":"https:\/\/gobierno.udd.cl\/cips\/2023\/01\/12\/cips-colabora-en-plan-para-promover-vacunacion-en-comuna-de-providencia\/"},"author":{"name":"noeliazunino","@id":"https:\/\/gobierno.udd.cl\/cips\/#\/schema\/person\/762da3918eafb33feb573290aa231dee"},"headline":"CIPS colabora en plan para promover vacunaci\u00f3n en comuna de Providencia","datePublished":"2023-01-12T17:56:21+00:00","dateModified":"2023-01-12T17:58:18+00:00","mainEntityOfPage":{"@id":"https:\/\/gobierno.udd.cl\/cips\/2023\/01\/12\/cips-colabora-en-plan-para-promover-vacunacion-en-comuna-de-providencia\/"},"wordCount":705,"commentCount":0,"image":{"@id":"https:\/\/gobierno.udd.cl\/cips\/2023\/01\/12\/cips-colabora-en-plan-para-promover-vacunacion-en-comuna-de-providencia\/#primaryimage"},"thumbnailUrl":"https:\/\/gobierno.udd.cl\/cips\/files\/2023\/01\/provi_cuatro.jpg","keywords":["CIPS","cips_udd","CIPS-udd","covid","covid 19","ministerio de salud","Paula Daza","Universidad del Desarrollo","vacunaci\u00f3n"],"articleSection":["Noticias"],"inLanguage":"es","potentialAction":[{"@type":"CommentAction","name":"Comment","target":["https:\/\/gobierno.udd.cl\/cips\/2023\/01\/12\/cips-colabora-en-plan-para-promover-vacunacion-en-comuna-de-providencia\/#respond"]}]},{"@type":"WebPage","@id":"https:\/\/gobierno.udd.cl\/cips\/2023\/01\/12\/cips-colabora-en-plan-para-promover-vacunacion-en-comuna-de-providencia\/","url":"https:\/\/gobierno.udd.cl\/cips\/2023\/01\/12\/cips-colabora-en-plan-para-promover-vacunacion-en-comuna-de-providencia\/","name":"CIPS colabora en plan para promover vacunaci\u00f3n en comuna de Providencia - Centro de Pol\u00edticas P\u00fablicas e Innovaci\u00f3n en Salud","isPartOf":{"@id":"https:\/\/gobierno.udd.cl\/cips\/#website"},"primaryImageOfPage":{"@id":"https:\/\/gobierno.udd.cl\/cips\/2023\/01\/12\/cips-colabora-en-plan-para-promover-vacunacion-en-comuna-de-providencia\/#primaryimage"},"image":{"@id":"https:\/\/gobierno.udd.cl\/cips\/2023\/01\/12\/cips-colabora-en-plan-para-promover-vacunacion-en-comuna-de-providencia\/#primaryimage"},"thumbnailUrl":"https:\/\/gobierno.udd.cl\/cips\/files\/2023\/01\/provi_cuatro.jpg","datePublished":"2023-01-12T17:56:21+00:00","dateModified":"2023-01-12T17:58:18+00:00","author":{"@id":"https:\/\/gobierno.udd.cl\/cips\/#\/schema\/person\/762da3918eafb33feb573290aa231dee"},"breadcrumb":{"@id":"https:\/\/gobierno.udd.cl\/cips\/2023\/01\/12\/cips-colabora-en-plan-para-promover-vacunacion-en-comuna-de-providencia\/#breadcrumb"},"inLanguage":"es","potentialAction":[{"@type":"ReadAction","target":["https:\/\/gobierno.udd.cl\/cips\/2023\/01\/12\/cips-colabora-en-plan-para-promover-vacunacion-en-comuna-de-providencia\/"]}]},{"@type":"ImageObject","inLanguage":"es","@id":"https:\/\/gobierno.udd.cl\/cips\/2023\/01\/12\/cips-colabora-en-plan-para-promover-vacunacion-en-comuna-de-providencia\/#primaryimage","url":"https:\/\/gobierno.udd.cl\/cips\/files\/2023\/01\/provi_cuatro.jpg","contentUrl":"https:\/\/gobierno.udd.cl\/cips\/files\/2023\/01\/provi_cuatro.jpg","width":894,"height":670},{"@type":"BreadcrumbList","@id":"https:\/\/gobierno.udd.cl\/cips\/2023\/01\/12\/cips-colabora-en-plan-para-promover-vacunacion-en-comuna-de-providencia\/#breadcrumb","itemListElement":[{"@type":"ListItem","position":1,"name":"Portada","item":"https:\/\/gobierno.udd.cl\/cips\/"},{"@type":"ListItem","position":2,"name":"CIPS colabora en plan para promover vacunaci\u00f3n en comuna de Providencia"}]},{"@type":"WebSite","@id":"https:\/\/gobierno.udd.cl\/cips\/#website","url":"https:\/\/gobierno.udd.cl\/cips\/","name":"Centro de Pol\u00edticas P\u00fablicas e Innovaci\u00f3n en Salud","description":"CIPS-UDD","inLanguage":"es"},{"@type":"Person","@id":"https:\/\/gobierno.udd.cl\/cips\/#\/schema\/person\/762da3918eafb33feb573290aa231dee","name":"noeliazunino","image":{"@type":"ImageObject","inLanguage":"es","@id":"https:\/\/gobierno.udd.cl\/cips\/#\/schema\/person\/image\/","url":"https:\/\/secure.gravatar.com\/avatar\/e64e90f9b2b0352dcc8ce3f0db101b4437cfff130fdeba871091434d0c61a07d?s=96&d=mm&r=g","contentUrl":"https:\/\/secure.gravatar.com\/avatar\/e64e90f9b2b0352dcc8ce3f0db101b4437cfff130fdeba871091434d0c61a07d?s=96&d=mm&r=g","caption":"noeliazunino"},"url":"https:\/\/gobierno.udd.cl\/cips\/author\/noeliazunino\/"}]}},"featured_image_url":"https:\/\/gobierno.udd.cl\/cips\/files\/2023\/01\/provi_cuatro.jpg","_links":{"self":[{"href":"https:\/\/gobierno.udd.cl\/cips\/wp-json\/wp\/v2\/posts\/988","targetHints":{"allow":["GET"]}}],"collection":[{"href":"https:\/\/gobierno.udd.cl\/cips\/wp-json\/wp\/v2\/posts"}],"about":[{"href":"https:\/\/gobierno.udd.cl\/cips\/wp-json\/wp\/v2\/types\/post"}],"author":[{"embeddable":true,"href":"https:\/\/gobierno.udd.cl\/cips\/wp-json\/wp\/v2\/users\/9192237"}],"replies":[{"embeddable":true,"href":"https:\/\/gobierno.udd.cl\/cips\/wp-json\/wp\/v2\/comments?post=988"}],"version-history":[{"count":3,"href":"https:\/\/gobierno.udd.cl\/cips\/wp-json\/wp\/v2\/posts\/988\/revisions"}],"predecessor-version":[{"id":1000,"href":"https:\/\/gobierno.udd.cl\/cips\/wp-json\/wp\/v2\/posts\/988\/revisions\/1000"}],"wp:featuredmedia":[{"embeddable":true,"href":"https:\/\/gobierno.udd.cl\/cips\/wp-json\/wp\/v2\/media\/992"}],"wp:attachment":[{"href":"https:\/\/gobierno.udd.cl\/cips\/wp-json\/wp\/v2\/media?parent=988"}],"wp:term":[{"taxonomy":"category","embeddable":true,"href":"https:\/\/gobierno.udd.cl\/cips\/wp-json\/wp\/v2\/categories?post=988"},{"taxonomy":"post_tag","embeddable":true,"href":"https:\/\/gobierno.udd.cl\/cips\/wp-json\/wp\/v2\/tags?post=988"}],"curies":[{"name":"wp","href":"https:\/\/api.w.org\/{rel}","templated":true}]}}