{"id":958,"date":"2022-12-22T09:14:53","date_gmt":"2022-12-22T12:14:53","guid":{"rendered":"https:\/\/gobierno.udd.cl\/cips\/?p=958"},"modified":"2022-12-22T13:46:04","modified_gmt":"2022-12-22T16:46:04","slug":"cips-presenta-proyecto-de-plan-universal-de-medicamentos-ambulatorios-a-ministra-de-salud","status":"publish","type":"post","link":"https:\/\/gobierno.udd.cl\/cips\/2022\/12\/22\/cips-presenta-proyecto-de-plan-universal-de-medicamentos-ambulatorios-a-ministra-de-salud\/","title":{"rendered":"CIPS presenta proyecto de Plan Universal de Medicamentos Ambulatorios a ministra de Salud"},"content":{"rendered":"\n<p><em>La propuesta que logra disminuir el gasto de bolsillo en medicamentos con receta tuvo buena aceptaci\u00f3n la semana pasada en el Congreso y hoy se present\u00f3 ante la autoridad sanitaria para que el Ejecutivo pueda enviarla al Congreso.<\/em><\/p>\n\n\n\n<p>Hasta el Ministerio de Salud llegaron <strong>Paula Daza<\/strong>, Directora Ejecutiva del Centro de Pol\u00edticas P\u00fablicas e Innovaci\u00f3n en Salud (CIPS) de la Universidad del Desarrollo y<strong> Emilio Santelices<\/strong>, miembro del Comit\u00e9 Ejecutivo del centro, para reunirse con la ministra de Salud, <strong>Ximena Aguilera.<\/strong><\/p>\n\n\n\n<p>En el encuentro se le present\u00f3 a la autoridad sanitaria el <em>Plan Universal de Medicamentos Ambulatorios (PUMA)<\/em>, cuya finalidad es disminuir el gasto de bolsillo en f\u00e1rmacos de toda persona beneficiaria o afiliada a alguna previsi\u00f3n de salud (Fonasa, Isapre y FFAA), el cual es sin l\u00edmites de uso ni pago de deducibles.&nbsp;<\/p>\n\n\n\n<p>El proyecto PUMA propone que, a trav\u00e9s de un fondo de medicamentos, se financie el 60% del precio de los medicamentos ambulatorios que requieren receta m\u00e9dica y que est\u00e1n entre los m\u00e1s vendidos. De esta forma, la persona copagar\u00e1 el 40%, permitiendo un ahorro que podr\u00eda llegar hasta a 75% en los medicamentos considerados, seg\u00fan estimaciones que est\u00e1n en el Plan Universal de Medicamentos Ambulatorios.<\/p>\n\n\n\n<p>En la instancia la directora ejecutiva le mostr\u00f3 a la ministra Aguilera datos sobre una encuesta reciente realizada por el centro en donde el 88% afirmaba que el gasto en medicamentos era un desembolso importante en su presupuesto familiar, el que hab\u00eda llevado a dejar de consumir otros bienes (50%) e incluso endeudarse (30%).&nbsp;<\/p>\n\n\n\n<p>Se profundiz\u00f3 que, si bien hay que <em>\u00abdisminuir las barreras de acceso a f\u00e1rmacos y analizar todo su sistema: desde la regulaci\u00f3n pasando por la distribuci\u00f3n y las brechas de acceso para los pacientes.&nbsp; Todo este proceso de nuevas pol\u00edticas p\u00fablicas que acorten estas barreras, requiere m\u00e1s tiempo\u00bb. <\/em><\/p>\n\n\n\n<p><em>\u201cVinimos a presentarle a la ministra de Salud, Ximena Aguilera, un proyecto que, frente al contexto econ\u00f3mico del pr\u00f3ximo a\u00f1o, es una soluci\u00f3n para disminuir el dinero que desembolsan las personas para sus tratamientos. Es una soluci\u00f3n a corto plazo mientras se realiza una transformaci\u00f3n m\u00e1s profunda en el sistema de acceso a medicamentos\u201d, sostuvo Daza. <\/em><em><\/em><\/p>\n\n\n\n<p>En la reuni\u00f3n la ministra Aguilera agradeci\u00f3 la presentaci\u00f3n y pedir\u00e1 que se evalu\u00e9 dentro del Ministerio de Salud. A su vez destac\u00f3 el objetivo principal que tiene este plan de reducir el gasto de bolsillo y las barreras de acceso. En esa misma l\u00ednea durante un punto de prensa se le pregunt\u00f3 a la autoridad sanitaria por la propuesta de CIPS-UDD, a lo que respondi\u00f3 que \u00ab<em>como gobierno estamos preocupados de mejorar el acceso a la salud y gasto de bolsillo.  En esa l\u00ednea desde el Centro de Pol\u00edticas P\u00fablicas e Innovaci\u00f3n en Salud de la Universidad del Desarrollo, la doctora Daza nos present\u00f3 esta propuesta. La acogimos muy bien y la vamos a estudiar. Estamos trabajando en c\u00f3mo mejorar el acceso y el control de precios de medicamentos. Tambi\u00e9n estamos en el Congreso con la Ley de F\u00e1rmacos II que esperamos que empiece a discutirse nuevamente, que tambi\u00e9n est\u00e1 relacionado con el tema de mejorar el acceso a los medicamentos y el gasto\u00bb<\/em>. <\/p>\n\n\n\n<p>Debido a que este plan requiere presupuesto desde el Estado, es el Ejecutivo quien debe enviar este proyecto al Congreso. <em>\u201cEsperamos que el Ejecutivo considere este plan y sea un ejemplo que, cuando se proponen soluciones para todos los chilenos; cuando se trabaja en conjunto entre academia y tomadores de decisiones; los beneficiarios somos todos\u201d<\/em>, concluy\u00f3 Daza tras el encuentro.<\/p>\n\n\n\n<figure class=\"wp-block-image aligncenter size-large\"><img loading=\"lazy\" decoding=\"async\" width=\"1024\" height=\"722\" src=\"https:\/\/gobierno.udd.cl\/cips\/files\/2022\/12\/minsal-1024x722.jpg\" alt=\"\" class=\"wp-image-959\" srcset=\"https:\/\/gobierno.udd.cl\/cips\/files\/2022\/12\/minsal-1024x722.jpg 1024w, https:\/\/gobierno.udd.cl\/cips\/files\/2022\/12\/minsal-300x211.jpg 300w, https:\/\/gobierno.udd.cl\/cips\/files\/2022\/12\/minsal-768x541.jpg 768w, https:\/\/gobierno.udd.cl\/cips\/files\/2022\/12\/minsal-316x224.jpg 316w, https:\/\/gobierno.udd.cl\/cips\/files\/2022\/12\/minsal-87x62.jpg 87w, https:\/\/gobierno.udd.cl\/cips\/files\/2022\/12\/minsal.jpg 1280w\" sizes=\"auto, (max-width: 1024px) 100vw, 1024px\" \/><\/figure>\n","protected":false},"excerpt":{"rendered":"<p>La propuesta que logra disminuir el gasto de bolsillo en medicamentos con receta tuvo buena aceptaci\u00f3n la semana pasada en el Congreso y hoy se present\u00f3 ante la autoridad sanitaria para que el Ejecutivo pueda enviarla al Congreso. Hasta el Ministerio de Salud llegaron Paula Daza, Directora Ejecutiva del Centro de Pol\u00edticas P\u00fablicas e Innovaci\u00f3n [&hellip;]<\/p>\n","protected":false},"author":9192236,"featured_media":959,"comment_status":"open","ping_status":"open","sticky":false,"template":"","format":"standard","meta":{"footnotes":""},"categories":[3],"tags":[15,87,71,90,31,14,23,109],"class_list":["post-958","post","type-post","status-publish","format-standard","has-post-thumbnail","hentry","category-noticias","tag-cips","tag-cips_udd","tag-cips-udd","tag-emilio-santelices","tag-ministerio-de-salud","tag-paula-daza","tag-universidad-del-desarrollo","tag-ximena-aguilera"],"yoast_head":"<!-- This site is optimized with the Yoast SEO plugin v26.9 - https:\/\/yoast.com\/product\/yoast-seo-wordpress\/ -->\n<title>CIPS presenta proyecto de Plan Universal de Medicamentos Ambulatorios a ministra de Salud - Centro de Pol\u00edticas P\u00fablicas e Innovaci\u00f3n en Salud<\/title>\n<meta name=\"robots\" content=\"index, follow, max-snippet:-1, max-image-preview:large, max-video-preview:-1\" \/>\n<link rel=\"canonical\" href=\"https:\/\/gobierno.udd.cl\/cips\/2022\/12\/22\/cips-presenta-proyecto-de-plan-universal-de-medicamentos-ambulatorios-a-ministra-de-salud\/\" \/>\n<meta property=\"og:locale\" content=\"es_ES\" \/>\n<meta property=\"og:type\" content=\"article\" \/>\n<meta property=\"og:title\" content=\"CIPS presenta proyecto de Plan Universal de Medicamentos Ambulatorios a ministra de Salud - Centro de Pol\u00edticas P\u00fablicas e Innovaci\u00f3n en Salud\" \/>\n<meta property=\"og:description\" content=\"La propuesta que logra disminuir el gasto de bolsillo en medicamentos con receta tuvo buena aceptaci\u00f3n la semana pasada en el Congreso y hoy se present\u00f3 ante la autoridad sanitaria para que el Ejecutivo pueda enviarla al Congreso. Hasta el Ministerio de Salud llegaron Paula Daza, Directora Ejecutiva del Centro de Pol\u00edticas P\u00fablicas e Innovaci\u00f3n [&hellip;]\" \/>\n<meta property=\"og:url\" content=\"https:\/\/gobierno.udd.cl\/cips\/2022\/12\/22\/cips-presenta-proyecto-de-plan-universal-de-medicamentos-ambulatorios-a-ministra-de-salud\/\" \/>\n<meta property=\"og:site_name\" content=\"Centro de Pol\u00edticas P\u00fablicas e Innovaci\u00f3n en Salud\" \/>\n<meta property=\"article:publisher\" content=\"https:\/\/www.facebook.com\/CIPS.UDD\" \/>\n<meta property=\"article:published_time\" content=\"2022-12-22T12:14:53+00:00\" \/>\n<meta property=\"article:modified_time\" content=\"2022-12-22T16:46:04+00:00\" \/>\n<meta property=\"og:image\" content=\"https:\/\/gobierno.udd.cl\/cips\/files\/2022\/12\/minsal.jpg\" \/>\n\t<meta property=\"og:image:width\" content=\"1280\" \/>\n\t<meta property=\"og:image:height\" content=\"902\" \/>\n\t<meta property=\"og:image:type\" content=\"image\/jpeg\" \/>\n<meta name=\"author\" content=\"ccararo\" \/>\n<meta name=\"twitter:card\" content=\"summary_large_image\" \/>\n<meta name=\"twitter:creator\" content=\"@CIPS_UDD\" \/>\n<meta name=\"twitter:site\" content=\"@CIPS_UDD\" \/>\n<meta name=\"twitter:label1\" content=\"Escrito por\" \/>\n\t<meta name=\"twitter:data1\" content=\"ccararo\" \/>\n\t<meta name=\"twitter:label2\" content=\"Tiempo de lectura\" \/>\n\t<meta name=\"twitter:data2\" content=\"3 minutos\" \/>\n<script type=\"application\/ld+json\" class=\"yoast-schema-graph\">{\"@context\":\"https:\/\/schema.org\",\"@graph\":[{\"@type\":\"Article\",\"@id\":\"https:\/\/gobierno.udd.cl\/cips\/2022\/12\/22\/cips-presenta-proyecto-de-plan-universal-de-medicamentos-ambulatorios-a-ministra-de-salud\/#article\",\"isPartOf\":{\"@id\":\"https:\/\/gobierno.udd.cl\/cips\/2022\/12\/22\/cips-presenta-proyecto-de-plan-universal-de-medicamentos-ambulatorios-a-ministra-de-salud\/\"},\"author\":{\"name\":\"ccararo\",\"@id\":\"https:\/\/gobierno.udd.cl\/cips\/#\/schema\/person\/9d509bb16e7d8299d075f0e90b5d7d00\"},\"headline\":\"CIPS presenta proyecto de Plan Universal de Medicamentos Ambulatorios a ministra de Salud\",\"datePublished\":\"2022-12-22T12:14:53+00:00\",\"dateModified\":\"2022-12-22T16:46:04+00:00\",\"mainEntityOfPage\":{\"@id\":\"https:\/\/gobierno.udd.cl\/cips\/2022\/12\/22\/cips-presenta-proyecto-de-plan-universal-de-medicamentos-ambulatorios-a-ministra-de-salud\/\"},\"wordCount\":631,\"commentCount\":0,\"image\":{\"@id\":\"https:\/\/gobierno.udd.cl\/cips\/2022\/12\/22\/cips-presenta-proyecto-de-plan-universal-de-medicamentos-ambulatorios-a-ministra-de-salud\/#primaryimage\"},\"thumbnailUrl\":\"https:\/\/gobierno.udd.cl\/cips\/files\/2022\/12\/minsal.jpg\",\"keywords\":[\"CIPS\",\"cips_udd\",\"CIPS-udd\",\"emilio santelices\",\"ministerio de salud\",\"Paula Daza\",\"Universidad del Desarrollo\",\"Ximena aguilera\"],\"articleSection\":[\"Noticias\"],\"inLanguage\":\"es\",\"potentialAction\":[{\"@type\":\"CommentAction\",\"name\":\"Comment\",\"target\":[\"https:\/\/gobierno.udd.cl\/cips\/2022\/12\/22\/cips-presenta-proyecto-de-plan-universal-de-medicamentos-ambulatorios-a-ministra-de-salud\/#respond\"]}]},{\"@type\":\"WebPage\",\"@id\":\"https:\/\/gobierno.udd.cl\/cips\/2022\/12\/22\/cips-presenta-proyecto-de-plan-universal-de-medicamentos-ambulatorios-a-ministra-de-salud\/\",\"url\":\"https:\/\/gobierno.udd.cl\/cips\/2022\/12\/22\/cips-presenta-proyecto-de-plan-universal-de-medicamentos-ambulatorios-a-ministra-de-salud\/\",\"name\":\"CIPS presenta proyecto de Plan Universal de Medicamentos Ambulatorios a ministra de Salud - Centro de Pol\u00edticas P\u00fablicas e Innovaci\u00f3n en Salud\",\"isPartOf\":{\"@id\":\"https:\/\/gobierno.udd.cl\/cips\/#website\"},\"primaryImageOfPage\":{\"@id\":\"https:\/\/gobierno.udd.cl\/cips\/2022\/12\/22\/cips-presenta-proyecto-de-plan-universal-de-medicamentos-ambulatorios-a-ministra-de-salud\/#primaryimage\"},\"image\":{\"@id\":\"https:\/\/gobierno.udd.cl\/cips\/2022\/12\/22\/cips-presenta-proyecto-de-plan-universal-de-medicamentos-ambulatorios-a-ministra-de-salud\/#primaryimage\"},\"thumbnailUrl\":\"https:\/\/gobierno.udd.cl\/cips\/files\/2022\/12\/minsal.jpg\",\"datePublished\":\"2022-12-22T12:14:53+00:00\",\"dateModified\":\"2022-12-22T16:46:04+00:00\",\"author\":{\"@id\":\"https:\/\/gobierno.udd.cl\/cips\/#\/schema\/person\/9d509bb16e7d8299d075f0e90b5d7d00\"},\"breadcrumb\":{\"@id\":\"https:\/\/gobierno.udd.cl\/cips\/2022\/12\/22\/cips-presenta-proyecto-de-plan-universal-de-medicamentos-ambulatorios-a-ministra-de-salud\/#breadcrumb\"},\"inLanguage\":\"es\",\"potentialAction\":[{\"@type\":\"ReadAction\",\"target\":[\"https:\/\/gobierno.udd.cl\/cips\/2022\/12\/22\/cips-presenta-proyecto-de-plan-universal-de-medicamentos-ambulatorios-a-ministra-de-salud\/\"]}]},{\"@type\":\"ImageObject\",\"inLanguage\":\"es\",\"@id\":\"https:\/\/gobierno.udd.cl\/cips\/2022\/12\/22\/cips-presenta-proyecto-de-plan-universal-de-medicamentos-ambulatorios-a-ministra-de-salud\/#primaryimage\",\"url\":\"https:\/\/gobierno.udd.cl\/cips\/files\/2022\/12\/minsal.jpg\",\"contentUrl\":\"https:\/\/gobierno.udd.cl\/cips\/files\/2022\/12\/minsal.jpg\",\"width\":1280,\"height\":902},{\"@type\":\"BreadcrumbList\",\"@id\":\"https:\/\/gobierno.udd.cl\/cips\/2022\/12\/22\/cips-presenta-proyecto-de-plan-universal-de-medicamentos-ambulatorios-a-ministra-de-salud\/#breadcrumb\",\"itemListElement\":[{\"@type\":\"ListItem\",\"position\":1,\"name\":\"Portada\",\"item\":\"https:\/\/gobierno.udd.cl\/cips\/\"},{\"@type\":\"ListItem\",\"position\":2,\"name\":\"CIPS presenta proyecto de Plan Universal de Medicamentos Ambulatorios a ministra de Salud\"}]},{\"@type\":\"WebSite\",\"@id\":\"https:\/\/gobierno.udd.cl\/cips\/#website\",\"url\":\"https:\/\/gobierno.udd.cl\/cips\/\",\"name\":\"Centro de Pol\u00edticas P\u00fablicas e Innovaci\u00f3n en Salud\",\"description\":\"CIPS-UDD\",\"inLanguage\":\"es\"},{\"@type\":\"Person\",\"@id\":\"https:\/\/gobierno.udd.cl\/cips\/#\/schema\/person\/9d509bb16e7d8299d075f0e90b5d7d00\",\"name\":\"ccararo\",\"image\":{\"@type\":\"ImageObject\",\"inLanguage\":\"es\",\"@id\":\"https:\/\/gobierno.udd.cl\/cips\/#\/schema\/person\/image\/\",\"url\":\"https:\/\/secure.gravatar.com\/avatar\/fe809aec6c8a49b41db481a62d9671eec512578ac25cf41f7420b8069513828c?s=96&d=mm&r=g\",\"contentUrl\":\"https:\/\/secure.gravatar.com\/avatar\/fe809aec6c8a49b41db481a62d9671eec512578ac25cf41f7420b8069513828c?s=96&d=mm&r=g\",\"caption\":\"ccararo\"},\"url\":\"https:\/\/gobierno.udd.cl\/cips\/author\/ccararo\/\"}]}<\/script>\n<!-- \/ Yoast SEO plugin. -->","yoast_head_json":{"title":"CIPS presenta proyecto de Plan Universal de Medicamentos Ambulatorios a ministra de Salud - Centro de Pol\u00edticas P\u00fablicas e Innovaci\u00f3n en Salud","robots":{"index":"index","follow":"follow","max-snippet":"max-snippet:-1","max-image-preview":"max-image-preview:large","max-video-preview":"max-video-preview:-1"},"canonical":"https:\/\/gobierno.udd.cl\/cips\/2022\/12\/22\/cips-presenta-proyecto-de-plan-universal-de-medicamentos-ambulatorios-a-ministra-de-salud\/","og_locale":"es_ES","og_type":"article","og_title":"CIPS presenta proyecto de Plan Universal de Medicamentos Ambulatorios a ministra de Salud - Centro de Pol\u00edticas P\u00fablicas e Innovaci\u00f3n en Salud","og_description":"La propuesta que logra disminuir el gasto de bolsillo en medicamentos con receta tuvo buena aceptaci\u00f3n la semana pasada en el Congreso y hoy se present\u00f3 ante la autoridad sanitaria para que el Ejecutivo pueda enviarla al Congreso. Hasta el Ministerio de Salud llegaron Paula Daza, Directora Ejecutiva del Centro de Pol\u00edticas P\u00fablicas e Innovaci\u00f3n [&hellip;]","og_url":"https:\/\/gobierno.udd.cl\/cips\/2022\/12\/22\/cips-presenta-proyecto-de-plan-universal-de-medicamentos-ambulatorios-a-ministra-de-salud\/","og_site_name":"Centro de Pol\u00edticas P\u00fablicas e Innovaci\u00f3n en Salud","article_publisher":"https:\/\/www.facebook.com\/CIPS.UDD","article_published_time":"2022-12-22T12:14:53+00:00","article_modified_time":"2022-12-22T16:46:04+00:00","og_image":[{"width":1280,"height":902,"url":"https:\/\/gobierno.udd.cl\/cips\/files\/2022\/12\/minsal.jpg","type":"image\/jpeg"}],"author":"ccararo","twitter_card":"summary_large_image","twitter_creator":"@CIPS_UDD","twitter_site":"@CIPS_UDD","twitter_misc":{"Escrito por":"ccararo","Tiempo de lectura":"3 minutos"},"schema":{"@context":"https:\/\/schema.org","@graph":[{"@type":"Article","@id":"https:\/\/gobierno.udd.cl\/cips\/2022\/12\/22\/cips-presenta-proyecto-de-plan-universal-de-medicamentos-ambulatorios-a-ministra-de-salud\/#article","isPartOf":{"@id":"https:\/\/gobierno.udd.cl\/cips\/2022\/12\/22\/cips-presenta-proyecto-de-plan-universal-de-medicamentos-ambulatorios-a-ministra-de-salud\/"},"author":{"name":"ccararo","@id":"https:\/\/gobierno.udd.cl\/cips\/#\/schema\/person\/9d509bb16e7d8299d075f0e90b5d7d00"},"headline":"CIPS presenta proyecto de Plan Universal de Medicamentos Ambulatorios a ministra de Salud","datePublished":"2022-12-22T12:14:53+00:00","dateModified":"2022-12-22T16:46:04+00:00","mainEntityOfPage":{"@id":"https:\/\/gobierno.udd.cl\/cips\/2022\/12\/22\/cips-presenta-proyecto-de-plan-universal-de-medicamentos-ambulatorios-a-ministra-de-salud\/"},"wordCount":631,"commentCount":0,"image":{"@id":"https:\/\/gobierno.udd.cl\/cips\/2022\/12\/22\/cips-presenta-proyecto-de-plan-universal-de-medicamentos-ambulatorios-a-ministra-de-salud\/#primaryimage"},"thumbnailUrl":"https:\/\/gobierno.udd.cl\/cips\/files\/2022\/12\/minsal.jpg","keywords":["CIPS","cips_udd","CIPS-udd","emilio santelices","ministerio de salud","Paula Daza","Universidad del Desarrollo","Ximena aguilera"],"articleSection":["Noticias"],"inLanguage":"es","potentialAction":[{"@type":"CommentAction","name":"Comment","target":["https:\/\/gobierno.udd.cl\/cips\/2022\/12\/22\/cips-presenta-proyecto-de-plan-universal-de-medicamentos-ambulatorios-a-ministra-de-salud\/#respond"]}]},{"@type":"WebPage","@id":"https:\/\/gobierno.udd.cl\/cips\/2022\/12\/22\/cips-presenta-proyecto-de-plan-universal-de-medicamentos-ambulatorios-a-ministra-de-salud\/","url":"https:\/\/gobierno.udd.cl\/cips\/2022\/12\/22\/cips-presenta-proyecto-de-plan-universal-de-medicamentos-ambulatorios-a-ministra-de-salud\/","name":"CIPS presenta proyecto de Plan Universal de Medicamentos Ambulatorios a ministra de Salud - Centro de Pol\u00edticas P\u00fablicas e Innovaci\u00f3n en Salud","isPartOf":{"@id":"https:\/\/gobierno.udd.cl\/cips\/#website"},"primaryImageOfPage":{"@id":"https:\/\/gobierno.udd.cl\/cips\/2022\/12\/22\/cips-presenta-proyecto-de-plan-universal-de-medicamentos-ambulatorios-a-ministra-de-salud\/#primaryimage"},"image":{"@id":"https:\/\/gobierno.udd.cl\/cips\/2022\/12\/22\/cips-presenta-proyecto-de-plan-universal-de-medicamentos-ambulatorios-a-ministra-de-salud\/#primaryimage"},"thumbnailUrl":"https:\/\/gobierno.udd.cl\/cips\/files\/2022\/12\/minsal.jpg","datePublished":"2022-12-22T12:14:53+00:00","dateModified":"2022-12-22T16:46:04+00:00","author":{"@id":"https:\/\/gobierno.udd.cl\/cips\/#\/schema\/person\/9d509bb16e7d8299d075f0e90b5d7d00"},"breadcrumb":{"@id":"https:\/\/gobierno.udd.cl\/cips\/2022\/12\/22\/cips-presenta-proyecto-de-plan-universal-de-medicamentos-ambulatorios-a-ministra-de-salud\/#breadcrumb"},"inLanguage":"es","potentialAction":[{"@type":"ReadAction","target":["https:\/\/gobierno.udd.cl\/cips\/2022\/12\/22\/cips-presenta-proyecto-de-plan-universal-de-medicamentos-ambulatorios-a-ministra-de-salud\/"]}]},{"@type":"ImageObject","inLanguage":"es","@id":"https:\/\/gobierno.udd.cl\/cips\/2022\/12\/22\/cips-presenta-proyecto-de-plan-universal-de-medicamentos-ambulatorios-a-ministra-de-salud\/#primaryimage","url":"https:\/\/gobierno.udd.cl\/cips\/files\/2022\/12\/minsal.jpg","contentUrl":"https:\/\/gobierno.udd.cl\/cips\/files\/2022\/12\/minsal.jpg","width":1280,"height":902},{"@type":"BreadcrumbList","@id":"https:\/\/gobierno.udd.cl\/cips\/2022\/12\/22\/cips-presenta-proyecto-de-plan-universal-de-medicamentos-ambulatorios-a-ministra-de-salud\/#breadcrumb","itemListElement":[{"@type":"ListItem","position":1,"name":"Portada","item":"https:\/\/gobierno.udd.cl\/cips\/"},{"@type":"ListItem","position":2,"name":"CIPS presenta proyecto de Plan Universal de Medicamentos Ambulatorios a ministra de Salud"}]},{"@type":"WebSite","@id":"https:\/\/gobierno.udd.cl\/cips\/#website","url":"https:\/\/gobierno.udd.cl\/cips\/","name":"Centro de Pol\u00edticas P\u00fablicas e Innovaci\u00f3n en Salud","description":"CIPS-UDD","inLanguage":"es"},{"@type":"Person","@id":"https:\/\/gobierno.udd.cl\/cips\/#\/schema\/person\/9d509bb16e7d8299d075f0e90b5d7d00","name":"ccararo","image":{"@type":"ImageObject","inLanguage":"es","@id":"https:\/\/gobierno.udd.cl\/cips\/#\/schema\/person\/image\/","url":"https:\/\/secure.gravatar.com\/avatar\/fe809aec6c8a49b41db481a62d9671eec512578ac25cf41f7420b8069513828c?s=96&d=mm&r=g","contentUrl":"https:\/\/secure.gravatar.com\/avatar\/fe809aec6c8a49b41db481a62d9671eec512578ac25cf41f7420b8069513828c?s=96&d=mm&r=g","caption":"ccararo"},"url":"https:\/\/gobierno.udd.cl\/cips\/author\/ccararo\/"}]}},"featured_image_url":"https:\/\/gobierno.udd.cl\/cips\/files\/2022\/12\/minsal.jpg","_links":{"self":[{"href":"https:\/\/gobierno.udd.cl\/cips\/wp-json\/wp\/v2\/posts\/958","targetHints":{"allow":["GET"]}}],"collection":[{"href":"https:\/\/gobierno.udd.cl\/cips\/wp-json\/wp\/v2\/posts"}],"about":[{"href":"https:\/\/gobierno.udd.cl\/cips\/wp-json\/wp\/v2\/types\/post"}],"author":[{"embeddable":true,"href":"https:\/\/gobierno.udd.cl\/cips\/wp-json\/wp\/v2\/users\/9192236"}],"replies":[{"embeddable":true,"href":"https:\/\/gobierno.udd.cl\/cips\/wp-json\/wp\/v2\/comments?post=958"}],"version-history":[{"count":2,"href":"https:\/\/gobierno.udd.cl\/cips\/wp-json\/wp\/v2\/posts\/958\/revisions"}],"predecessor-version":[{"id":966,"href":"https:\/\/gobierno.udd.cl\/cips\/wp-json\/wp\/v2\/posts\/958\/revisions\/966"}],"wp:featuredmedia":[{"embeddable":true,"href":"https:\/\/gobierno.udd.cl\/cips\/wp-json\/wp\/v2\/media\/959"}],"wp:attachment":[{"href":"https:\/\/gobierno.udd.cl\/cips\/wp-json\/wp\/v2\/media?parent=958"}],"wp:term":[{"taxonomy":"category","embeddable":true,"href":"https:\/\/gobierno.udd.cl\/cips\/wp-json\/wp\/v2\/categories?post=958"},{"taxonomy":"post_tag","embeddable":true,"href":"https:\/\/gobierno.udd.cl\/cips\/wp-json\/wp\/v2\/tags?post=958"}],"curies":[{"name":"wp","href":"https:\/\/api.w.org\/{rel}","templated":true}]}}