{"id":907,"date":"2022-12-15T09:35:40","date_gmt":"2022-12-15T12:35:40","guid":{"rendered":"https:\/\/gobierno.udd.cl\/cips\/?p=907"},"modified":"2022-12-15T09:56:11","modified_gmt":"2022-12-15T12:56:11","slug":"paula-daza-y-emilio-santelices-exponen-en-el-senado-propuesta-para-reducir-el-gasto-en-medicamentos","status":"publish","type":"post","link":"https:\/\/gobierno.udd.cl\/cips\/2022\/12\/15\/paula-daza-y-emilio-santelices-exponen-en-el-senado-propuesta-para-reducir-el-gasto-en-medicamentos\/","title":{"rendered":"Paula Daza y Emilio Santelices exponen en el Senado propuesta para reducir el gasto en medicamentos"},"content":{"rendered":"\n<p class=\"has-text-align-left\"><strong><strong>El Plan Universal de Medicamentos Ambulatorios(PUMA), elaborado por CIPS-UDD, busca ser una alternativa a corto plazo que ayude a disminuir el gasto en los medicamentos ambulatorios con receta que m\u00e1s se venden en el mercado farmac\u00e9utico. De forma un\u00e1nime, los senadores de la comisi\u00f3n de salud celebraron la iniciativa y pidieron presentarlo en la comisi\u00f3n mixta por ley de f\u00e1rmacos la pr\u00f3xima semana.<\/strong><\/strong><\/p>\n\n\n\n<p class=\"has-text-align-left\">Paula Daza, Directora Ejecutiva del Centro de Pol\u00edticas P\u00fablicas e Innovaci\u00f3n en Salud (CIPS) de la Facultad de Gobierno de la Universidad del Desarrollo, junto con los miembros del comit\u00e9 ejecutivo Emilio Santelices y Vesna Mandakovic, particip\u00f3 en la Comisi\u00f3n de Salud del Senado para exponer la propuesta de Plan Universal de Medicamentos Ambulatorios (PUMA). Esta iniciativa busca disminuir, en el corto plazo, el gasto de bolsillo de toda persona beneficiaria o afiliada a alguna previsi\u00f3n de salud (Fonasa, Isapre y FFAA).<\/p>\n\n\n\n<p class=\"has-text-align-left\">PUMA pretende disminuir el precio a pagar en farmacias por medicamentos ambulatorios. Estos f\u00e1rmacos son aquellos que las personas no hospitalizadas consumen para tratamiento o enfermedad. Los medicamentos ambulatorios que est\u00e1n incluidos en este beneficio son aquellos que requieren receta m\u00e9dica y que tienen mayor cantidad de ventas. El uso de este beneficio es sin l\u00edmites de uso ni pago de deducibles.<\/p>\n\n\n\n<p>El proyecto PUMA propone que el Estado financie, a trav\u00e9s de un fondo de medicamentos, el 60% del precio de los medicamentos que se incorporan para su cobertura. De esta forma, la persona copagar\u00e1 el 40%, permitiendo un ahorro que podr\u00eda llegar hasta a 75% en los medicamentos considerados, seg\u00fan estimaciones que est\u00e1n en el Plan Universal de Medicamentos Ambulatorios. Por ejemplo, si actualmente la persona paga $6.409 por un medicamento ambulatorio con receta, con la puesta en marcha de PUMA, el copago promedio podr\u00eda ser de $1.664 pesos por medicamento.<\/p>\n\n\n\n<figure class=\"wp-block-image aligncenter size-large\"><img loading=\"lazy\" decoding=\"async\" width=\"1024\" height=\"576\" src=\"https:\/\/gobierno.udd.cl\/cips\/files\/2022\/12\/senado4-1024x576.jpg\" alt=\"\" class=\"wp-image-908\" srcset=\"https:\/\/gobierno.udd.cl\/cips\/files\/2022\/12\/senado4-1024x576.jpg 1024w, https:\/\/gobierno.udd.cl\/cips\/files\/2022\/12\/senado4-300x169.jpg 300w, https:\/\/gobierno.udd.cl\/cips\/files\/2022\/12\/senado4-768x432.jpg 768w, https:\/\/gobierno.udd.cl\/cips\/files\/2022\/12\/senado4-1536x864.jpg 1536w, https:\/\/gobierno.udd.cl\/cips\/files\/2022\/12\/senado4-1366x768.jpg 1366w, https:\/\/gobierno.udd.cl\/cips\/files\/2022\/12\/senado4-680x382.jpg 680w, https:\/\/gobierno.udd.cl\/cips\/files\/2022\/12\/senado4.jpg 1599w\" sizes=\"auto, (max-width: 1024px) 100vw, 1024px\" \/><\/figure>\n\n\n\n<p><em>\u201cHay personas que pudiendo sacar sus medicamentos de forma gratuita en consultorios, no lo hace por brechas que hay en la ruta del paciente como falta de stock o largos tiempos de espera. Se debe disminuir las barreras de acceso a f\u00e1rmacos y analizar todo su sistema: desde la regulaci\u00f3n pasando por la distribuci\u00f3n y las brechas de acceso para los pacientes. Todo este proceso de nuevas pol\u00edticas p\u00fablicas que acorten estas barreras, requiere m\u00e1s tiempo, pero las personas no pueden esperar. Por eso CIPS \u2013 UDD propone esta propuesta que aliviar\u00e1 el bolsillo de muchos chilenos, pero adem\u00e1s, evitar\u00e1 que la gente no deje sus tratamientos por falta de cobertura o compren en lugares no autorizados que pueden provocar un peligro en la salud p\u00fablica\u201d<\/em>, dijo la directora ejecutiva de CIPS UDD.<\/p>\n\n\n\n<p><em>\u201cCon la propuesta que presentamos, si una familia hoy gasta 30 mil pesos en medicamentos puede disminuir a 12 mil pesos. Agradecemos y valoramos la actitud positiva y transversal de la comisi\u00f3n de salud del Senado quienes entienden&nbsp; la premura de tomar medidas que permitan aliviar el bolsillo en salud de los chilenos\u201d<\/em>, coment\u00f3 <strong>Emilio Santelices<\/strong>, miembro del comit\u00e9 ejecutivo de CIPS-UDD.<\/p>\n\n\n\n<p>Daza present\u00f3 ante los senadores <strong>Francisco Chahu\u00e1n<\/strong>, <strong>Javier Macaya<\/strong>, <strong>Juan Luis Castro<\/strong>, <strong>Iv\u00e1n Flores<\/strong> y <strong>Felipe Kast<\/strong>, todos parte de la comisi\u00f3n de salud, quien recibieron de forma positiva el proyecto y agradecieron que la academia propusiera propuestas para incidir y solucionar problem\u00e1ticas concretas en salud.<\/p>\n\n\n\n<p><em>\u201cComo presidente de la comisi\u00f3n e interpretando a todos, valoramos el esfuerzo de CIPS UDD para poder atender una de las necesidades m\u00e1s urgentes que es el gasto de bolsillo en medicamentos\u201d<\/em>, coment\u00f3 el Senador Chahu\u00e1n quien indic\u00f3 que la pr\u00f3xima semana se pondr\u00e1 en agenda como prioridad en la Comisi\u00f3n Mixta de Ley de F\u00e1rmacos 2.<\/p>\n\n\n\n<figure class=\"wp-block-image aligncenter size-large\"><img loading=\"lazy\" decoding=\"async\" width=\"1024\" height=\"768\" src=\"https:\/\/gobierno.udd.cl\/cips\/files\/2022\/12\/senado3-1024x768.jpg\" alt=\"\" class=\"wp-image-909\" srcset=\"https:\/\/gobierno.udd.cl\/cips\/files\/2022\/12\/senado3-1024x768.jpg 1024w, https:\/\/gobierno.udd.cl\/cips\/files\/2022\/12\/senado3-300x225.jpg 300w, https:\/\/gobierno.udd.cl\/cips\/files\/2022\/12\/senado3-768x576.jpg 768w, https:\/\/gobierno.udd.cl\/cips\/files\/2022\/12\/senado3-1536x1152.jpg 1536w, https:\/\/gobierno.udd.cl\/cips\/files\/2022\/12\/senado3.jpg 1600w\" sizes=\"auto, (max-width: 1024px) 100vw, 1024px\" \/><\/figure>\n\n\n\n<p>Por su lado, el senador Juan Luis Castro enfatiz\u00f3 en que <em>\u201choy es m\u00e1s caro el remedio que la enfermedad. Por lo tanto, cuando se presenta una propuesta innovadora y seria, que busca bajar m\u00e1s de 50% el precio de los remedios, estamos hablando de algo que debe ser considerado como primera prioridad. Le pido al gobierno que tome la propuesta (&#8230;) Este es un camino de soluci\u00f3n que debi\u00e9ramos tomar con mucha fuerza en favor de millones de chilenos que han gastado tanta plata en medicamentos\u201d<\/em>.<\/p>\n\n\n\n<p><strong>SOLUCI\u00d3N DE RA\u00cdZ<\/strong><\/p>\n\n\n\n<p>Una de las \u00e1reas de estudio que ha desarrollado CIPS-UDD es el acceso a medicamentos por parte de la ciudadan\u00eda. El gasto de bolsillo en salud, es decir, el gasto no reembolsable que realiza cada individuo para el cuidado de su salud, es uno de los m\u00e1s altos entre los pa\u00edses de la OCDE. Adem\u00e1s, la evidencia nacional ha mostrado en diferentes estudios que, en promedio, entre el 30% y 36% de ese gasto, corresponde a la adquisici\u00f3n de f\u00e1rmacos, siendo el \u00edtem que m\u00e1s gasto le genera a las personas.<\/p>\n\n\n\n<p>CIPS-UDD realiz\u00f3 un an\u00e1lisis del gasto en medicamentos, seg\u00fan previsi\u00f3n. Para eso se compar\u00f3 la Encuesta de Presupuesto Familiar 2012 y la \u00faltima de 2016. Fueron los beneficiarios de Fonasa tramo B en donde m\u00e1s aument\u00f3 en t\u00e9rminos reales, en cuatro a\u00f1os, el gasto de bolsillo en medicamentos, con 39%; seguido de los beneficiarios del tramo D cuyo gast\u00f3 en f\u00e1rmacos aument\u00f3 en t\u00e9rminos reales en 26%.<\/p>\n\n\n\n<p>Teniendo en cuenta que 2022 fue un a\u00f1o econ\u00f3micamente complejo, en CIPS-UDD, se realiz\u00f3 una encuesta para medir la percepci\u00f3n de este gasto en salud. El 88% de los casi mil encuestados afirm\u00f3 que el gasto en medicamentos es un gasto importante para \u00e9l o ella o alg\u00fan integrante de su familia. En el sondeo se profundiz\u00f3 en c\u00f3mo la compra de medicamentos influye en su presupuesto familiar. Las personas pod\u00edan marcar m\u00e1s de una opci\u00f3n. Y las alternativas m\u00e1s mencionadas fueron: en dejar de consumir otras cosas (50%) y en endeudarse (30%). <a href=\"https:\/\/gobierno.udd.cl\/cips\/files\/2022\/12\/gastos-en-medicamentos.pdf\" target=\"_blank\" rel=\"noreferrer noopener\"><strong>REVISA AQU\u00cd LA ENCUESTA<\/strong><\/a><\/p>\n\n\n\n<p><em>\u201cAqu\u00ed vale preguntarse por qu\u00e9 la gente est\u00e1 dejando de consumir bienes y servicios e incluso se est\u00e1 endeudando para poder continuar con su tratamiento, sobre todo si el 80% de la poblaci\u00f3n est\u00e1 en Fonasa y en donde hay un sistema que debiese darle sus medicamentos de forma gratuita a sus beneficiarios\u201d<\/em>, coment\u00f3 el decano Guzm\u00e1n.<\/p>\n\n\n\n<p>El problema de acceso a medicamentos ambulatorio en el sector p\u00fablico se evidenci\u00f3 en una encuesta de Fonasa de 2021. El 38% de beneficiaros Fonasa que respondi\u00f3 la encuesta, dijeron que no adquirieron sus medicamentos en el consultorio u hospital. El 32% de ellos dijo que opt\u00f3 en comprarlos para obtenerlos m\u00e1s r\u00e1pido y 21% que los compr\u00f3 porque no estaban disponibles en el consultorio.<\/p>\n\n\n\n<p><em>\u201cEsto nos muestra que hay un tema de gesti\u00f3n a largo plazo que debemos mejorar en cuanto a la disponibilidad de medicamentos, tanto en tiempo como en disponibilidad. Hay muchos ecosistemas que confluyen en el \u00e1rea de medicamentos. Por tanto, PUMA apunta a ser una soluci\u00f3n de transici\u00f3n, mientras se acortan las brechas en la ruta del paciente para la adquisici\u00f3n de sus medicamentos, donde la implementaci\u00f3n de \u00e9stas requerir\u00e1 de m\u00e1s tiempo\u201d<\/em>, explica Daza.<\/p>\n\n\n\n<p><strong>Revisa a continuaci\u00f3n la sesi\u00f3n de la Comisi\u00f3n de Salud del Senado: <\/strong><\/p>\n\n\n\n<figure class=\"wp-block-embed is-type-video is-provider-youtube wp-block-embed-youtube wp-embed-aspect-16-9 wp-has-aspect-ratio\"><div class=\"wp-block-embed__wrapper\">\n<iframe loading=\"lazy\" title=\"Comisi\u00f3n de Salud - 14 de Diciembre 2022\" width=\"500\" height=\"281\" src=\"https:\/\/www.youtube.com\/embed\/xbFhPlolioY?feature=oembed\" frameborder=\"0\" allow=\"accelerometer; autoplay; clipboard-write; encrypted-media; gyroscope; picture-in-picture; web-share\" referrerpolicy=\"strict-origin-when-cross-origin\" allowfullscreen><\/iframe>\n<\/div><\/figure>\n","protected":false},"excerpt":{"rendered":"<p>El Plan Universal de Medicamentos Ambulatorios(PUMA), elaborado por CIPS-UDD, busca ser una alternativa a corto plazo que ayude a disminuir el gasto en los medicamentos ambulatorios con receta que m\u00e1s se venden en el mercado farmac\u00e9utico. De forma un\u00e1nime, los senadores de la comisi\u00f3n de salud celebraron la iniciativa y pidieron presentarlo en la comisi\u00f3n [&hellip;]<\/p>\n","protected":false},"author":9192236,"featured_media":908,"comment_status":"open","ping_status":"open","sticky":false,"template":"","format":"standard","meta":{"footnotes":""},"categories":[3],"tags":[15,87,71,146,143,90,19,31,14,141,51,144,145],"class_list":["post-907","post","type-post","status-publish","format-standard","has-post-thumbnail","hentry","category-noticias","tag-cips","tag-cips_udd","tag-cips-udd","tag-comision-de-salud","tag-congreso","tag-emilio-santelices","tag-medicamentos","tag-ministerio-de-salud","tag-paula-daza","tag-puma","tag-salud","tag-senado","tag-vesna-mandakovic"],"yoast_head":"<!-- This site is optimized with the Yoast SEO plugin v26.9 - https:\/\/yoast.com\/product\/yoast-seo-wordpress\/ -->\n<title>Paula Daza y Emilio Santelices exponen en el Senado propuesta para reducir el gasto en medicamentos - Centro de Pol\u00edticas P\u00fablicas e Innovaci\u00f3n en Salud<\/title>\n<meta name=\"robots\" content=\"index, follow, max-snippet:-1, max-image-preview:large, max-video-preview:-1\" \/>\n<link rel=\"canonical\" href=\"https:\/\/gobierno.udd.cl\/cips\/2022\/12\/15\/paula-daza-y-emilio-santelices-exponen-en-el-senado-propuesta-para-reducir-el-gasto-en-medicamentos\/\" \/>\n<meta property=\"og:locale\" content=\"es_ES\" \/>\n<meta property=\"og:type\" content=\"article\" \/>\n<meta property=\"og:title\" content=\"Paula Daza y Emilio Santelices exponen en el Senado propuesta para reducir el gasto en medicamentos - Centro de Pol\u00edticas P\u00fablicas e Innovaci\u00f3n en Salud\" \/>\n<meta property=\"og:description\" content=\"El Plan Universal de Medicamentos Ambulatorios(PUMA), elaborado por CIPS-UDD, busca ser una alternativa a corto plazo que ayude a disminuir el gasto en los medicamentos ambulatorios con receta que m\u00e1s se venden en el mercado farmac\u00e9utico. De forma un\u00e1nime, los senadores de la comisi\u00f3n de salud celebraron la iniciativa y pidieron presentarlo en la comisi\u00f3n [&hellip;]\" \/>\n<meta property=\"og:url\" content=\"https:\/\/gobierno.udd.cl\/cips\/2022\/12\/15\/paula-daza-y-emilio-santelices-exponen-en-el-senado-propuesta-para-reducir-el-gasto-en-medicamentos\/\" \/>\n<meta property=\"og:site_name\" content=\"Centro de Pol\u00edticas P\u00fablicas e Innovaci\u00f3n en Salud\" \/>\n<meta property=\"article:publisher\" content=\"https:\/\/www.facebook.com\/CIPS.UDD\" \/>\n<meta property=\"article:published_time\" content=\"2022-12-15T12:35:40+00:00\" \/>\n<meta property=\"article:modified_time\" content=\"2022-12-15T12:56:11+00:00\" \/>\n<meta property=\"og:image\" content=\"https:\/\/gobierno.udd.cl\/cips\/files\/2022\/12\/senado4.jpg\" \/>\n\t<meta property=\"og:image:width\" content=\"1599\" \/>\n\t<meta property=\"og:image:height\" content=\"899\" \/>\n\t<meta property=\"og:image:type\" content=\"image\/jpeg\" \/>\n<meta name=\"author\" content=\"ccararo\" \/>\n<meta name=\"twitter:card\" content=\"summary_large_image\" \/>\n<meta name=\"twitter:creator\" content=\"@CIPS_UDD\" \/>\n<meta name=\"twitter:site\" content=\"@CIPS_UDD\" \/>\n<meta name=\"twitter:label1\" content=\"Escrito por\" \/>\n\t<meta name=\"twitter:data1\" content=\"ccararo\" \/>\n\t<meta name=\"twitter:label2\" content=\"Tiempo de lectura\" \/>\n\t<meta name=\"twitter:data2\" content=\"6 minutos\" \/>\n<script type=\"application\/ld+json\" class=\"yoast-schema-graph\">{\"@context\":\"https:\/\/schema.org\",\"@graph\":[{\"@type\":\"Article\",\"@id\":\"https:\/\/gobierno.udd.cl\/cips\/2022\/12\/15\/paula-daza-y-emilio-santelices-exponen-en-el-senado-propuesta-para-reducir-el-gasto-en-medicamentos\/#article\",\"isPartOf\":{\"@id\":\"https:\/\/gobierno.udd.cl\/cips\/2022\/12\/15\/paula-daza-y-emilio-santelices-exponen-en-el-senado-propuesta-para-reducir-el-gasto-en-medicamentos\/\"},\"author\":{\"name\":\"ccararo\",\"@id\":\"https:\/\/gobierno.udd.cl\/cips\/#\/schema\/person\/9d509bb16e7d8299d075f0e90b5d7d00\"},\"headline\":\"Paula Daza y Emilio Santelices exponen en el Senado propuesta para reducir el gasto en medicamentos\",\"datePublished\":\"2022-12-15T12:35:40+00:00\",\"dateModified\":\"2022-12-15T12:56:11+00:00\",\"mainEntityOfPage\":{\"@id\":\"https:\/\/gobierno.udd.cl\/cips\/2022\/12\/15\/paula-daza-y-emilio-santelices-exponen-en-el-senado-propuesta-para-reducir-el-gasto-en-medicamentos\/\"},\"wordCount\":1237,\"commentCount\":0,\"image\":{\"@id\":\"https:\/\/gobierno.udd.cl\/cips\/2022\/12\/15\/paula-daza-y-emilio-santelices-exponen-en-el-senado-propuesta-para-reducir-el-gasto-en-medicamentos\/#primaryimage\"},\"thumbnailUrl\":\"https:\/\/gobierno.udd.cl\/cips\/files\/2022\/12\/senado4.jpg\",\"keywords\":[\"CIPS\",\"cips_udd\",\"CIPS-udd\",\"comisi\u00f3n de salud\",\"congreso\",\"emilio santelices\",\"medicamentos\",\"ministerio de salud\",\"Paula Daza\",\"PUMA\",\"salud\",\"senado\",\"vesna mandakovic\"],\"articleSection\":[\"Noticias\"],\"inLanguage\":\"es\",\"potentialAction\":[{\"@type\":\"CommentAction\",\"name\":\"Comment\",\"target\":[\"https:\/\/gobierno.udd.cl\/cips\/2022\/12\/15\/paula-daza-y-emilio-santelices-exponen-en-el-senado-propuesta-para-reducir-el-gasto-en-medicamentos\/#respond\"]}]},{\"@type\":\"WebPage\",\"@id\":\"https:\/\/gobierno.udd.cl\/cips\/2022\/12\/15\/paula-daza-y-emilio-santelices-exponen-en-el-senado-propuesta-para-reducir-el-gasto-en-medicamentos\/\",\"url\":\"https:\/\/gobierno.udd.cl\/cips\/2022\/12\/15\/paula-daza-y-emilio-santelices-exponen-en-el-senado-propuesta-para-reducir-el-gasto-en-medicamentos\/\",\"name\":\"Paula Daza y Emilio Santelices exponen en el Senado propuesta para reducir el gasto en medicamentos - Centro de Pol\u00edticas P\u00fablicas e Innovaci\u00f3n en Salud\",\"isPartOf\":{\"@id\":\"https:\/\/gobierno.udd.cl\/cips\/#website\"},\"primaryImageOfPage\":{\"@id\":\"https:\/\/gobierno.udd.cl\/cips\/2022\/12\/15\/paula-daza-y-emilio-santelices-exponen-en-el-senado-propuesta-para-reducir-el-gasto-en-medicamentos\/#primaryimage\"},\"image\":{\"@id\":\"https:\/\/gobierno.udd.cl\/cips\/2022\/12\/15\/paula-daza-y-emilio-santelices-exponen-en-el-senado-propuesta-para-reducir-el-gasto-en-medicamentos\/#primaryimage\"},\"thumbnailUrl\":\"https:\/\/gobierno.udd.cl\/cips\/files\/2022\/12\/senado4.jpg\",\"datePublished\":\"2022-12-15T12:35:40+00:00\",\"dateModified\":\"2022-12-15T12:56:11+00:00\",\"author\":{\"@id\":\"https:\/\/gobierno.udd.cl\/cips\/#\/schema\/person\/9d509bb16e7d8299d075f0e90b5d7d00\"},\"breadcrumb\":{\"@id\":\"https:\/\/gobierno.udd.cl\/cips\/2022\/12\/15\/paula-daza-y-emilio-santelices-exponen-en-el-senado-propuesta-para-reducir-el-gasto-en-medicamentos\/#breadcrumb\"},\"inLanguage\":\"es\",\"potentialAction\":[{\"@type\":\"ReadAction\",\"target\":[\"https:\/\/gobierno.udd.cl\/cips\/2022\/12\/15\/paula-daza-y-emilio-santelices-exponen-en-el-senado-propuesta-para-reducir-el-gasto-en-medicamentos\/\"]}]},{\"@type\":\"ImageObject\",\"inLanguage\":\"es\",\"@id\":\"https:\/\/gobierno.udd.cl\/cips\/2022\/12\/15\/paula-daza-y-emilio-santelices-exponen-en-el-senado-propuesta-para-reducir-el-gasto-en-medicamentos\/#primaryimage\",\"url\":\"https:\/\/gobierno.udd.cl\/cips\/files\/2022\/12\/senado4.jpg\",\"contentUrl\":\"https:\/\/gobierno.udd.cl\/cips\/files\/2022\/12\/senado4.jpg\",\"width\":1599,\"height\":899},{\"@type\":\"BreadcrumbList\",\"@id\":\"https:\/\/gobierno.udd.cl\/cips\/2022\/12\/15\/paula-daza-y-emilio-santelices-exponen-en-el-senado-propuesta-para-reducir-el-gasto-en-medicamentos\/#breadcrumb\",\"itemListElement\":[{\"@type\":\"ListItem\",\"position\":1,\"name\":\"Portada\",\"item\":\"https:\/\/gobierno.udd.cl\/cips\/\"},{\"@type\":\"ListItem\",\"position\":2,\"name\":\"Paula Daza y Emilio Santelices exponen en el Senado propuesta para reducir el gasto en medicamentos\"}]},{\"@type\":\"WebSite\",\"@id\":\"https:\/\/gobierno.udd.cl\/cips\/#website\",\"url\":\"https:\/\/gobierno.udd.cl\/cips\/\",\"name\":\"Centro de Pol\u00edticas P\u00fablicas e Innovaci\u00f3n en Salud\",\"description\":\"CIPS-UDD\",\"inLanguage\":\"es\"},{\"@type\":\"Person\",\"@id\":\"https:\/\/gobierno.udd.cl\/cips\/#\/schema\/person\/9d509bb16e7d8299d075f0e90b5d7d00\",\"name\":\"ccararo\",\"image\":{\"@type\":\"ImageObject\",\"inLanguage\":\"es\",\"@id\":\"https:\/\/gobierno.udd.cl\/cips\/#\/schema\/person\/image\/\",\"url\":\"https:\/\/secure.gravatar.com\/avatar\/fe809aec6c8a49b41db481a62d9671eec512578ac25cf41f7420b8069513828c?s=96&d=mm&r=g\",\"contentUrl\":\"https:\/\/secure.gravatar.com\/avatar\/fe809aec6c8a49b41db481a62d9671eec512578ac25cf41f7420b8069513828c?s=96&d=mm&r=g\",\"caption\":\"ccararo\"},\"url\":\"https:\/\/gobierno.udd.cl\/cips\/author\/ccararo\/\"}]}<\/script>\n<!-- \/ Yoast SEO plugin. -->","yoast_head_json":{"title":"Paula Daza y Emilio Santelices exponen en el Senado propuesta para reducir el gasto en medicamentos - Centro de Pol\u00edticas P\u00fablicas e Innovaci\u00f3n en Salud","robots":{"index":"index","follow":"follow","max-snippet":"max-snippet:-1","max-image-preview":"max-image-preview:large","max-video-preview":"max-video-preview:-1"},"canonical":"https:\/\/gobierno.udd.cl\/cips\/2022\/12\/15\/paula-daza-y-emilio-santelices-exponen-en-el-senado-propuesta-para-reducir-el-gasto-en-medicamentos\/","og_locale":"es_ES","og_type":"article","og_title":"Paula Daza y Emilio Santelices exponen en el Senado propuesta para reducir el gasto en medicamentos - Centro de Pol\u00edticas P\u00fablicas e Innovaci\u00f3n en Salud","og_description":"El Plan Universal de Medicamentos Ambulatorios(PUMA), elaborado por CIPS-UDD, busca ser una alternativa a corto plazo que ayude a disminuir el gasto en los medicamentos ambulatorios con receta que m\u00e1s se venden en el mercado farmac\u00e9utico. De forma un\u00e1nime, los senadores de la comisi\u00f3n de salud celebraron la iniciativa y pidieron presentarlo en la comisi\u00f3n [&hellip;]","og_url":"https:\/\/gobierno.udd.cl\/cips\/2022\/12\/15\/paula-daza-y-emilio-santelices-exponen-en-el-senado-propuesta-para-reducir-el-gasto-en-medicamentos\/","og_site_name":"Centro de Pol\u00edticas P\u00fablicas e Innovaci\u00f3n en Salud","article_publisher":"https:\/\/www.facebook.com\/CIPS.UDD","article_published_time":"2022-12-15T12:35:40+00:00","article_modified_time":"2022-12-15T12:56:11+00:00","og_image":[{"width":1599,"height":899,"url":"https:\/\/gobierno.udd.cl\/cips\/files\/2022\/12\/senado4.jpg","type":"image\/jpeg"}],"author":"ccararo","twitter_card":"summary_large_image","twitter_creator":"@CIPS_UDD","twitter_site":"@CIPS_UDD","twitter_misc":{"Escrito por":"ccararo","Tiempo de lectura":"6 minutos"},"schema":{"@context":"https:\/\/schema.org","@graph":[{"@type":"Article","@id":"https:\/\/gobierno.udd.cl\/cips\/2022\/12\/15\/paula-daza-y-emilio-santelices-exponen-en-el-senado-propuesta-para-reducir-el-gasto-en-medicamentos\/#article","isPartOf":{"@id":"https:\/\/gobierno.udd.cl\/cips\/2022\/12\/15\/paula-daza-y-emilio-santelices-exponen-en-el-senado-propuesta-para-reducir-el-gasto-en-medicamentos\/"},"author":{"name":"ccararo","@id":"https:\/\/gobierno.udd.cl\/cips\/#\/schema\/person\/9d509bb16e7d8299d075f0e90b5d7d00"},"headline":"Paula Daza y Emilio Santelices exponen en el Senado propuesta para reducir el gasto en medicamentos","datePublished":"2022-12-15T12:35:40+00:00","dateModified":"2022-12-15T12:56:11+00:00","mainEntityOfPage":{"@id":"https:\/\/gobierno.udd.cl\/cips\/2022\/12\/15\/paula-daza-y-emilio-santelices-exponen-en-el-senado-propuesta-para-reducir-el-gasto-en-medicamentos\/"},"wordCount":1237,"commentCount":0,"image":{"@id":"https:\/\/gobierno.udd.cl\/cips\/2022\/12\/15\/paula-daza-y-emilio-santelices-exponen-en-el-senado-propuesta-para-reducir-el-gasto-en-medicamentos\/#primaryimage"},"thumbnailUrl":"https:\/\/gobierno.udd.cl\/cips\/files\/2022\/12\/senado4.jpg","keywords":["CIPS","cips_udd","CIPS-udd","comisi\u00f3n de salud","congreso","emilio santelices","medicamentos","ministerio de salud","Paula Daza","PUMA","salud","senado","vesna mandakovic"],"articleSection":["Noticias"],"inLanguage":"es","potentialAction":[{"@type":"CommentAction","name":"Comment","target":["https:\/\/gobierno.udd.cl\/cips\/2022\/12\/15\/paula-daza-y-emilio-santelices-exponen-en-el-senado-propuesta-para-reducir-el-gasto-en-medicamentos\/#respond"]}]},{"@type":"WebPage","@id":"https:\/\/gobierno.udd.cl\/cips\/2022\/12\/15\/paula-daza-y-emilio-santelices-exponen-en-el-senado-propuesta-para-reducir-el-gasto-en-medicamentos\/","url":"https:\/\/gobierno.udd.cl\/cips\/2022\/12\/15\/paula-daza-y-emilio-santelices-exponen-en-el-senado-propuesta-para-reducir-el-gasto-en-medicamentos\/","name":"Paula Daza y Emilio Santelices exponen en el Senado propuesta para reducir el gasto en medicamentos - Centro de Pol\u00edticas P\u00fablicas e Innovaci\u00f3n en Salud","isPartOf":{"@id":"https:\/\/gobierno.udd.cl\/cips\/#website"},"primaryImageOfPage":{"@id":"https:\/\/gobierno.udd.cl\/cips\/2022\/12\/15\/paula-daza-y-emilio-santelices-exponen-en-el-senado-propuesta-para-reducir-el-gasto-en-medicamentos\/#primaryimage"},"image":{"@id":"https:\/\/gobierno.udd.cl\/cips\/2022\/12\/15\/paula-daza-y-emilio-santelices-exponen-en-el-senado-propuesta-para-reducir-el-gasto-en-medicamentos\/#primaryimage"},"thumbnailUrl":"https:\/\/gobierno.udd.cl\/cips\/files\/2022\/12\/senado4.jpg","datePublished":"2022-12-15T12:35:40+00:00","dateModified":"2022-12-15T12:56:11+00:00","author":{"@id":"https:\/\/gobierno.udd.cl\/cips\/#\/schema\/person\/9d509bb16e7d8299d075f0e90b5d7d00"},"breadcrumb":{"@id":"https:\/\/gobierno.udd.cl\/cips\/2022\/12\/15\/paula-daza-y-emilio-santelices-exponen-en-el-senado-propuesta-para-reducir-el-gasto-en-medicamentos\/#breadcrumb"},"inLanguage":"es","potentialAction":[{"@type":"ReadAction","target":["https:\/\/gobierno.udd.cl\/cips\/2022\/12\/15\/paula-daza-y-emilio-santelices-exponen-en-el-senado-propuesta-para-reducir-el-gasto-en-medicamentos\/"]}]},{"@type":"ImageObject","inLanguage":"es","@id":"https:\/\/gobierno.udd.cl\/cips\/2022\/12\/15\/paula-daza-y-emilio-santelices-exponen-en-el-senado-propuesta-para-reducir-el-gasto-en-medicamentos\/#primaryimage","url":"https:\/\/gobierno.udd.cl\/cips\/files\/2022\/12\/senado4.jpg","contentUrl":"https:\/\/gobierno.udd.cl\/cips\/files\/2022\/12\/senado4.jpg","width":1599,"height":899},{"@type":"BreadcrumbList","@id":"https:\/\/gobierno.udd.cl\/cips\/2022\/12\/15\/paula-daza-y-emilio-santelices-exponen-en-el-senado-propuesta-para-reducir-el-gasto-en-medicamentos\/#breadcrumb","itemListElement":[{"@type":"ListItem","position":1,"name":"Portada","item":"https:\/\/gobierno.udd.cl\/cips\/"},{"@type":"ListItem","position":2,"name":"Paula Daza y Emilio Santelices exponen en el Senado propuesta para reducir el gasto en medicamentos"}]},{"@type":"WebSite","@id":"https:\/\/gobierno.udd.cl\/cips\/#website","url":"https:\/\/gobierno.udd.cl\/cips\/","name":"Centro de Pol\u00edticas P\u00fablicas e Innovaci\u00f3n en Salud","description":"CIPS-UDD","inLanguage":"es"},{"@type":"Person","@id":"https:\/\/gobierno.udd.cl\/cips\/#\/schema\/person\/9d509bb16e7d8299d075f0e90b5d7d00","name":"ccararo","image":{"@type":"ImageObject","inLanguage":"es","@id":"https:\/\/gobierno.udd.cl\/cips\/#\/schema\/person\/image\/","url":"https:\/\/secure.gravatar.com\/avatar\/fe809aec6c8a49b41db481a62d9671eec512578ac25cf41f7420b8069513828c?s=96&d=mm&r=g","contentUrl":"https:\/\/secure.gravatar.com\/avatar\/fe809aec6c8a49b41db481a62d9671eec512578ac25cf41f7420b8069513828c?s=96&d=mm&r=g","caption":"ccararo"},"url":"https:\/\/gobierno.udd.cl\/cips\/author\/ccararo\/"}]}},"featured_image_url":"https:\/\/gobierno.udd.cl\/cips\/files\/2022\/12\/senado4.jpg","_links":{"self":[{"href":"https:\/\/gobierno.udd.cl\/cips\/wp-json\/wp\/v2\/posts\/907","targetHints":{"allow":["GET"]}}],"collection":[{"href":"https:\/\/gobierno.udd.cl\/cips\/wp-json\/wp\/v2\/posts"}],"about":[{"href":"https:\/\/gobierno.udd.cl\/cips\/wp-json\/wp\/v2\/types\/post"}],"author":[{"embeddable":true,"href":"https:\/\/gobierno.udd.cl\/cips\/wp-json\/wp\/v2\/users\/9192236"}],"replies":[{"embeddable":true,"href":"https:\/\/gobierno.udd.cl\/cips\/wp-json\/wp\/v2\/comments?post=907"}],"version-history":[{"count":5,"href":"https:\/\/gobierno.udd.cl\/cips\/wp-json\/wp\/v2\/posts\/907\/revisions"}],"predecessor-version":[{"id":916,"href":"https:\/\/gobierno.udd.cl\/cips\/wp-json\/wp\/v2\/posts\/907\/revisions\/916"}],"wp:featuredmedia":[{"embeddable":true,"href":"https:\/\/gobierno.udd.cl\/cips\/wp-json\/wp\/v2\/media\/908"}],"wp:attachment":[{"href":"https:\/\/gobierno.udd.cl\/cips\/wp-json\/wp\/v2\/media?parent=907"}],"wp:term":[{"taxonomy":"category","embeddable":true,"href":"https:\/\/gobierno.udd.cl\/cips\/wp-json\/wp\/v2\/categories?post=907"},{"taxonomy":"post_tag","embeddable":true,"href":"https:\/\/gobierno.udd.cl\/cips\/wp-json\/wp\/v2\/tags?post=907"}],"curies":[{"name":"wp","href":"https:\/\/api.w.org\/{rel}","templated":true}]}}