{"id":859,"date":"2022-11-22T09:24:26","date_gmt":"2022-11-22T12:24:26","guid":{"rendered":"https:\/\/gobierno.udd.cl\/cips\/?p=859"},"modified":"2022-11-22T11:25:08","modified_gmt":"2022-11-22T14:25:08","slug":"en-81-ha-aumentado-la-cantidad-de-retrasos-ges-asociadas-a-cancer-entre-2021-y-2022","status":"publish","type":"post","link":"https:\/\/gobierno.udd.cl\/cips\/2022\/11\/22\/en-81-ha-aumentado-la-cantidad-de-retrasos-ges-asociadas-a-cancer-entre-2021-y-2022\/","title":{"rendered":"En 81% ha aumentado la cantidad de retrasos GES asociadas a c\u00e1ncer entre 2021 y 2022"},"content":{"rendered":"\n<p><em>CIPS-UDD realiz\u00f3 un nuevo an\u00e1lisis sobre las listas de espera asociadas a c\u00e1ncer. Entre las 17 garant\u00edas expl\u00edcitas en salud asociadas a c\u00e1ncer, se observ\u00f3 un aumento 34% entre el primer y tercer trimestre de 2022. El c\u00e1ncer cervicouterino es el que tiene mayor cantidad de retrasos y el que tiene mayor variaci\u00f3n porcentual en los \u00faltimos seis meses.<\/em><\/p>\n\n\n\n<p>A principios de diciembre de 2021 se dio a conocer una noticia que se proyectaba para m\u00e1s adelante: por primera vez desde que hay registros en el pa\u00eds, el c\u00e1ncer se posicion\u00f3 en Chile como la primera causa de muerte en las Estad\u00edsticas Vitales de 2019 del INE. De esta forma, quedaba en segundo lugar las enfermedades del sistema circulatorio que siempre fueron el principal factor de defunciones en el pa\u00eds.<\/p>\n\n\n\n<p>En paralelo, la pandemia ha retrasado atenciones no respiratorias a nivel internacional y local, lo que provoc\u00f3 un aumento en los diagn\u00f3sticos tard\u00edos y una baja en la pesquisa temprana de esta enfermedad.<\/p>\n\n\n\n<p>Para indagar acerca de los retrasos a nivel nacional, el Centro de Pol\u00edticas P\u00fablicas e Innovaci\u00f3n en Salud (CIPS) de la Facultad de Gobierno de la Universidad Del Desarrollo, realiz\u00f3 un an\u00e1lisis del retraso de garant\u00edas GES relacionadas con c\u00e1ncer a trav\u00e9s del estudio de glosas 06 de la Subsecretar\u00eda de Redes Asistenciales.<\/p>\n\n\n\n<p>Entre los principales hallazgos se encuentra que existe un aumento de 81,3% del n\u00famero de retrasos de garant\u00edas GES relacionadas con c\u00e1ncer entre el tercer trimestre del 2021 (acumulados hasta el 30 septiembre) y tercer trimestre del 2022 (acumuladas hasta el 30 septiembre).<\/p>\n\n\n\n<p>Entre un a\u00f1o y otro, los retrasos de GES relacionados con c\u00e1ncer que m\u00e1s han aumentado (que no necesariamente son los que tienen mayor cantidad de retrasos) son: c\u00e1ncer g\u00e1strico (127%); c\u00e1ncer cervicouterino (110%); c\u00e1ncer colorrectal de 15 a\u00f1os y m\u00e1s (71,3%); c\u00e1ncer de pr\u00f3stata (68,2%) y c\u00e1ncer de mama (63,7%).<\/p>\n\n\n\n<p>En cuanto al a\u00f1o 2022, se realiz\u00f3 una comparaci\u00f3n trimestral. Al analizar la cantidad de retrasos de Garant\u00edas Explicitas en Salud relacionados con c\u00e1ncer entre el primer trimestre de 2022 (acumulados hasta el 30 de marzo) y el tercer trimestre (acumulados hasta el 30 de septiembre) hay un aumento de 34% en el total de retrasos GES asociados a c\u00e1ncer.<\/p>\n\n\n\n<p>Si se contrasta el segundo trimestre de 2022 (acumulados hasta el 30 de junio) con el tercer trimestre del a\u00f1o 2022 (acumulados hasta el 30 de septiembre) hay un aumento de 16,7%.<\/p>\n\n\n\n<p>Cabe mencionar que dentro del total de retrasos GES relacionados a c\u00e1ncer, los que tienen mayor cantidad de retrasos hasta el 30 de septiembre de 2022 seg\u00fan tipo de tumor es: 1) C\u00e1ncer cervicouterino (4.795); c\u00e1ncer de mama (2.617); c\u00e1ncer g\u00e1strico (2.180); c\u00e1ncer colorrectal 15 a\u00f1os y m\u00e1s (1.934), y c\u00e1ncer de pr\u00f3stata (572).<\/p>\n\n\n\n<p><em>\u201cComo Centro de Pol\u00edticas P\u00fablicas e Innovaci\u00f3n en Salud creemos indispensable generar estrategias de gesti\u00f3n focalizadas para la reducci\u00f3n de listas de espera sobre todo de esta enfermedad. Se requiere un plan de acci\u00f3n para 2023 en donde se incentive la colaboraci\u00f3n p\u00fablico privada para la prevenci\u00f3n, promoci\u00f3n, diagn\u00f3stico, tratamiento y seguimiento. Adem\u00e1s, nos parece relevante contar con buena informaci\u00f3n en cuanto a los retrasos y en qu\u00e9 fase de las garant\u00edas hay mayor cuello de botella para que se realice una priorizaci\u00f3n eficiente. Es un trabajo que seguiremos realizando desde el centro, como tambi\u00e9n evaluar los ingresos, resoluciones y atrasos de cada garant\u00eda expl\u00edcita de salud relacionada a c\u00e1ncer\u201d<\/em>, comenta la Directora Ejecutiva de CIPS-UDD,<strong> Paula Daza<\/strong>.<\/p>\n\n\n\n<p>En cuanto al promedio de d\u00edas de retraso durante este a\u00f1o, solo se document\u00f3 en las glosas 06 de la Subsecretar\u00eda de Redes Asistenciales, el primer y segundo trimestre del 2022. De los cinco tipos de c\u00e1ncer con mayor n\u00famero de retrasos GES, en cuatro de ellos se evidencia un alza en los d\u00edas de espera. S\u00f3lo baja en uno. Se trata del c\u00e1ncer c\u00e9rvico uterino, en donde, desde el primer trimestre al segundo trimestre de 2022, disminuye en nueve d\u00edas los d\u00edas de retraso (77,3 d\u00edas en el primer trimestre a 67,9 d\u00edas en el segundo).<\/p>\n\n\n\n<p>En los otros cuatro tipos de c\u00e1ncer con m\u00e1s n\u00fameros retrasos, aumenta los d\u00edas de atraso. En c\u00e1ncer g\u00e1strico aument\u00f3 en 23 d\u00edas (107,6 d\u00edas en el primer trimestre a 130,5 d\u00edas); seguido por c\u00e1ncer de mama que aument\u00f3 en 15 d\u00edas (73,4 d\u00edas en el primer trimestre a 88,6 d\u00edas). Luego el c\u00e1ncer de pr\u00f3stata aumenta en 7 d\u00edas en el segundo trimestre del 2022 respecto al primero, alcanz\u00f3 un promedio de 86,6 d\u00edas de retraso. Finalmente, en cuanto al c\u00e1ncer colorrectal aumenta en 4 d\u00edas de retraso (de 110,8 d\u00edas en el primer trimestre pasa a 114,6 d\u00edas en el segundo trimestre).<\/p>\n\n\n\n<p><em>\u201cPor otro lado, como CIPS-UDD nos parece crucial que se realice un plan de acci\u00f3n 2023 para agilizar las ejecuciones relacionadas con la ley como el Registro Nacional de C\u00e1ncer, las licitaciones y obras para la Red Nacional de Centros Oncol\u00f3gicos, el aumento de especialistas, entre otras\u201d<\/em>, concluy\u00f3 Daza.<\/p>\n\n\n\n<p>Para revisar el informe completo, revisa este <a href=\"https:\/\/gobierno.udd.cl\/cips\/files\/2022\/11\/informe_cancer_nov.pdf\" target=\"_blank\" rel=\"noreferrer noopener\">link<\/a>.<\/p>\n\n\n\n<figure class=\"wp-block-image aligncenter size-large\"><a href=\"https:\/\/gobierno.udd.cl\/cips\/comunidad-cips\/\" target=\"_blank\" rel=\"noreferrer noopener\"><img loading=\"lazy\" decoding=\"async\" width=\"1024\" height=\"160\" src=\"https:\/\/gobierno.udd.cl\/cips\/files\/2022\/11\/comunidadcips-2-1024x160.png\" alt=\"\" class=\"wp-image-839\" srcset=\"https:\/\/gobierno.udd.cl\/cips\/files\/2022\/11\/comunidadcips-2-1024x160.png 1024w, https:\/\/gobierno.udd.cl\/cips\/files\/2022\/11\/comunidadcips-2-300x47.png 300w, https:\/\/gobierno.udd.cl\/cips\/files\/2022\/11\/comunidadcips-2-768x120.png 768w, https:\/\/gobierno.udd.cl\/cips\/files\/2022\/11\/comunidadcips-2-1536x240.png 1536w, https:\/\/gobierno.udd.cl\/cips\/files\/2022\/11\/comunidadcips-2.png 1920w\" sizes=\"auto, (max-width: 1024px) 100vw, 1024px\" \/><\/a><\/figure>\n\n\n\n<p><\/p>\n","protected":false},"excerpt":{"rendered":"<p>CIPS-UDD realiz\u00f3 un nuevo an\u00e1lisis sobre las listas de espera asociadas a c\u00e1ncer. Entre las 17 garant\u00edas expl\u00edcitas en salud asociadas a c\u00e1ncer, se observ\u00f3 un aumento 34% entre el primer y tercer trimestre de 2022. El c\u00e1ncer cervicouterino es el que tiene mayor cantidad de retrasos y el que tiene mayor variaci\u00f3n porcentual en [&hellip;]<\/p>\n","protected":false},"author":9192236,"featured_media":860,"comment_status":"open","ping_status":"open","sticky":false,"template":"","format":"standard","meta":{"footnotes":""},"categories":[3],"tags":[136,15,87,71,38,125,31,14,23],"class_list":["post-859","post","type-post","status-publish","format-standard","has-post-thumbnail","hentry","category-noticias","tag-cancer-2","tag-cips","tag-cips_udd","tag-cips-udd","tag-covid","tag-ges","tag-ministerio-de-salud","tag-paula-daza","tag-universidad-del-desarrollo"],"yoast_head":"<!-- This site is optimized with the Yoast SEO plugin v26.9 - https:\/\/yoast.com\/product\/yoast-seo-wordpress\/ -->\n<title>En 81% ha aumentado la cantidad de retrasos GES asociadas a c\u00e1ncer entre 2021 y 2022<\/title>\n<meta name=\"robots\" content=\"index, follow, max-snippet:-1, max-image-preview:large, max-video-preview:-1\" \/>\n<link rel=\"canonical\" href=\"https:\/\/gobierno.udd.cl\/cips\/2022\/11\/22\/en-81-ha-aumentado-la-cantidad-de-retrasos-ges-asociadas-a-cancer-entre-2021-y-2022\/\" \/>\n<meta property=\"og:locale\" content=\"es_ES\" \/>\n<meta property=\"og:type\" content=\"article\" \/>\n<meta property=\"og:title\" content=\"En 81% ha aumentado la cantidad de retrasos GES asociadas a c\u00e1ncer entre 2021 y 2022\" \/>\n<meta property=\"og:description\" content=\"CIPS-UDD realiz\u00f3 un nuevo an\u00e1lisis sobre las listas de espera asociadas a c\u00e1ncer. Entre las 17 garant\u00edas expl\u00edcitas en salud asociadas a c\u00e1ncer, se observ\u00f3 un aumento 34% entre el primer y tercer trimestre de 2022. El c\u00e1ncer cervicouterino es el que tiene mayor cantidad de retrasos y el que tiene mayor variaci\u00f3n porcentual en [&hellip;]\" \/>\n<meta property=\"og:url\" content=\"https:\/\/gobierno.udd.cl\/cips\/2022\/11\/22\/en-81-ha-aumentado-la-cantidad-de-retrasos-ges-asociadas-a-cancer-entre-2021-y-2022\/\" \/>\n<meta property=\"og:site_name\" content=\"Centro de Pol\u00edticas P\u00fablicas e Innovaci\u00f3n en Salud\" \/>\n<meta property=\"article:publisher\" content=\"https:\/\/www.facebook.com\/CIPS.UDD\" \/>\n<meta property=\"article:published_time\" content=\"2022-11-22T12:24:26+00:00\" \/>\n<meta property=\"article:modified_time\" content=\"2022-11-22T14:25:08+00:00\" \/>\n<meta property=\"og:image\" content=\"https:\/\/gobierno.udd.cl\/cips\/files\/2022\/11\/hospital-scaled.jpg\" \/>\n\t<meta property=\"og:image:width\" content=\"2560\" \/>\n\t<meta property=\"og:image:height\" content=\"1695\" \/>\n\t<meta property=\"og:image:type\" content=\"image\/jpeg\" \/>\n<meta name=\"author\" content=\"ccararo\" \/>\n<meta name=\"twitter:card\" content=\"summary_large_image\" \/>\n<meta name=\"twitter:creator\" content=\"@CIPS_UDD\" \/>\n<meta name=\"twitter:site\" content=\"@CIPS_UDD\" \/>\n<meta name=\"twitter:label1\" content=\"Escrito por\" \/>\n\t<meta name=\"twitter:data1\" content=\"ccararo\" \/>\n\t<meta name=\"twitter:label2\" content=\"Tiempo de lectura\" \/>\n\t<meta name=\"twitter:data2\" content=\"5 minutos\" \/>\n<script type=\"application\/ld+json\" class=\"yoast-schema-graph\">{\"@context\":\"https:\/\/schema.org\",\"@graph\":[{\"@type\":\"Article\",\"@id\":\"https:\/\/gobierno.udd.cl\/cips\/2022\/11\/22\/en-81-ha-aumentado-la-cantidad-de-retrasos-ges-asociadas-a-cancer-entre-2021-y-2022\/#article\",\"isPartOf\":{\"@id\":\"https:\/\/gobierno.udd.cl\/cips\/2022\/11\/22\/en-81-ha-aumentado-la-cantidad-de-retrasos-ges-asociadas-a-cancer-entre-2021-y-2022\/\"},\"author\":{\"name\":\"ccararo\",\"@id\":\"https:\/\/gobierno.udd.cl\/cips\/#\/schema\/person\/9d509bb16e7d8299d075f0e90b5d7d00\"},\"headline\":\"En 81% ha aumentado la cantidad de retrasos GES asociadas a c\u00e1ncer entre 2021 y 2022\",\"datePublished\":\"2022-11-22T12:24:26+00:00\",\"dateModified\":\"2022-11-22T14:25:08+00:00\",\"mainEntityOfPage\":{\"@id\":\"https:\/\/gobierno.udd.cl\/cips\/2022\/11\/22\/en-81-ha-aumentado-la-cantidad-de-retrasos-ges-asociadas-a-cancer-entre-2021-y-2022\/\"},\"wordCount\":901,\"commentCount\":0,\"image\":{\"@id\":\"https:\/\/gobierno.udd.cl\/cips\/2022\/11\/22\/en-81-ha-aumentado-la-cantidad-de-retrasos-ges-asociadas-a-cancer-entre-2021-y-2022\/#primaryimage\"},\"thumbnailUrl\":\"https:\/\/gobierno.udd.cl\/cips\/files\/2022\/11\/hospital-scaled.jpg\",\"keywords\":[\"c\u00e1ncer\",\"CIPS\",\"cips_udd\",\"CIPS-udd\",\"covid\",\"ges\",\"ministerio de salud\",\"Paula Daza\",\"Universidad del Desarrollo\"],\"articleSection\":[\"Noticias\"],\"inLanguage\":\"es\",\"potentialAction\":[{\"@type\":\"CommentAction\",\"name\":\"Comment\",\"target\":[\"https:\/\/gobierno.udd.cl\/cips\/2022\/11\/22\/en-81-ha-aumentado-la-cantidad-de-retrasos-ges-asociadas-a-cancer-entre-2021-y-2022\/#respond\"]}]},{\"@type\":\"WebPage\",\"@id\":\"https:\/\/gobierno.udd.cl\/cips\/2022\/11\/22\/en-81-ha-aumentado-la-cantidad-de-retrasos-ges-asociadas-a-cancer-entre-2021-y-2022\/\",\"url\":\"https:\/\/gobierno.udd.cl\/cips\/2022\/11\/22\/en-81-ha-aumentado-la-cantidad-de-retrasos-ges-asociadas-a-cancer-entre-2021-y-2022\/\",\"name\":\"En 81% ha aumentado la cantidad de retrasos GES asociadas a c\u00e1ncer entre 2021 y 2022\",\"isPartOf\":{\"@id\":\"https:\/\/gobierno.udd.cl\/cips\/#website\"},\"primaryImageOfPage\":{\"@id\":\"https:\/\/gobierno.udd.cl\/cips\/2022\/11\/22\/en-81-ha-aumentado-la-cantidad-de-retrasos-ges-asociadas-a-cancer-entre-2021-y-2022\/#primaryimage\"},\"image\":{\"@id\":\"https:\/\/gobierno.udd.cl\/cips\/2022\/11\/22\/en-81-ha-aumentado-la-cantidad-de-retrasos-ges-asociadas-a-cancer-entre-2021-y-2022\/#primaryimage\"},\"thumbnailUrl\":\"https:\/\/gobierno.udd.cl\/cips\/files\/2022\/11\/hospital-scaled.jpg\",\"datePublished\":\"2022-11-22T12:24:26+00:00\",\"dateModified\":\"2022-11-22T14:25:08+00:00\",\"author\":{\"@id\":\"https:\/\/gobierno.udd.cl\/cips\/#\/schema\/person\/9d509bb16e7d8299d075f0e90b5d7d00\"},\"breadcrumb\":{\"@id\":\"https:\/\/gobierno.udd.cl\/cips\/2022\/11\/22\/en-81-ha-aumentado-la-cantidad-de-retrasos-ges-asociadas-a-cancer-entre-2021-y-2022\/#breadcrumb\"},\"inLanguage\":\"es\",\"potentialAction\":[{\"@type\":\"ReadAction\",\"target\":[\"https:\/\/gobierno.udd.cl\/cips\/2022\/11\/22\/en-81-ha-aumentado-la-cantidad-de-retrasos-ges-asociadas-a-cancer-entre-2021-y-2022\/\"]}]},{\"@type\":\"ImageObject\",\"inLanguage\":\"es\",\"@id\":\"https:\/\/gobierno.udd.cl\/cips\/2022\/11\/22\/en-81-ha-aumentado-la-cantidad-de-retrasos-ges-asociadas-a-cancer-entre-2021-y-2022\/#primaryimage\",\"url\":\"https:\/\/gobierno.udd.cl\/cips\/files\/2022\/11\/hospital-scaled.jpg\",\"contentUrl\":\"https:\/\/gobierno.udd.cl\/cips\/files\/2022\/11\/hospital-scaled.jpg\",\"width\":2560,\"height\":1695},{\"@type\":\"BreadcrumbList\",\"@id\":\"https:\/\/gobierno.udd.cl\/cips\/2022\/11\/22\/en-81-ha-aumentado-la-cantidad-de-retrasos-ges-asociadas-a-cancer-entre-2021-y-2022\/#breadcrumb\",\"itemListElement\":[{\"@type\":\"ListItem\",\"position\":1,\"name\":\"Portada\",\"item\":\"https:\/\/gobierno.udd.cl\/cips\/\"},{\"@type\":\"ListItem\",\"position\":2,\"name\":\"En 81% ha aumentado la cantidad de retrasos GES asociadas a c\u00e1ncer entre 2021 y 2022\"}]},{\"@type\":\"WebSite\",\"@id\":\"https:\/\/gobierno.udd.cl\/cips\/#website\",\"url\":\"https:\/\/gobierno.udd.cl\/cips\/\",\"name\":\"Centro de Pol\u00edticas P\u00fablicas e Innovaci\u00f3n en Salud\",\"description\":\"CIPS-UDD\",\"inLanguage\":\"es\"},{\"@type\":\"Person\",\"@id\":\"https:\/\/gobierno.udd.cl\/cips\/#\/schema\/person\/9d509bb16e7d8299d075f0e90b5d7d00\",\"name\":\"ccararo\",\"image\":{\"@type\":\"ImageObject\",\"inLanguage\":\"es\",\"@id\":\"https:\/\/gobierno.udd.cl\/cips\/#\/schema\/person\/image\/\",\"url\":\"https:\/\/secure.gravatar.com\/avatar\/fe809aec6c8a49b41db481a62d9671eec512578ac25cf41f7420b8069513828c?s=96&d=mm&r=g\",\"contentUrl\":\"https:\/\/secure.gravatar.com\/avatar\/fe809aec6c8a49b41db481a62d9671eec512578ac25cf41f7420b8069513828c?s=96&d=mm&r=g\",\"caption\":\"ccararo\"},\"url\":\"https:\/\/gobierno.udd.cl\/cips\/author\/ccararo\/\"}]}<\/script>\n<!-- \/ Yoast SEO plugin. -->","yoast_head_json":{"title":"En 81% ha aumentado la cantidad de retrasos GES asociadas a c\u00e1ncer entre 2021 y 2022","robots":{"index":"index","follow":"follow","max-snippet":"max-snippet:-1","max-image-preview":"max-image-preview:large","max-video-preview":"max-video-preview:-1"},"canonical":"https:\/\/gobierno.udd.cl\/cips\/2022\/11\/22\/en-81-ha-aumentado-la-cantidad-de-retrasos-ges-asociadas-a-cancer-entre-2021-y-2022\/","og_locale":"es_ES","og_type":"article","og_title":"En 81% ha aumentado la cantidad de retrasos GES asociadas a c\u00e1ncer entre 2021 y 2022","og_description":"CIPS-UDD realiz\u00f3 un nuevo an\u00e1lisis sobre las listas de espera asociadas a c\u00e1ncer. Entre las 17 garant\u00edas expl\u00edcitas en salud asociadas a c\u00e1ncer, se observ\u00f3 un aumento 34% entre el primer y tercer trimestre de 2022. El c\u00e1ncer cervicouterino es el que tiene mayor cantidad de retrasos y el que tiene mayor variaci\u00f3n porcentual en [&hellip;]","og_url":"https:\/\/gobierno.udd.cl\/cips\/2022\/11\/22\/en-81-ha-aumentado-la-cantidad-de-retrasos-ges-asociadas-a-cancer-entre-2021-y-2022\/","og_site_name":"Centro de Pol\u00edticas P\u00fablicas e Innovaci\u00f3n en Salud","article_publisher":"https:\/\/www.facebook.com\/CIPS.UDD","article_published_time":"2022-11-22T12:24:26+00:00","article_modified_time":"2022-11-22T14:25:08+00:00","og_image":[{"width":2560,"height":1695,"url":"https:\/\/gobierno.udd.cl\/cips\/files\/2022\/11\/hospital-scaled.jpg","type":"image\/jpeg"}],"author":"ccararo","twitter_card":"summary_large_image","twitter_creator":"@CIPS_UDD","twitter_site":"@CIPS_UDD","twitter_misc":{"Escrito por":"ccararo","Tiempo de lectura":"5 minutos"},"schema":{"@context":"https:\/\/schema.org","@graph":[{"@type":"Article","@id":"https:\/\/gobierno.udd.cl\/cips\/2022\/11\/22\/en-81-ha-aumentado-la-cantidad-de-retrasos-ges-asociadas-a-cancer-entre-2021-y-2022\/#article","isPartOf":{"@id":"https:\/\/gobierno.udd.cl\/cips\/2022\/11\/22\/en-81-ha-aumentado-la-cantidad-de-retrasos-ges-asociadas-a-cancer-entre-2021-y-2022\/"},"author":{"name":"ccararo","@id":"https:\/\/gobierno.udd.cl\/cips\/#\/schema\/person\/9d509bb16e7d8299d075f0e90b5d7d00"},"headline":"En 81% ha aumentado la cantidad de retrasos GES asociadas a c\u00e1ncer entre 2021 y 2022","datePublished":"2022-11-22T12:24:26+00:00","dateModified":"2022-11-22T14:25:08+00:00","mainEntityOfPage":{"@id":"https:\/\/gobierno.udd.cl\/cips\/2022\/11\/22\/en-81-ha-aumentado-la-cantidad-de-retrasos-ges-asociadas-a-cancer-entre-2021-y-2022\/"},"wordCount":901,"commentCount":0,"image":{"@id":"https:\/\/gobierno.udd.cl\/cips\/2022\/11\/22\/en-81-ha-aumentado-la-cantidad-de-retrasos-ges-asociadas-a-cancer-entre-2021-y-2022\/#primaryimage"},"thumbnailUrl":"https:\/\/gobierno.udd.cl\/cips\/files\/2022\/11\/hospital-scaled.jpg","keywords":["c\u00e1ncer","CIPS","cips_udd","CIPS-udd","covid","ges","ministerio de salud","Paula Daza","Universidad del Desarrollo"],"articleSection":["Noticias"],"inLanguage":"es","potentialAction":[{"@type":"CommentAction","name":"Comment","target":["https:\/\/gobierno.udd.cl\/cips\/2022\/11\/22\/en-81-ha-aumentado-la-cantidad-de-retrasos-ges-asociadas-a-cancer-entre-2021-y-2022\/#respond"]}]},{"@type":"WebPage","@id":"https:\/\/gobierno.udd.cl\/cips\/2022\/11\/22\/en-81-ha-aumentado-la-cantidad-de-retrasos-ges-asociadas-a-cancer-entre-2021-y-2022\/","url":"https:\/\/gobierno.udd.cl\/cips\/2022\/11\/22\/en-81-ha-aumentado-la-cantidad-de-retrasos-ges-asociadas-a-cancer-entre-2021-y-2022\/","name":"En 81% ha aumentado la cantidad de retrasos GES asociadas a c\u00e1ncer entre 2021 y 2022","isPartOf":{"@id":"https:\/\/gobierno.udd.cl\/cips\/#website"},"primaryImageOfPage":{"@id":"https:\/\/gobierno.udd.cl\/cips\/2022\/11\/22\/en-81-ha-aumentado-la-cantidad-de-retrasos-ges-asociadas-a-cancer-entre-2021-y-2022\/#primaryimage"},"image":{"@id":"https:\/\/gobierno.udd.cl\/cips\/2022\/11\/22\/en-81-ha-aumentado-la-cantidad-de-retrasos-ges-asociadas-a-cancer-entre-2021-y-2022\/#primaryimage"},"thumbnailUrl":"https:\/\/gobierno.udd.cl\/cips\/files\/2022\/11\/hospital-scaled.jpg","datePublished":"2022-11-22T12:24:26+00:00","dateModified":"2022-11-22T14:25:08+00:00","author":{"@id":"https:\/\/gobierno.udd.cl\/cips\/#\/schema\/person\/9d509bb16e7d8299d075f0e90b5d7d00"},"breadcrumb":{"@id":"https:\/\/gobierno.udd.cl\/cips\/2022\/11\/22\/en-81-ha-aumentado-la-cantidad-de-retrasos-ges-asociadas-a-cancer-entre-2021-y-2022\/#breadcrumb"},"inLanguage":"es","potentialAction":[{"@type":"ReadAction","target":["https:\/\/gobierno.udd.cl\/cips\/2022\/11\/22\/en-81-ha-aumentado-la-cantidad-de-retrasos-ges-asociadas-a-cancer-entre-2021-y-2022\/"]}]},{"@type":"ImageObject","inLanguage":"es","@id":"https:\/\/gobierno.udd.cl\/cips\/2022\/11\/22\/en-81-ha-aumentado-la-cantidad-de-retrasos-ges-asociadas-a-cancer-entre-2021-y-2022\/#primaryimage","url":"https:\/\/gobierno.udd.cl\/cips\/files\/2022\/11\/hospital-scaled.jpg","contentUrl":"https:\/\/gobierno.udd.cl\/cips\/files\/2022\/11\/hospital-scaled.jpg","width":2560,"height":1695},{"@type":"BreadcrumbList","@id":"https:\/\/gobierno.udd.cl\/cips\/2022\/11\/22\/en-81-ha-aumentado-la-cantidad-de-retrasos-ges-asociadas-a-cancer-entre-2021-y-2022\/#breadcrumb","itemListElement":[{"@type":"ListItem","position":1,"name":"Portada","item":"https:\/\/gobierno.udd.cl\/cips\/"},{"@type":"ListItem","position":2,"name":"En 81% ha aumentado la cantidad de retrasos GES asociadas a c\u00e1ncer entre 2021 y 2022"}]},{"@type":"WebSite","@id":"https:\/\/gobierno.udd.cl\/cips\/#website","url":"https:\/\/gobierno.udd.cl\/cips\/","name":"Centro de Pol\u00edticas P\u00fablicas e Innovaci\u00f3n en Salud","description":"CIPS-UDD","inLanguage":"es"},{"@type":"Person","@id":"https:\/\/gobierno.udd.cl\/cips\/#\/schema\/person\/9d509bb16e7d8299d075f0e90b5d7d00","name":"ccararo","image":{"@type":"ImageObject","inLanguage":"es","@id":"https:\/\/gobierno.udd.cl\/cips\/#\/schema\/person\/image\/","url":"https:\/\/secure.gravatar.com\/avatar\/fe809aec6c8a49b41db481a62d9671eec512578ac25cf41f7420b8069513828c?s=96&d=mm&r=g","contentUrl":"https:\/\/secure.gravatar.com\/avatar\/fe809aec6c8a49b41db481a62d9671eec512578ac25cf41f7420b8069513828c?s=96&d=mm&r=g","caption":"ccararo"},"url":"https:\/\/gobierno.udd.cl\/cips\/author\/ccararo\/"}]}},"featured_image_url":"https:\/\/gobierno.udd.cl\/cips\/files\/2022\/11\/hospital-scaled.jpg","_links":{"self":[{"href":"https:\/\/gobierno.udd.cl\/cips\/wp-json\/wp\/v2\/posts\/859","targetHints":{"allow":["GET"]}}],"collection":[{"href":"https:\/\/gobierno.udd.cl\/cips\/wp-json\/wp\/v2\/posts"}],"about":[{"href":"https:\/\/gobierno.udd.cl\/cips\/wp-json\/wp\/v2\/types\/post"}],"author":[{"embeddable":true,"href":"https:\/\/gobierno.udd.cl\/cips\/wp-json\/wp\/v2\/users\/9192236"}],"replies":[{"embeddable":true,"href":"https:\/\/gobierno.udd.cl\/cips\/wp-json\/wp\/v2\/comments?post=859"}],"version-history":[{"count":3,"href":"https:\/\/gobierno.udd.cl\/cips\/wp-json\/wp\/v2\/posts\/859\/revisions"}],"predecessor-version":[{"id":868,"href":"https:\/\/gobierno.udd.cl\/cips\/wp-json\/wp\/v2\/posts\/859\/revisions\/868"}],"wp:featuredmedia":[{"embeddable":true,"href":"https:\/\/gobierno.udd.cl\/cips\/wp-json\/wp\/v2\/media\/860"}],"wp:attachment":[{"href":"https:\/\/gobierno.udd.cl\/cips\/wp-json\/wp\/v2\/media?parent=859"}],"wp:term":[{"taxonomy":"category","embeddable":true,"href":"https:\/\/gobierno.udd.cl\/cips\/wp-json\/wp\/v2\/categories?post=859"},{"taxonomy":"post_tag","embeddable":true,"href":"https:\/\/gobierno.udd.cl\/cips\/wp-json\/wp\/v2\/tags?post=859"}],"curies":[{"name":"wp","href":"https:\/\/api.w.org\/{rel}","templated":true}]}}