{"id":818,"date":"2022-11-09T08:31:37","date_gmt":"2022-11-09T11:31:37","guid":{"rendered":"https:\/\/gobierno.udd.cl\/cips\/?p=818"},"modified":"2022-11-10T16:28:03","modified_gmt":"2022-11-10T19:28:03","slug":"administracion-de-dosis-bivalente-lleva-dos-semanas-consecutivas-a-la-baja","status":"publish","type":"post","link":"https:\/\/gobierno.udd.cl\/cips\/2022\/11\/09\/administracion-de-dosis-bivalente-lleva-dos-semanas-consecutivas-a-la-baja\/","title":{"rendered":"Administraci\u00f3n de dosis bivalente lleva dos semanas consecutivas a la baja"},"content":{"rendered":"\n<p><em>A un mes desde que se iniciara el proceso de inoculaci\u00f3n con la vacuna bivalente contra el Covid-19, el Centro de Pol\u00edticas P\u00fablicas e Innovaci\u00f3n en Salud analiz\u00f3 el ritmo de vacunaci\u00f3n. A pesar que desde el 26 de octubre la vacunaci\u00f3n se hizo masiva, incorporando en el calendario a personas mayores de 80 a\u00f1os, el ritmo de vacunaci\u00f3n disminuy\u00f3. En la \u00faltima semana de octubre baj\u00f3 en 9,4% comparado con la semana anterior y en 44% en la primera semana de noviembre, comparado con la semana previa.<\/em><\/p>\n\n\n\n<p>El 11 de octubre se inici\u00f3 la vacunaci\u00f3n con la vacuna bivalente en Chile. A un mes desde el comienzo de este proceso en la Campa\u00f1a de Vacunaci\u00f3n contra Covid-19, CIPS UDD realiz\u00f3 un an\u00e1lisis de la administraci\u00f3n de esta vacuna y de la situaci\u00f3n de la pandemia en el pa\u00eds.<\/p>\n\n\n\n<p>De acuerdo con los datos publicados en Deis hasta el 6 de noviembre, se han administrado 190.882 dosis de la vacuna bivalente con una cobertura a nivel nacional de 3,1%.<\/p>\n\n\n\n<p>El calendario de esta campa\u00f1a parti\u00f3 con el llamado a vacunarse a personas inmunocomprometidas y personal de salud. Desde el 26 de octubre se hizo masiva la vacunaci\u00f3n comenzando por las personas mayores de 80 a\u00f1os. Sin embargo, a pesar de que se ampli\u00f3 el llamado, en las dos \u00faltimas semanas ha habido una baja en la administraci\u00f3n de dosis.<\/p>\n\n\n\n<figure class=\"wp-block-image aligncenter size-medium is-resized is-style-default\"><img loading=\"lazy\" decoding=\"async\" src=\"https:\/\/gobierno.udd.cl\/cips\/files\/2022\/11\/pexels-karolina-grabowska-5207032-300x200.jpg\" alt=\"\" class=\"wp-image-819\" width=\"483\" height=\"322\" srcset=\"https:\/\/gobierno.udd.cl\/cips\/files\/2022\/11\/pexels-karolina-grabowska-5207032-300x200.jpg 300w, https:\/\/gobierno.udd.cl\/cips\/files\/2022\/11\/pexels-karolina-grabowska-5207032-1024x683.jpg 1024w, https:\/\/gobierno.udd.cl\/cips\/files\/2022\/11\/pexels-karolina-grabowska-5207032-768x512.jpg 768w, https:\/\/gobierno.udd.cl\/cips\/files\/2022\/11\/pexels-karolina-grabowska-5207032-1536x1024.jpg 1536w, https:\/\/gobierno.udd.cl\/cips\/files\/2022\/11\/pexels-karolina-grabowska-5207032-2048x1365.jpg 2048w\" sizes=\"auto, (max-width: 483px) 100vw, 483px\" \/><\/figure>\n\n\n\n<p>En la semana epidemiol\u00f3gica 43 (Entre el 23 y 29 de octubre), la cantidad de dosis bivalentes administradas, respecto a la semana anterior, disminuy\u00f3 en 9,4%. En tanto, en la semana epidemiol\u00f3gica 44 (Entre el 30 de octubre y 5 de noviembre) se observ\u00f3 una disminuci\u00f3n de 44% respecto a los \u00faltimos d\u00edas de octubre, con un total de 30.120 dosis administradas semanalmente.<\/p>\n\n\n\n<p><em><strong>\u201cEsta tendencia debemos revertirla r\u00e1pidamente. No podemos ir sumando personas aptas seg\u00fan calendario y que la cantidad de dosis disminuya. Las medidas de contenci\u00f3n de la pandemia hay que fortalecerlas desde la Subsecretar\u00eda de Salud P\u00fablica para que la red asistencial no se vea afectada en su capacidad de respuesta\u201d<\/strong><\/em>, dice <strong><a href=\"https:\/\/gobierno.udd.cl\/cips\/persona\/paula-daza-narbona\/\" target=\"_blank\" rel=\"noreferrer noopener\">Paula Daza<\/a><\/strong>, Directora Ejecutiva de <strong>CIPS-UDD<\/strong>.<\/p>\n\n\n\n<p>Frente a este escenario, en donde tambi\u00e9n se observa una peque\u00f1a alza en hospitalizaciones, CIPS-UDD recomienda poner urgencia a la vacunaci\u00f3n bivalente. Adem\u00e1s, es necesario desarrollar estrategias para la vacunaci\u00f3n todos los d\u00edas del a\u00f1o, inclusive festivos.<\/p>\n\n\n\n<p><strong><a href=\"https:\/\/gobierno.udd.cl\/cips\/files\/2022\/11\/informe-vacunacion-7-noviembre.pdf\" target=\"_blank\" rel=\"noreferrer noopener\">Revisa aqu\u00ed el informe completo<\/a><\/strong><\/p>\n\n\n\n<figure class=\"wp-block-image aligncenter size-large\"><a href=\"https:\/\/gobierno.udd.cl\/cips\/comunidad-cips\/\" target=\"_blank\" rel=\"noreferrer noopener\"><img loading=\"lazy\" decoding=\"async\" width=\"1024\" height=\"160\" src=\"https:\/\/gobierno.udd.cl\/cips\/files\/2022\/11\/comunidadcips-1024x160.png\" alt=\"\" class=\"wp-image-833\" srcset=\"https:\/\/gobierno.udd.cl\/cips\/files\/2022\/11\/comunidadcips-1024x160.png 1024w, https:\/\/gobierno.udd.cl\/cips\/files\/2022\/11\/comunidadcips-300x47.png 300w, https:\/\/gobierno.udd.cl\/cips\/files\/2022\/11\/comunidadcips-768x120.png 768w, https:\/\/gobierno.udd.cl\/cips\/files\/2022\/11\/comunidadcips-1536x240.png 1536w, https:\/\/gobierno.udd.cl\/cips\/files\/2022\/11\/comunidadcips.png 1920w\" sizes=\"auto, (max-width: 1024px) 100vw, 1024px\" \/><\/a><\/figure>\n","protected":false},"excerpt":{"rendered":"<p>A un mes desde que se iniciara el proceso de inoculaci\u00f3n con la vacuna bivalente contra el Covid-19, el Centro de Pol\u00edticas P\u00fablicas e Innovaci\u00f3n en Salud analiz\u00f3 el ritmo de vacunaci\u00f3n. A pesar que desde el 26 de octubre la vacunaci\u00f3n se hizo masiva, incorporando en el calendario a personas mayores de 80 a\u00f1os, [&hellip;]<\/p>\n","protected":false},"author":9192236,"featured_media":819,"comment_status":"open","ping_status":"open","sticky":false,"template":"","format":"standard","meta":{"footnotes":""},"categories":[3],"tags":[129,15,87,71,38,34,130,31,14,23,68,40,42],"class_list":["post-818","post","type-post","status-publish","format-standard","has-post-thumbnail","hentry","category-noticias","tag-bivalente","tag-cips","tag-cips_udd","tag-cips-udd","tag-covid","tag-covid-19","tag-dosis","tag-ministerio-de-salud","tag-paula-daza","tag-universidad-del-desarrollo","tag-vacuna","tag-vacunacion","tag-vacunas"],"yoast_head":"<!-- This site is optimized with the Yoast SEO plugin v26.9 - https:\/\/yoast.com\/product\/yoast-seo-wordpress\/ -->\n<title>Administraci\u00f3n de dosis bivalente lleva dos semanas consecutivas a la baja - Centro de Pol\u00edticas P\u00fablicas e Innovaci\u00f3n en Salud<\/title>\n<meta name=\"robots\" content=\"index, follow, max-snippet:-1, max-image-preview:large, max-video-preview:-1\" \/>\n<link rel=\"canonical\" href=\"https:\/\/gobierno.udd.cl\/cips\/2022\/11\/09\/administracion-de-dosis-bivalente-lleva-dos-semanas-consecutivas-a-la-baja\/\" \/>\n<meta property=\"og:locale\" content=\"es_ES\" \/>\n<meta property=\"og:type\" content=\"article\" \/>\n<meta property=\"og:title\" content=\"Administraci\u00f3n de dosis bivalente lleva dos semanas consecutivas a la baja - Centro de Pol\u00edticas P\u00fablicas e Innovaci\u00f3n en Salud\" \/>\n<meta property=\"og:description\" content=\"A un mes desde que se iniciara el proceso de inoculaci\u00f3n con la vacuna bivalente contra el Covid-19, el Centro de Pol\u00edticas P\u00fablicas e Innovaci\u00f3n en Salud analiz\u00f3 el ritmo de vacunaci\u00f3n. A pesar que desde el 26 de octubre la vacunaci\u00f3n se hizo masiva, incorporando en el calendario a personas mayores de 80 a\u00f1os, [&hellip;]\" \/>\n<meta property=\"og:url\" content=\"https:\/\/gobierno.udd.cl\/cips\/2022\/11\/09\/administracion-de-dosis-bivalente-lleva-dos-semanas-consecutivas-a-la-baja\/\" \/>\n<meta property=\"og:site_name\" content=\"Centro de Pol\u00edticas P\u00fablicas e Innovaci\u00f3n en Salud\" \/>\n<meta property=\"article:publisher\" content=\"https:\/\/www.facebook.com\/CIPS.UDD\" \/>\n<meta property=\"article:published_time\" content=\"2022-11-09T11:31:37+00:00\" \/>\n<meta property=\"article:modified_time\" content=\"2022-11-10T19:28:03+00:00\" \/>\n<meta property=\"og:image\" content=\"https:\/\/gobierno.udd.cl\/cips\/files\/2022\/11\/pexels-karolina-grabowska-5207032-scaled.jpg\" \/>\n\t<meta property=\"og:image:width\" content=\"2560\" \/>\n\t<meta property=\"og:image:height\" content=\"1707\" \/>\n\t<meta property=\"og:image:type\" content=\"image\/jpeg\" \/>\n<meta name=\"author\" content=\"ccararo\" \/>\n<meta name=\"twitter:card\" content=\"summary_large_image\" \/>\n<meta name=\"twitter:creator\" content=\"@CIPS_UDD\" \/>\n<meta name=\"twitter:site\" content=\"@CIPS_UDD\" \/>\n<meta name=\"twitter:label1\" content=\"Escrito por\" \/>\n\t<meta name=\"twitter:data1\" content=\"ccararo\" \/>\n\t<meta name=\"twitter:label2\" content=\"Tiempo de lectura\" \/>\n\t<meta name=\"twitter:data2\" content=\"3 minutos\" \/>\n<script type=\"application\/ld+json\" class=\"yoast-schema-graph\">{\"@context\":\"https:\/\/schema.org\",\"@graph\":[{\"@type\":\"Article\",\"@id\":\"https:\/\/gobierno.udd.cl\/cips\/2022\/11\/09\/administracion-de-dosis-bivalente-lleva-dos-semanas-consecutivas-a-la-baja\/#article\",\"isPartOf\":{\"@id\":\"https:\/\/gobierno.udd.cl\/cips\/2022\/11\/09\/administracion-de-dosis-bivalente-lleva-dos-semanas-consecutivas-a-la-baja\/\"},\"author\":{\"name\":\"ccararo\",\"@id\":\"https:\/\/gobierno.udd.cl\/cips\/#\/schema\/person\/9d509bb16e7d8299d075f0e90b5d7d00\"},\"headline\":\"Administraci\u00f3n de dosis bivalente lleva dos semanas consecutivas a la baja\",\"datePublished\":\"2022-11-09T11:31:37+00:00\",\"dateModified\":\"2022-11-10T19:28:03+00:00\",\"mainEntityOfPage\":{\"@id\":\"https:\/\/gobierno.udd.cl\/cips\/2022\/11\/09\/administracion-de-dosis-bivalente-lleva-dos-semanas-consecutivas-a-la-baja\/\"},\"wordCount\":419,\"commentCount\":0,\"image\":{\"@id\":\"https:\/\/gobierno.udd.cl\/cips\/2022\/11\/09\/administracion-de-dosis-bivalente-lleva-dos-semanas-consecutivas-a-la-baja\/#primaryimage\"},\"thumbnailUrl\":\"https:\/\/gobierno.udd.cl\/cips\/files\/2022\/11\/pexels-karolina-grabowska-5207032-scaled.jpg\",\"keywords\":[\"bivalente\",\"CIPS\",\"cips_udd\",\"CIPS-udd\",\"covid\",\"covid 19\",\"dosis\",\"ministerio de salud\",\"Paula Daza\",\"Universidad del Desarrollo\",\"vacuna\",\"vacunaci\u00f3n\",\"vacunas\"],\"articleSection\":[\"Noticias\"],\"inLanguage\":\"es\",\"potentialAction\":[{\"@type\":\"CommentAction\",\"name\":\"Comment\",\"target\":[\"https:\/\/gobierno.udd.cl\/cips\/2022\/11\/09\/administracion-de-dosis-bivalente-lleva-dos-semanas-consecutivas-a-la-baja\/#respond\"]}]},{\"@type\":\"WebPage\",\"@id\":\"https:\/\/gobierno.udd.cl\/cips\/2022\/11\/09\/administracion-de-dosis-bivalente-lleva-dos-semanas-consecutivas-a-la-baja\/\",\"url\":\"https:\/\/gobierno.udd.cl\/cips\/2022\/11\/09\/administracion-de-dosis-bivalente-lleva-dos-semanas-consecutivas-a-la-baja\/\",\"name\":\"Administraci\u00f3n de dosis bivalente lleva dos semanas consecutivas a la baja - Centro de Pol\u00edticas P\u00fablicas e Innovaci\u00f3n en Salud\",\"isPartOf\":{\"@id\":\"https:\/\/gobierno.udd.cl\/cips\/#website\"},\"primaryImageOfPage\":{\"@id\":\"https:\/\/gobierno.udd.cl\/cips\/2022\/11\/09\/administracion-de-dosis-bivalente-lleva-dos-semanas-consecutivas-a-la-baja\/#primaryimage\"},\"image\":{\"@id\":\"https:\/\/gobierno.udd.cl\/cips\/2022\/11\/09\/administracion-de-dosis-bivalente-lleva-dos-semanas-consecutivas-a-la-baja\/#primaryimage\"},\"thumbnailUrl\":\"https:\/\/gobierno.udd.cl\/cips\/files\/2022\/11\/pexels-karolina-grabowska-5207032-scaled.jpg\",\"datePublished\":\"2022-11-09T11:31:37+00:00\",\"dateModified\":\"2022-11-10T19:28:03+00:00\",\"author\":{\"@id\":\"https:\/\/gobierno.udd.cl\/cips\/#\/schema\/person\/9d509bb16e7d8299d075f0e90b5d7d00\"},\"breadcrumb\":{\"@id\":\"https:\/\/gobierno.udd.cl\/cips\/2022\/11\/09\/administracion-de-dosis-bivalente-lleva-dos-semanas-consecutivas-a-la-baja\/#breadcrumb\"},\"inLanguage\":\"es\",\"potentialAction\":[{\"@type\":\"ReadAction\",\"target\":[\"https:\/\/gobierno.udd.cl\/cips\/2022\/11\/09\/administracion-de-dosis-bivalente-lleva-dos-semanas-consecutivas-a-la-baja\/\"]}]},{\"@type\":\"ImageObject\",\"inLanguage\":\"es\",\"@id\":\"https:\/\/gobierno.udd.cl\/cips\/2022\/11\/09\/administracion-de-dosis-bivalente-lleva-dos-semanas-consecutivas-a-la-baja\/#primaryimage\",\"url\":\"https:\/\/gobierno.udd.cl\/cips\/files\/2022\/11\/pexels-karolina-grabowska-5207032-scaled.jpg\",\"contentUrl\":\"https:\/\/gobierno.udd.cl\/cips\/files\/2022\/11\/pexels-karolina-grabowska-5207032-scaled.jpg\",\"width\":2560,\"height\":1707},{\"@type\":\"BreadcrumbList\",\"@id\":\"https:\/\/gobierno.udd.cl\/cips\/2022\/11\/09\/administracion-de-dosis-bivalente-lleva-dos-semanas-consecutivas-a-la-baja\/#breadcrumb\",\"itemListElement\":[{\"@type\":\"ListItem\",\"position\":1,\"name\":\"Portada\",\"item\":\"https:\/\/gobierno.udd.cl\/cips\/\"},{\"@type\":\"ListItem\",\"position\":2,\"name\":\"Administraci\u00f3n de dosis bivalente lleva dos semanas consecutivas a la baja\"}]},{\"@type\":\"WebSite\",\"@id\":\"https:\/\/gobierno.udd.cl\/cips\/#website\",\"url\":\"https:\/\/gobierno.udd.cl\/cips\/\",\"name\":\"Centro de Pol\u00edticas P\u00fablicas e Innovaci\u00f3n en Salud\",\"description\":\"CIPS-UDD\",\"inLanguage\":\"es\"},{\"@type\":\"Person\",\"@id\":\"https:\/\/gobierno.udd.cl\/cips\/#\/schema\/person\/9d509bb16e7d8299d075f0e90b5d7d00\",\"name\":\"ccararo\",\"image\":{\"@type\":\"ImageObject\",\"inLanguage\":\"es\",\"@id\":\"https:\/\/gobierno.udd.cl\/cips\/#\/schema\/person\/image\/\",\"url\":\"https:\/\/secure.gravatar.com\/avatar\/fe809aec6c8a49b41db481a62d9671eec512578ac25cf41f7420b8069513828c?s=96&d=mm&r=g\",\"contentUrl\":\"https:\/\/secure.gravatar.com\/avatar\/fe809aec6c8a49b41db481a62d9671eec512578ac25cf41f7420b8069513828c?s=96&d=mm&r=g\",\"caption\":\"ccararo\"},\"url\":\"https:\/\/gobierno.udd.cl\/cips\/author\/ccararo\/\"}]}<\/script>\n<!-- \/ Yoast SEO plugin. -->","yoast_head_json":{"title":"Administraci\u00f3n de dosis bivalente lleva dos semanas consecutivas a la baja - Centro de Pol\u00edticas P\u00fablicas e Innovaci\u00f3n en Salud","robots":{"index":"index","follow":"follow","max-snippet":"max-snippet:-1","max-image-preview":"max-image-preview:large","max-video-preview":"max-video-preview:-1"},"canonical":"https:\/\/gobierno.udd.cl\/cips\/2022\/11\/09\/administracion-de-dosis-bivalente-lleva-dos-semanas-consecutivas-a-la-baja\/","og_locale":"es_ES","og_type":"article","og_title":"Administraci\u00f3n de dosis bivalente lleva dos semanas consecutivas a la baja - Centro de Pol\u00edticas P\u00fablicas e Innovaci\u00f3n en Salud","og_description":"A un mes desde que se iniciara el proceso de inoculaci\u00f3n con la vacuna bivalente contra el Covid-19, el Centro de Pol\u00edticas P\u00fablicas e Innovaci\u00f3n en Salud analiz\u00f3 el ritmo de vacunaci\u00f3n. A pesar que desde el 26 de octubre la vacunaci\u00f3n se hizo masiva, incorporando en el calendario a personas mayores de 80 a\u00f1os, [&hellip;]","og_url":"https:\/\/gobierno.udd.cl\/cips\/2022\/11\/09\/administracion-de-dosis-bivalente-lleva-dos-semanas-consecutivas-a-la-baja\/","og_site_name":"Centro de Pol\u00edticas P\u00fablicas e Innovaci\u00f3n en Salud","article_publisher":"https:\/\/www.facebook.com\/CIPS.UDD","article_published_time":"2022-11-09T11:31:37+00:00","article_modified_time":"2022-11-10T19:28:03+00:00","og_image":[{"width":2560,"height":1707,"url":"https:\/\/gobierno.udd.cl\/cips\/files\/2022\/11\/pexels-karolina-grabowska-5207032-scaled.jpg","type":"image\/jpeg"}],"author":"ccararo","twitter_card":"summary_large_image","twitter_creator":"@CIPS_UDD","twitter_site":"@CIPS_UDD","twitter_misc":{"Escrito por":"ccararo","Tiempo de lectura":"3 minutos"},"schema":{"@context":"https:\/\/schema.org","@graph":[{"@type":"Article","@id":"https:\/\/gobierno.udd.cl\/cips\/2022\/11\/09\/administracion-de-dosis-bivalente-lleva-dos-semanas-consecutivas-a-la-baja\/#article","isPartOf":{"@id":"https:\/\/gobierno.udd.cl\/cips\/2022\/11\/09\/administracion-de-dosis-bivalente-lleva-dos-semanas-consecutivas-a-la-baja\/"},"author":{"name":"ccararo","@id":"https:\/\/gobierno.udd.cl\/cips\/#\/schema\/person\/9d509bb16e7d8299d075f0e90b5d7d00"},"headline":"Administraci\u00f3n de dosis bivalente lleva dos semanas consecutivas a la baja","datePublished":"2022-11-09T11:31:37+00:00","dateModified":"2022-11-10T19:28:03+00:00","mainEntityOfPage":{"@id":"https:\/\/gobierno.udd.cl\/cips\/2022\/11\/09\/administracion-de-dosis-bivalente-lleva-dos-semanas-consecutivas-a-la-baja\/"},"wordCount":419,"commentCount":0,"image":{"@id":"https:\/\/gobierno.udd.cl\/cips\/2022\/11\/09\/administracion-de-dosis-bivalente-lleva-dos-semanas-consecutivas-a-la-baja\/#primaryimage"},"thumbnailUrl":"https:\/\/gobierno.udd.cl\/cips\/files\/2022\/11\/pexels-karolina-grabowska-5207032-scaled.jpg","keywords":["bivalente","CIPS","cips_udd","CIPS-udd","covid","covid 19","dosis","ministerio de salud","Paula Daza","Universidad del Desarrollo","vacuna","vacunaci\u00f3n","vacunas"],"articleSection":["Noticias"],"inLanguage":"es","potentialAction":[{"@type":"CommentAction","name":"Comment","target":["https:\/\/gobierno.udd.cl\/cips\/2022\/11\/09\/administracion-de-dosis-bivalente-lleva-dos-semanas-consecutivas-a-la-baja\/#respond"]}]},{"@type":"WebPage","@id":"https:\/\/gobierno.udd.cl\/cips\/2022\/11\/09\/administracion-de-dosis-bivalente-lleva-dos-semanas-consecutivas-a-la-baja\/","url":"https:\/\/gobierno.udd.cl\/cips\/2022\/11\/09\/administracion-de-dosis-bivalente-lleva-dos-semanas-consecutivas-a-la-baja\/","name":"Administraci\u00f3n de dosis bivalente lleva dos semanas consecutivas a la baja - Centro de Pol\u00edticas P\u00fablicas e Innovaci\u00f3n en Salud","isPartOf":{"@id":"https:\/\/gobierno.udd.cl\/cips\/#website"},"primaryImageOfPage":{"@id":"https:\/\/gobierno.udd.cl\/cips\/2022\/11\/09\/administracion-de-dosis-bivalente-lleva-dos-semanas-consecutivas-a-la-baja\/#primaryimage"},"image":{"@id":"https:\/\/gobierno.udd.cl\/cips\/2022\/11\/09\/administracion-de-dosis-bivalente-lleva-dos-semanas-consecutivas-a-la-baja\/#primaryimage"},"thumbnailUrl":"https:\/\/gobierno.udd.cl\/cips\/files\/2022\/11\/pexels-karolina-grabowska-5207032-scaled.jpg","datePublished":"2022-11-09T11:31:37+00:00","dateModified":"2022-11-10T19:28:03+00:00","author":{"@id":"https:\/\/gobierno.udd.cl\/cips\/#\/schema\/person\/9d509bb16e7d8299d075f0e90b5d7d00"},"breadcrumb":{"@id":"https:\/\/gobierno.udd.cl\/cips\/2022\/11\/09\/administracion-de-dosis-bivalente-lleva-dos-semanas-consecutivas-a-la-baja\/#breadcrumb"},"inLanguage":"es","potentialAction":[{"@type":"ReadAction","target":["https:\/\/gobierno.udd.cl\/cips\/2022\/11\/09\/administracion-de-dosis-bivalente-lleva-dos-semanas-consecutivas-a-la-baja\/"]}]},{"@type":"ImageObject","inLanguage":"es","@id":"https:\/\/gobierno.udd.cl\/cips\/2022\/11\/09\/administracion-de-dosis-bivalente-lleva-dos-semanas-consecutivas-a-la-baja\/#primaryimage","url":"https:\/\/gobierno.udd.cl\/cips\/files\/2022\/11\/pexels-karolina-grabowska-5207032-scaled.jpg","contentUrl":"https:\/\/gobierno.udd.cl\/cips\/files\/2022\/11\/pexels-karolina-grabowska-5207032-scaled.jpg","width":2560,"height":1707},{"@type":"BreadcrumbList","@id":"https:\/\/gobierno.udd.cl\/cips\/2022\/11\/09\/administracion-de-dosis-bivalente-lleva-dos-semanas-consecutivas-a-la-baja\/#breadcrumb","itemListElement":[{"@type":"ListItem","position":1,"name":"Portada","item":"https:\/\/gobierno.udd.cl\/cips\/"},{"@type":"ListItem","position":2,"name":"Administraci\u00f3n de dosis bivalente lleva dos semanas consecutivas a la baja"}]},{"@type":"WebSite","@id":"https:\/\/gobierno.udd.cl\/cips\/#website","url":"https:\/\/gobierno.udd.cl\/cips\/","name":"Centro de Pol\u00edticas P\u00fablicas e Innovaci\u00f3n en Salud","description":"CIPS-UDD","inLanguage":"es"},{"@type":"Person","@id":"https:\/\/gobierno.udd.cl\/cips\/#\/schema\/person\/9d509bb16e7d8299d075f0e90b5d7d00","name":"ccararo","image":{"@type":"ImageObject","inLanguage":"es","@id":"https:\/\/gobierno.udd.cl\/cips\/#\/schema\/person\/image\/","url":"https:\/\/secure.gravatar.com\/avatar\/fe809aec6c8a49b41db481a62d9671eec512578ac25cf41f7420b8069513828c?s=96&d=mm&r=g","contentUrl":"https:\/\/secure.gravatar.com\/avatar\/fe809aec6c8a49b41db481a62d9671eec512578ac25cf41f7420b8069513828c?s=96&d=mm&r=g","caption":"ccararo"},"url":"https:\/\/gobierno.udd.cl\/cips\/author\/ccararo\/"}]}},"featured_image_url":"https:\/\/gobierno.udd.cl\/cips\/files\/2022\/11\/pexels-karolina-grabowska-5207032-scaled.jpg","_links":{"self":[{"href":"https:\/\/gobierno.udd.cl\/cips\/wp-json\/wp\/v2\/posts\/818","targetHints":{"allow":["GET"]}}],"collection":[{"href":"https:\/\/gobierno.udd.cl\/cips\/wp-json\/wp\/v2\/posts"}],"about":[{"href":"https:\/\/gobierno.udd.cl\/cips\/wp-json\/wp\/v2\/types\/post"}],"author":[{"embeddable":true,"href":"https:\/\/gobierno.udd.cl\/cips\/wp-json\/wp\/v2\/users\/9192236"}],"replies":[{"embeddable":true,"href":"https:\/\/gobierno.udd.cl\/cips\/wp-json\/wp\/v2\/comments?post=818"}],"version-history":[{"count":3,"href":"https:\/\/gobierno.udd.cl\/cips\/wp-json\/wp\/v2\/posts\/818\/revisions"}],"predecessor-version":[{"id":836,"href":"https:\/\/gobierno.udd.cl\/cips\/wp-json\/wp\/v2\/posts\/818\/revisions\/836"}],"wp:featuredmedia":[{"embeddable":true,"href":"https:\/\/gobierno.udd.cl\/cips\/wp-json\/wp\/v2\/media\/819"}],"wp:attachment":[{"href":"https:\/\/gobierno.udd.cl\/cips\/wp-json\/wp\/v2\/media?parent=818"}],"wp:term":[{"taxonomy":"category","embeddable":true,"href":"https:\/\/gobierno.udd.cl\/cips\/wp-json\/wp\/v2\/categories?post=818"},{"taxonomy":"post_tag","embeddable":true,"href":"https:\/\/gobierno.udd.cl\/cips\/wp-json\/wp\/v2\/tags?post=818"}],"curies":[{"name":"wp","href":"https:\/\/api.w.org\/{rel}","templated":true}]}}