{"id":77,"date":"2022-05-05T12:50:52","date_gmt":"2022-05-05T12:50:52","guid":{"rendered":"https:\/\/gobierno.udd.cl\/cips\/?p=77"},"modified":"2022-05-24T18:14:35","modified_gmt":"2022-05-24T18:14:35","slug":"sesiona-la-primera-reunion-de-comite-ejecutivo-cips-udd","status":"publish","type":"post","link":"https:\/\/gobierno.udd.cl\/cips\/2022\/05\/05\/sesiona-la-primera-reunion-de-comite-ejecutivo-cips-udd\/","title":{"rendered":"Sesiona la primera reuni\u00f3n de Comit\u00e9 Ejecutivo CIPS- UDD"},"content":{"rendered":"\n<p><strong>El mi\u00e9rcoles 13 de abril se realiz\u00f3 la primera sesi\u00f3n del Comit\u00e9 Ejecutivo del Centro de Pol\u00edticas P\u00fablicas a Innovacion en salud.&nbsp;<\/strong><\/p>\n\n\n\n<p>En su primer encuentro el equipo zanj\u00f3 los lineamientos principales y principios rectores del centro el se form\u00f3 a comienzos de abril.<\/p>\n\n\n\n<p>Este comit\u00e9 est\u00e1 integrado por las ex autoridades de salud Emilio Santelices, Paula Daza y Marcelo Mosso. En cuanto a representantes de la Universidad del Desarrollo, est\u00e1 el dec ano de la Facultad de Medicina, Ricardo Ronco, la&nbsp; Investigadora del Instituto de Emprendimiento (IE), Vesna Mandakovic y el doctor Patricio Mu\u00f1oz.&nbsp;<\/p>\n\n\n\n<p>Este comit\u00e9 se juntar\u00e1 sesionar\u00e1 cada dos semanas para analizar los avances del centro en materia de investigaci\u00f3n, estudios y an\u00e1lisis.&nbsp;<\/p>\n\n\n\n<p>Para revisar m\u00e1s detalles de qui\u00e9nes conforman este equipo, revisa aqu\u00ed.<\/p>\n","protected":false},"excerpt":{"rendered":"<p>El mi\u00e9rcoles 13 de abril se realiz\u00f3 la primera sesi\u00f3n del Comit\u00e9 Ejecutivo del Centro de Pol\u00edticas P\u00fablicas a Innovacion en salud.&nbsp; En su primer encuentro el equipo zanj\u00f3 los lineamientos principales y principios rectores del centro el se form\u00f3 a comienzos de abril. Este comit\u00e9 est\u00e1 integrado por las ex autoridades de salud Emilio [&hellip;]<\/p>\n","protected":false},"author":9192234,"featured_media":79,"comment_status":"open","ping_status":"open","sticky":false,"template":"","format":"standard","meta":{"footnotes":""},"categories":[3],"tags":[],"class_list":["post-77","post","type-post","status-publish","format-standard","has-post-thumbnail","hentry","category-noticias"],"yoast_head":"<!-- This site is optimized with the Yoast SEO plugin v26.9 - https:\/\/yoast.com\/product\/yoast-seo-wordpress\/ -->\n<title>Sesiona la primera reuni\u00f3n de Comit\u00e9 Ejecutivo CIPS- UDD - Centro de Pol\u00edticas P\u00fablicas e Innovaci\u00f3n en Salud<\/title>\n<meta name=\"robots\" content=\"index, follow, max-snippet:-1, max-image-preview:large, max-video-preview:-1\" \/>\n<link rel=\"canonical\" href=\"https:\/\/gobierno.udd.cl\/cips\/2022\/05\/05\/sesiona-la-primera-reunion-de-comite-ejecutivo-cips-udd\/\" \/>\n<meta property=\"og:locale\" content=\"es_ES\" \/>\n<meta property=\"og:type\" content=\"article\" \/>\n<meta property=\"og:title\" content=\"Sesiona la primera reuni\u00f3n de Comit\u00e9 Ejecutivo CIPS- UDD - Centro de Pol\u00edticas P\u00fablicas e Innovaci\u00f3n en Salud\" \/>\n<meta property=\"og:description\" content=\"El mi\u00e9rcoles 13 de abril se realiz\u00f3 la primera sesi\u00f3n del Comit\u00e9 Ejecutivo del Centro de Pol\u00edticas P\u00fablicas a Innovacion en salud.&nbsp; En su primer encuentro el equipo zanj\u00f3 los lineamientos principales y principios rectores del centro el se form\u00f3 a comienzos de abril. Este comit\u00e9 est\u00e1 integrado por las ex autoridades de salud Emilio [&hellip;]\" \/>\n<meta property=\"og:url\" content=\"https:\/\/gobierno.udd.cl\/cips\/2022\/05\/05\/sesiona-la-primera-reunion-de-comite-ejecutivo-cips-udd\/\" \/>\n<meta property=\"og:site_name\" content=\"Centro de Pol\u00edticas P\u00fablicas e Innovaci\u00f3n en Salud\" \/>\n<meta property=\"article:publisher\" content=\"https:\/\/www.facebook.com\/CIPS.UDD\" \/>\n<meta property=\"article:published_time\" content=\"2022-05-05T12:50:52+00:00\" \/>\n<meta property=\"article:modified_time\" content=\"2022-05-24T18:14:35+00:00\" \/>\n<meta property=\"og:image\" content=\"https:\/\/gobierno.udd.cl\/cips\/files\/2022\/05\/Cips_IMG_2696-scaled-e1653662665185.jpg\" \/>\n\t<meta property=\"og:image:width\" content=\"2560\" \/>\n\t<meta property=\"og:image:height\" content=\"1707\" \/>\n\t<meta property=\"og:image:type\" content=\"image\/jpeg\" \/>\n<meta name=\"author\" content=\"cskewes\" \/>\n<meta name=\"twitter:card\" content=\"summary_large_image\" \/>\n<meta name=\"twitter:creator\" content=\"@CIPS_UDD\" \/>\n<meta name=\"twitter:site\" content=\"@CIPS_UDD\" \/>\n<meta name=\"twitter:label1\" content=\"Escrito por\" \/>\n\t<meta name=\"twitter:data1\" content=\"cskewes\" \/>\n\t<meta name=\"twitter:label2\" content=\"Tiempo de lectura\" \/>\n\t<meta name=\"twitter:data2\" content=\"1 minuto\" \/>\n<script type=\"application\/ld+json\" class=\"yoast-schema-graph\">{\"@context\":\"https:\/\/schema.org\",\"@graph\":[{\"@type\":\"Article\",\"@id\":\"https:\/\/gobierno.udd.cl\/cips\/2022\/05\/05\/sesiona-la-primera-reunion-de-comite-ejecutivo-cips-udd\/#article\",\"isPartOf\":{\"@id\":\"https:\/\/gobierno.udd.cl\/cips\/2022\/05\/05\/sesiona-la-primera-reunion-de-comite-ejecutivo-cips-udd\/\"},\"author\":{\"name\":\"cskewes\",\"@id\":\"https:\/\/gobierno.udd.cl\/cips\/#\/schema\/person\/7adfbc70d49bc03fd1ba1b53d1fa7292\"},\"headline\":\"Sesiona la primera reuni\u00f3n de Comit\u00e9 Ejecutivo CIPS- UDD\",\"datePublished\":\"2022-05-05T12:50:52+00:00\",\"dateModified\":\"2022-05-24T18:14:35+00:00\",\"mainEntityOfPage\":{\"@id\":\"https:\/\/gobierno.udd.cl\/cips\/2022\/05\/05\/sesiona-la-primera-reunion-de-comite-ejecutivo-cips-udd\/\"},\"wordCount\":149,\"commentCount\":0,\"image\":{\"@id\":\"https:\/\/gobierno.udd.cl\/cips\/2022\/05\/05\/sesiona-la-primera-reunion-de-comite-ejecutivo-cips-udd\/#primaryimage\"},\"thumbnailUrl\":\"https:\/\/gobierno.udd.cl\/cips\/files\/2022\/05\/Cips_IMG_2696-scaled-e1653662665185.jpg\",\"articleSection\":[\"Noticias\"],\"inLanguage\":\"es\",\"potentialAction\":[{\"@type\":\"CommentAction\",\"name\":\"Comment\",\"target\":[\"https:\/\/gobierno.udd.cl\/cips\/2022\/05\/05\/sesiona-la-primera-reunion-de-comite-ejecutivo-cips-udd\/#respond\"]}]},{\"@type\":\"WebPage\",\"@id\":\"https:\/\/gobierno.udd.cl\/cips\/2022\/05\/05\/sesiona-la-primera-reunion-de-comite-ejecutivo-cips-udd\/\",\"url\":\"https:\/\/gobierno.udd.cl\/cips\/2022\/05\/05\/sesiona-la-primera-reunion-de-comite-ejecutivo-cips-udd\/\",\"name\":\"Sesiona la primera reuni\u00f3n de Comit\u00e9 Ejecutivo CIPS- UDD - Centro de Pol\u00edticas P\u00fablicas e Innovaci\u00f3n en Salud\",\"isPartOf\":{\"@id\":\"https:\/\/gobierno.udd.cl\/cips\/#website\"},\"primaryImageOfPage\":{\"@id\":\"https:\/\/gobierno.udd.cl\/cips\/2022\/05\/05\/sesiona-la-primera-reunion-de-comite-ejecutivo-cips-udd\/#primaryimage\"},\"image\":{\"@id\":\"https:\/\/gobierno.udd.cl\/cips\/2022\/05\/05\/sesiona-la-primera-reunion-de-comite-ejecutivo-cips-udd\/#primaryimage\"},\"thumbnailUrl\":\"https:\/\/gobierno.udd.cl\/cips\/files\/2022\/05\/Cips_IMG_2696-scaled-e1653662665185.jpg\",\"datePublished\":\"2022-05-05T12:50:52+00:00\",\"dateModified\":\"2022-05-24T18:14:35+00:00\",\"author\":{\"@id\":\"https:\/\/gobierno.udd.cl\/cips\/#\/schema\/person\/7adfbc70d49bc03fd1ba1b53d1fa7292\"},\"breadcrumb\":{\"@id\":\"https:\/\/gobierno.udd.cl\/cips\/2022\/05\/05\/sesiona-la-primera-reunion-de-comite-ejecutivo-cips-udd\/#breadcrumb\"},\"inLanguage\":\"es\",\"potentialAction\":[{\"@type\":\"ReadAction\",\"target\":[\"https:\/\/gobierno.udd.cl\/cips\/2022\/05\/05\/sesiona-la-primera-reunion-de-comite-ejecutivo-cips-udd\/\"]}]},{\"@type\":\"ImageObject\",\"inLanguage\":\"es\",\"@id\":\"https:\/\/gobierno.udd.cl\/cips\/2022\/05\/05\/sesiona-la-primera-reunion-de-comite-ejecutivo-cips-udd\/#primaryimage\",\"url\":\"https:\/\/gobierno.udd.cl\/cips\/files\/2022\/05\/Cips_IMG_2696-scaled-e1653662665185.jpg\",\"contentUrl\":\"https:\/\/gobierno.udd.cl\/cips\/files\/2022\/05\/Cips_IMG_2696-scaled-e1653662665185.jpg\",\"width\":2560,\"height\":1707,\"caption\":\"Registro fotogr\u00e1fico reuni\u00f3n comitr\u00e9 ejecutovo Cips- En Santiago: 13\/04\/2022. Fot\u00f3grafo: Valentino Saldivar.\"},{\"@type\":\"BreadcrumbList\",\"@id\":\"https:\/\/gobierno.udd.cl\/cips\/2022\/05\/05\/sesiona-la-primera-reunion-de-comite-ejecutivo-cips-udd\/#breadcrumb\",\"itemListElement\":[{\"@type\":\"ListItem\",\"position\":1,\"name\":\"Portada\",\"item\":\"https:\/\/gobierno.udd.cl\/cips\/\"},{\"@type\":\"ListItem\",\"position\":2,\"name\":\"Sesiona la primera reuni\u00f3n de Comit\u00e9 Ejecutivo CIPS- UDD\"}]},{\"@type\":\"WebSite\",\"@id\":\"https:\/\/gobierno.udd.cl\/cips\/#website\",\"url\":\"https:\/\/gobierno.udd.cl\/cips\/\",\"name\":\"Centro de Pol\u00edticas P\u00fablicas e Innovaci\u00f3n en Salud\",\"description\":\"CIPS-UDD\",\"inLanguage\":\"es\"},{\"@type\":\"Person\",\"@id\":\"https:\/\/gobierno.udd.cl\/cips\/#\/schema\/person\/7adfbc70d49bc03fd1ba1b53d1fa7292\",\"name\":\"cskewes\",\"image\":{\"@type\":\"ImageObject\",\"inLanguage\":\"es\",\"@id\":\"https:\/\/gobierno.udd.cl\/cips\/#\/schema\/person\/image\/\",\"url\":\"https:\/\/secure.gravatar.com\/avatar\/32e217e1d0f3df71c7f6adfaf28bc679087ac0da659e75e72d4939fa3909ab40?s=96&d=mm&r=g\",\"contentUrl\":\"https:\/\/secure.gravatar.com\/avatar\/32e217e1d0f3df71c7f6adfaf28bc679087ac0da659e75e72d4939fa3909ab40?s=96&d=mm&r=g\",\"caption\":\"cskewes\"},\"url\":\"https:\/\/gobierno.udd.cl\/cips\/author\/cskewes\/\"}]}<\/script>\n<!-- \/ Yoast SEO plugin. -->","yoast_head_json":{"title":"Sesiona la primera reuni\u00f3n de Comit\u00e9 Ejecutivo CIPS- UDD - Centro de Pol\u00edticas P\u00fablicas e Innovaci\u00f3n en Salud","robots":{"index":"index","follow":"follow","max-snippet":"max-snippet:-1","max-image-preview":"max-image-preview:large","max-video-preview":"max-video-preview:-1"},"canonical":"https:\/\/gobierno.udd.cl\/cips\/2022\/05\/05\/sesiona-la-primera-reunion-de-comite-ejecutivo-cips-udd\/","og_locale":"es_ES","og_type":"article","og_title":"Sesiona la primera reuni\u00f3n de Comit\u00e9 Ejecutivo CIPS- UDD - Centro de Pol\u00edticas P\u00fablicas e Innovaci\u00f3n en Salud","og_description":"El mi\u00e9rcoles 13 de abril se realiz\u00f3 la primera sesi\u00f3n del Comit\u00e9 Ejecutivo del Centro de Pol\u00edticas P\u00fablicas a Innovacion en salud.&nbsp; En su primer encuentro el equipo zanj\u00f3 los lineamientos principales y principios rectores del centro el se form\u00f3 a comienzos de abril. Este comit\u00e9 est\u00e1 integrado por las ex autoridades de salud Emilio [&hellip;]","og_url":"https:\/\/gobierno.udd.cl\/cips\/2022\/05\/05\/sesiona-la-primera-reunion-de-comite-ejecutivo-cips-udd\/","og_site_name":"Centro de Pol\u00edticas P\u00fablicas e Innovaci\u00f3n en Salud","article_publisher":"https:\/\/www.facebook.com\/CIPS.UDD","article_published_time":"2022-05-05T12:50:52+00:00","article_modified_time":"2022-05-24T18:14:35+00:00","og_image":[{"width":2560,"height":1707,"url":"https:\/\/gobierno.udd.cl\/cips\/files\/2022\/05\/Cips_IMG_2696-scaled-e1653662665185.jpg","type":"image\/jpeg"}],"author":"cskewes","twitter_card":"summary_large_image","twitter_creator":"@CIPS_UDD","twitter_site":"@CIPS_UDD","twitter_misc":{"Escrito por":"cskewes","Tiempo de lectura":"1 minuto"},"schema":{"@context":"https:\/\/schema.org","@graph":[{"@type":"Article","@id":"https:\/\/gobierno.udd.cl\/cips\/2022\/05\/05\/sesiona-la-primera-reunion-de-comite-ejecutivo-cips-udd\/#article","isPartOf":{"@id":"https:\/\/gobierno.udd.cl\/cips\/2022\/05\/05\/sesiona-la-primera-reunion-de-comite-ejecutivo-cips-udd\/"},"author":{"name":"cskewes","@id":"https:\/\/gobierno.udd.cl\/cips\/#\/schema\/person\/7adfbc70d49bc03fd1ba1b53d1fa7292"},"headline":"Sesiona la primera reuni\u00f3n de Comit\u00e9 Ejecutivo CIPS- UDD","datePublished":"2022-05-05T12:50:52+00:00","dateModified":"2022-05-24T18:14:35+00:00","mainEntityOfPage":{"@id":"https:\/\/gobierno.udd.cl\/cips\/2022\/05\/05\/sesiona-la-primera-reunion-de-comite-ejecutivo-cips-udd\/"},"wordCount":149,"commentCount":0,"image":{"@id":"https:\/\/gobierno.udd.cl\/cips\/2022\/05\/05\/sesiona-la-primera-reunion-de-comite-ejecutivo-cips-udd\/#primaryimage"},"thumbnailUrl":"https:\/\/gobierno.udd.cl\/cips\/files\/2022\/05\/Cips_IMG_2696-scaled-e1653662665185.jpg","articleSection":["Noticias"],"inLanguage":"es","potentialAction":[{"@type":"CommentAction","name":"Comment","target":["https:\/\/gobierno.udd.cl\/cips\/2022\/05\/05\/sesiona-la-primera-reunion-de-comite-ejecutivo-cips-udd\/#respond"]}]},{"@type":"WebPage","@id":"https:\/\/gobierno.udd.cl\/cips\/2022\/05\/05\/sesiona-la-primera-reunion-de-comite-ejecutivo-cips-udd\/","url":"https:\/\/gobierno.udd.cl\/cips\/2022\/05\/05\/sesiona-la-primera-reunion-de-comite-ejecutivo-cips-udd\/","name":"Sesiona la primera reuni\u00f3n de Comit\u00e9 Ejecutivo CIPS- UDD - Centro de Pol\u00edticas P\u00fablicas e Innovaci\u00f3n en Salud","isPartOf":{"@id":"https:\/\/gobierno.udd.cl\/cips\/#website"},"primaryImageOfPage":{"@id":"https:\/\/gobierno.udd.cl\/cips\/2022\/05\/05\/sesiona-la-primera-reunion-de-comite-ejecutivo-cips-udd\/#primaryimage"},"image":{"@id":"https:\/\/gobierno.udd.cl\/cips\/2022\/05\/05\/sesiona-la-primera-reunion-de-comite-ejecutivo-cips-udd\/#primaryimage"},"thumbnailUrl":"https:\/\/gobierno.udd.cl\/cips\/files\/2022\/05\/Cips_IMG_2696-scaled-e1653662665185.jpg","datePublished":"2022-05-05T12:50:52+00:00","dateModified":"2022-05-24T18:14:35+00:00","author":{"@id":"https:\/\/gobierno.udd.cl\/cips\/#\/schema\/person\/7adfbc70d49bc03fd1ba1b53d1fa7292"},"breadcrumb":{"@id":"https:\/\/gobierno.udd.cl\/cips\/2022\/05\/05\/sesiona-la-primera-reunion-de-comite-ejecutivo-cips-udd\/#breadcrumb"},"inLanguage":"es","potentialAction":[{"@type":"ReadAction","target":["https:\/\/gobierno.udd.cl\/cips\/2022\/05\/05\/sesiona-la-primera-reunion-de-comite-ejecutivo-cips-udd\/"]}]},{"@type":"ImageObject","inLanguage":"es","@id":"https:\/\/gobierno.udd.cl\/cips\/2022\/05\/05\/sesiona-la-primera-reunion-de-comite-ejecutivo-cips-udd\/#primaryimage","url":"https:\/\/gobierno.udd.cl\/cips\/files\/2022\/05\/Cips_IMG_2696-scaled-e1653662665185.jpg","contentUrl":"https:\/\/gobierno.udd.cl\/cips\/files\/2022\/05\/Cips_IMG_2696-scaled-e1653662665185.jpg","width":2560,"height":1707,"caption":"Registro fotogr\u00e1fico reuni\u00f3n comitr\u00e9 ejecutovo Cips- En Santiago: 13\/04\/2022. Fot\u00f3grafo: Valentino Saldivar."},{"@type":"BreadcrumbList","@id":"https:\/\/gobierno.udd.cl\/cips\/2022\/05\/05\/sesiona-la-primera-reunion-de-comite-ejecutivo-cips-udd\/#breadcrumb","itemListElement":[{"@type":"ListItem","position":1,"name":"Portada","item":"https:\/\/gobierno.udd.cl\/cips\/"},{"@type":"ListItem","position":2,"name":"Sesiona la primera reuni\u00f3n de Comit\u00e9 Ejecutivo CIPS- UDD"}]},{"@type":"WebSite","@id":"https:\/\/gobierno.udd.cl\/cips\/#website","url":"https:\/\/gobierno.udd.cl\/cips\/","name":"Centro de Pol\u00edticas P\u00fablicas e Innovaci\u00f3n en Salud","description":"CIPS-UDD","inLanguage":"es"},{"@type":"Person","@id":"https:\/\/gobierno.udd.cl\/cips\/#\/schema\/person\/7adfbc70d49bc03fd1ba1b53d1fa7292","name":"cskewes","image":{"@type":"ImageObject","inLanguage":"es","@id":"https:\/\/gobierno.udd.cl\/cips\/#\/schema\/person\/image\/","url":"https:\/\/secure.gravatar.com\/avatar\/32e217e1d0f3df71c7f6adfaf28bc679087ac0da659e75e72d4939fa3909ab40?s=96&d=mm&r=g","contentUrl":"https:\/\/secure.gravatar.com\/avatar\/32e217e1d0f3df71c7f6adfaf28bc679087ac0da659e75e72d4939fa3909ab40?s=96&d=mm&r=g","caption":"cskewes"},"url":"https:\/\/gobierno.udd.cl\/cips\/author\/cskewes\/"}]}},"featured_image_url":"https:\/\/gobierno.udd.cl\/cips\/files\/2022\/05\/Cips_IMG_2696-scaled-e1653662665185.jpg","_links":{"self":[{"href":"https:\/\/gobierno.udd.cl\/cips\/wp-json\/wp\/v2\/posts\/77","targetHints":{"allow":["GET"]}}],"collection":[{"href":"https:\/\/gobierno.udd.cl\/cips\/wp-json\/wp\/v2\/posts"}],"about":[{"href":"https:\/\/gobierno.udd.cl\/cips\/wp-json\/wp\/v2\/types\/post"}],"author":[{"embeddable":true,"href":"https:\/\/gobierno.udd.cl\/cips\/wp-json\/wp\/v2\/users\/9192234"}],"replies":[{"embeddable":true,"href":"https:\/\/gobierno.udd.cl\/cips\/wp-json\/wp\/v2\/comments?post=77"}],"version-history":[{"count":2,"href":"https:\/\/gobierno.udd.cl\/cips\/wp-json\/wp\/v2\/posts\/77\/revisions"}],"predecessor-version":[{"id":83,"href":"https:\/\/gobierno.udd.cl\/cips\/wp-json\/wp\/v2\/posts\/77\/revisions\/83"}],"wp:featuredmedia":[{"embeddable":true,"href":"https:\/\/gobierno.udd.cl\/cips\/wp-json\/wp\/v2\/media\/79"}],"wp:attachment":[{"href":"https:\/\/gobierno.udd.cl\/cips\/wp-json\/wp\/v2\/media?parent=77"}],"wp:term":[{"taxonomy":"category","embeddable":true,"href":"https:\/\/gobierno.udd.cl\/cips\/wp-json\/wp\/v2\/categories?post=77"},{"taxonomy":"post_tag","embeddable":true,"href":"https:\/\/gobierno.udd.cl\/cips\/wp-json\/wp\/v2\/tags?post=77"}],"curies":[{"name":"wp","href":"https:\/\/api.w.org\/{rel}","templated":true}]}}