{"id":4668,"date":"2026-09-04T11:41:31","date_gmt":"2026-09-04T15:41:31","guid":{"rendered":"https:\/\/gobierno.udd.cl\/cips\/?p=4668"},"modified":"2026-09-04T11:41:32","modified_gmt":"2026-09-04T15:41:32","slug":"prensa-austral-de-punta-arenas-paula-daza-comenta-cifras-de-retrasos-en-atencion-del-cancer-colorrectal-en-magallanes","status":"publish","type":"post","link":"https:\/\/gobierno.udd.cl\/cips\/2026\/09\/04\/prensa-austral-de-punta-arenas-paula-daza-comenta-cifras-de-retrasos-en-atencion-del-cancer-colorrectal-en-magallanes\/","title":{"rendered":"Prensa Austral de Punta Arenas | Paula Daza comenta cifras de retrasos en atenci\u00f3n del c\u00e1ncer colorrectal en Magallanes"},"content":{"rendered":"\n<p>Mientras la mediana nacional de espera por c\u00e1ncer colorrectal es de 62 d\u00edas, en Magallanes se eleva a 102 d\u00edas, una de las tres m\u00e1s altas del pa\u00eds. En la etapa de diagn\u00f3stico -donde se concentra el grueso del problema- la regi\u00f3n alcanza los 108 d\u00edas, frente a una mediana nacional de 69.<\/p>\n\n\n\n<p>Magallanes se ubica entre las regiones con la situaci\u00f3n m\u00e1s cr\u00edtica del pa\u00eds en materia de retrasos en la atenci\u00f3n del c\u00e1ncer colorrectal, seg\u00fan un informe del Centro de Pol\u00edticas P\u00fablicas e Innovaci\u00f3n en Salud de la&nbsp;Universidad del Desarrollo&nbsp;(CIPS-UDD), elaborado a partir de datos del Ministerio de Salud obtenidos por transparencia.<\/p>\n\n\n\n<p>De acuerdo con el estudio, la tasa nacional de prestaciones retrasadas por esta enfermedad dentro de las garant\u00edas del Ges alcanza 31,4 por cada 100 mil habitantes, pero en Magallanes llega a 116,8, la tercera m\u00e1s alta del pa\u00eds, s\u00f3lo por detr\u00e1s de Concepci\u00f3n (161,7) y Biob\u00edo (155,6). En el otro extremo, zonas como Atacama, Osorno y Aconcagua no superan los 3,6 casos por cada 100 mil habitantes.<\/p>\n\n\n\n<p>La brecha tambi\u00e9n se refleja en los tiempos de espera. Mientras la mediana nacional de espera por c\u00e1ncer colorrectal es de 62 d\u00edas, en Magallanes se eleva a 102 d\u00edas, una de las tres m\u00e1s altas del pa\u00eds. En la etapa de diagn\u00f3stico, donde se concentra el grueso del problemala regi\u00f3n alcanza los 108 d\u00edas, frente a una mediana nacional de 69.<\/p>\n\n\n\n<p>Esa concentraci\u00f3n en el diagn\u00f3stico es una de las alertas centrales del informe: a nivel nacional, el 86% de las prestaciones en espera por c\u00e1ncer colorrectal corresponde a esta etapa, es decir, a pacientes que a\u00fan no logran confirmar o descartar la enfermedad. \u00abLa primera prioridad debe ser acelerar el diagn\u00f3stico oportuno, porque all\u00ed se concentra el 86% de los retrasos y existe el mayor margen para mejorar la gesti\u00f3n\u00bb, se\u00f1al\u00f3 la directora ejecutiva del CIPS-UDD,<strong> Paula Daza<\/strong>, quien plante\u00f3 explorar convenios con prestadores privados y estandarizar los tiempos entre servicios de salud \u00abde modo que el lugar donde vive una persona no determine la oportunidad de su atenci\u00f3n\u00bb.<\/p>\n\n\n\n<figure class=\"wp-block-image size-full\"><img loading=\"lazy\" decoding=\"async\" width=\"838\" height=\"1122\" src=\"https:\/\/gobierno.udd.cl\/cips\/files\/2026\/09\/2026-09-04_la_prensa_austral_de_pta-_arenas_05-1.jpeg\" alt=\"\" class=\"wp-image-4669\" srcset=\"https:\/\/gobierno.udd.cl\/cips\/files\/2026\/09\/2026-09-04_la_prensa_austral_de_pta-_arenas_05-1.jpeg 838w, https:\/\/gobierno.udd.cl\/cips\/files\/2026\/09\/2026-09-04_la_prensa_austral_de_pta-_arenas_05-1-224x300.jpeg 224w, https:\/\/gobierno.udd.cl\/cips\/files\/2026\/09\/2026-09-04_la_prensa_austral_de_pta-_arenas_05-1-765x1024.jpeg 765w, https:\/\/gobierno.udd.cl\/cips\/files\/2026\/09\/2026-09-04_la_prensa_austral_de_pta-_arenas_05-1-768x1028.jpeg 768w\" sizes=\"auto, (max-width: 838px) 100vw, 838px\" \/><\/figure>\n","protected":false},"excerpt":{"rendered":"<p>Mientras la mediana nacional de espera por c\u00e1ncer colorrectal es de 62 d\u00edas, en Magallanes se eleva a 102 d\u00edas, una de las tres m\u00e1s altas del pa\u00eds. En la etapa de diagn\u00f3stico -donde se concentra el grueso del problema- la regi\u00f3n alcanza los 108 d\u00edas, frente a una mediana nacional de 69. Magallanes se [&hellip;]<\/p>\n","protected":false},"author":9192240,"featured_media":4188,"comment_status":"closed","ping_status":"open","sticky":false,"template":"","format":"standard","meta":{"footnotes":""},"categories":[4],"tags":[],"class_list":["post-4668","post","type-post","status-publish","format-standard","has-post-thumbnail","hentry","category-cips-en-la-prensa"],"yoast_head":"<!-- This site is optimized with the Yoast SEO plugin v26.9 - https:\/\/yoast.com\/product\/yoast-seo-wordpress\/ -->\n<title>Prensa Austral de Punta Arenas | Paula Daza comenta cifras de retrasos en atenci\u00f3n del c\u00e1ncer colorrectal en Magallanes - Centro de Pol\u00edticas P\u00fablicas e Innovaci\u00f3n en Salud<\/title>\n<meta name=\"robots\" content=\"index, follow, max-snippet:-1, max-image-preview:large, max-video-preview:-1\" \/>\n<link rel=\"canonical\" href=\"https:\/\/gobierno.udd.cl\/cips\/2026\/09\/04\/prensa-austral-de-punta-arenas-paula-daza-comenta-cifras-de-retrasos-en-atencion-del-cancer-colorrectal-en-magallanes\/\" \/>\n<meta property=\"og:locale\" content=\"es_ES\" \/>\n<meta property=\"og:type\" content=\"article\" \/>\n<meta property=\"og:title\" content=\"Prensa Austral de Punta Arenas | Paula Daza comenta cifras de retrasos en atenci\u00f3n del c\u00e1ncer colorrectal en Magallanes - Centro de Pol\u00edticas P\u00fablicas e Innovaci\u00f3n en Salud\" \/>\n<meta property=\"og:description\" content=\"Mientras la mediana nacional de espera por c\u00e1ncer colorrectal es de 62 d\u00edas, en Magallanes se eleva a 102 d\u00edas, una de las tres m\u00e1s altas del pa\u00eds. En la etapa de diagn\u00f3stico -donde se concentra el grueso del problema- la regi\u00f3n alcanza los 108 d\u00edas, frente a una mediana nacional de 69. Magallanes se [&hellip;]\" \/>\n<meta property=\"og:url\" content=\"https:\/\/gobierno.udd.cl\/cips\/2026\/09\/04\/prensa-austral-de-punta-arenas-paula-daza-comenta-cifras-de-retrasos-en-atencion-del-cancer-colorrectal-en-magallanes\/\" \/>\n<meta property=\"og:site_name\" content=\"Centro de Pol\u00edticas P\u00fablicas e Innovaci\u00f3n en Salud\" \/>\n<meta property=\"article:publisher\" content=\"https:\/\/www.facebook.com\/CIPS.UDD\" \/>\n<meta property=\"article:published_time\" content=\"2026-09-04T15:41:31+00:00\" \/>\n<meta property=\"article:modified_time\" content=\"2026-09-04T15:41:32+00:00\" \/>\n<meta property=\"og:image\" content=\"https:\/\/gobierno.udd.cl\/cips\/files\/2026\/01\/pd_cipsprensa3.png\" \/>\n\t<meta property=\"og:image:width\" content=\"370\" \/>\n\t<meta property=\"og:image:height\" content=\"178\" \/>\n\t<meta property=\"og:image:type\" content=\"image\/png\" \/>\n<meta name=\"author\" content=\"claudiagodia\" \/>\n<meta name=\"twitter:card\" content=\"summary_large_image\" \/>\n<meta name=\"twitter:creator\" content=\"@CIPS_UDD\" \/>\n<meta name=\"twitter:site\" content=\"@CIPS_UDD\" \/>\n<meta name=\"twitter:label1\" content=\"Escrito por\" \/>\n\t<meta name=\"twitter:data1\" content=\"claudiagodia\" \/>\n\t<meta name=\"twitter:label2\" content=\"Tiempo de lectura\" \/>\n\t<meta name=\"twitter:data2\" content=\"2 minutos\" \/>\n<script type=\"application\/ld+json\" class=\"yoast-schema-graph\">{\"@context\":\"https:\/\/schema.org\",\"@graph\":[{\"@type\":\"Article\",\"@id\":\"https:\/\/gobierno.udd.cl\/cips\/2026\/09\/04\/prensa-austral-de-punta-arenas-paula-daza-comenta-cifras-de-retrasos-en-atencion-del-cancer-colorrectal-en-magallanes\/#article\",\"isPartOf\":{\"@id\":\"https:\/\/gobierno.udd.cl\/cips\/2026\/09\/04\/prensa-austral-de-punta-arenas-paula-daza-comenta-cifras-de-retrasos-en-atencion-del-cancer-colorrectal-en-magallanes\/\"},\"author\":{\"name\":\"claudiagodia\",\"@id\":\"https:\/\/gobierno.udd.cl\/cips\/#\/schema\/person\/a34b5db7e59307019967393aeeca7130\"},\"headline\":\"Prensa Austral de Punta Arenas | Paula Daza comenta cifras de retrasos en atenci\u00f3n del c\u00e1ncer colorrectal en Magallanes\",\"datePublished\":\"2026-09-04T15:41:31+00:00\",\"dateModified\":\"2026-09-04T15:41:32+00:00\",\"mainEntityOfPage\":{\"@id\":\"https:\/\/gobierno.udd.cl\/cips\/2026\/09\/04\/prensa-austral-de-punta-arenas-paula-daza-comenta-cifras-de-retrasos-en-atencion-del-cancer-colorrectal-en-magallanes\/\"},\"wordCount\":392,\"image\":{\"@id\":\"https:\/\/gobierno.udd.cl\/cips\/2026\/09\/04\/prensa-austral-de-punta-arenas-paula-daza-comenta-cifras-de-retrasos-en-atencion-del-cancer-colorrectal-en-magallanes\/#primaryimage\"},\"thumbnailUrl\":\"https:\/\/gobierno.udd.cl\/cips\/files\/2026\/01\/pd_cipsprensa3.png\",\"articleSection\":[\"CIPS en la prensa\"],\"inLanguage\":\"es\"},{\"@type\":\"WebPage\",\"@id\":\"https:\/\/gobierno.udd.cl\/cips\/2026\/09\/04\/prensa-austral-de-punta-arenas-paula-daza-comenta-cifras-de-retrasos-en-atencion-del-cancer-colorrectal-en-magallanes\/\",\"url\":\"https:\/\/gobierno.udd.cl\/cips\/2026\/09\/04\/prensa-austral-de-punta-arenas-paula-daza-comenta-cifras-de-retrasos-en-atencion-del-cancer-colorrectal-en-magallanes\/\",\"name\":\"Prensa Austral de Punta Arenas | Paula Daza comenta cifras de retrasos en atenci\u00f3n del c\u00e1ncer colorrectal en Magallanes - Centro de Pol\u00edticas P\u00fablicas e Innovaci\u00f3n en Salud\",\"isPartOf\":{\"@id\":\"https:\/\/gobierno.udd.cl\/cips\/#website\"},\"primaryImageOfPage\":{\"@id\":\"https:\/\/gobierno.udd.cl\/cips\/2026\/09\/04\/prensa-austral-de-punta-arenas-paula-daza-comenta-cifras-de-retrasos-en-atencion-del-cancer-colorrectal-en-magallanes\/#primaryimage\"},\"image\":{\"@id\":\"https:\/\/gobierno.udd.cl\/cips\/2026\/09\/04\/prensa-austral-de-punta-arenas-paula-daza-comenta-cifras-de-retrasos-en-atencion-del-cancer-colorrectal-en-magallanes\/#primaryimage\"},\"thumbnailUrl\":\"https:\/\/gobierno.udd.cl\/cips\/files\/2026\/01\/pd_cipsprensa3.png\",\"datePublished\":\"2026-09-04T15:41:31+00:00\",\"dateModified\":\"2026-09-04T15:41:32+00:00\",\"author\":{\"@id\":\"https:\/\/gobierno.udd.cl\/cips\/#\/schema\/person\/a34b5db7e59307019967393aeeca7130\"},\"breadcrumb\":{\"@id\":\"https:\/\/gobierno.udd.cl\/cips\/2026\/09\/04\/prensa-austral-de-punta-arenas-paula-daza-comenta-cifras-de-retrasos-en-atencion-del-cancer-colorrectal-en-magallanes\/#breadcrumb\"},\"inLanguage\":\"es\",\"potentialAction\":[{\"@type\":\"ReadAction\",\"target\":[\"https:\/\/gobierno.udd.cl\/cips\/2026\/09\/04\/prensa-austral-de-punta-arenas-paula-daza-comenta-cifras-de-retrasos-en-atencion-del-cancer-colorrectal-en-magallanes\/\"]}]},{\"@type\":\"ImageObject\",\"inLanguage\":\"es\",\"@id\":\"https:\/\/gobierno.udd.cl\/cips\/2026\/09\/04\/prensa-austral-de-punta-arenas-paula-daza-comenta-cifras-de-retrasos-en-atencion-del-cancer-colorrectal-en-magallanes\/#primaryimage\",\"url\":\"https:\/\/gobierno.udd.cl\/cips\/files\/2026\/01\/pd_cipsprensa3.png\",\"contentUrl\":\"https:\/\/gobierno.udd.cl\/cips\/files\/2026\/01\/pd_cipsprensa3.png\",\"width\":370,\"height\":178},{\"@type\":\"BreadcrumbList\",\"@id\":\"https:\/\/gobierno.udd.cl\/cips\/2026\/09\/04\/prensa-austral-de-punta-arenas-paula-daza-comenta-cifras-de-retrasos-en-atencion-del-cancer-colorrectal-en-magallanes\/#breadcrumb\",\"itemListElement\":[{\"@type\":\"ListItem\",\"position\":1,\"name\":\"Portada\",\"item\":\"https:\/\/gobierno.udd.cl\/cips\/\"},{\"@type\":\"ListItem\",\"position\":2,\"name\":\"Prensa Austral de Punta Arenas | Paula Daza comenta cifras de retrasos en atenci\u00f3n del c\u00e1ncer colorrectal en Magallanes\"}]},{\"@type\":\"WebSite\",\"@id\":\"https:\/\/gobierno.udd.cl\/cips\/#website\",\"url\":\"https:\/\/gobierno.udd.cl\/cips\/\",\"name\":\"Centro de Pol\u00edticas P\u00fablicas e Innovaci\u00f3n en Salud\",\"description\":\"CIPS-UDD\",\"inLanguage\":\"es\"},{\"@type\":\"Person\",\"@id\":\"https:\/\/gobierno.udd.cl\/cips\/#\/schema\/person\/a34b5db7e59307019967393aeeca7130\",\"name\":\"claudiagodia\",\"image\":{\"@type\":\"ImageObject\",\"inLanguage\":\"es\",\"@id\":\"https:\/\/gobierno.udd.cl\/cips\/#\/schema\/person\/image\/\",\"url\":\"https:\/\/secure.gravatar.com\/avatar\/c7c585f20c9cd5b1fc8956abfd060f1af449288eb4e630466a5a53a84641a9ca?s=96&d=mm&r=g\",\"contentUrl\":\"https:\/\/secure.gravatar.com\/avatar\/c7c585f20c9cd5b1fc8956abfd060f1af449288eb4e630466a5a53a84641a9ca?s=96&d=mm&r=g\",\"caption\":\"claudiagodia\"},\"url\":\"https:\/\/gobierno.udd.cl\/cips\/author\/claudiagodia\/\"}]}<\/script>\n<!-- \/ Yoast SEO plugin. -->","yoast_head_json":{"title":"Prensa Austral de Punta Arenas | Paula Daza comenta cifras de retrasos en atenci\u00f3n del c\u00e1ncer colorrectal en Magallanes - Centro de Pol\u00edticas P\u00fablicas e Innovaci\u00f3n en Salud","robots":{"index":"index","follow":"follow","max-snippet":"max-snippet:-1","max-image-preview":"max-image-preview:large","max-video-preview":"max-video-preview:-1"},"canonical":"https:\/\/gobierno.udd.cl\/cips\/2026\/09\/04\/prensa-austral-de-punta-arenas-paula-daza-comenta-cifras-de-retrasos-en-atencion-del-cancer-colorrectal-en-magallanes\/","og_locale":"es_ES","og_type":"article","og_title":"Prensa Austral de Punta Arenas | Paula Daza comenta cifras de retrasos en atenci\u00f3n del c\u00e1ncer colorrectal en Magallanes - Centro de Pol\u00edticas P\u00fablicas e Innovaci\u00f3n en Salud","og_description":"Mientras la mediana nacional de espera por c\u00e1ncer colorrectal es de 62 d\u00edas, en Magallanes se eleva a 102 d\u00edas, una de las tres m\u00e1s altas del pa\u00eds. En la etapa de diagn\u00f3stico -donde se concentra el grueso del problema- la regi\u00f3n alcanza los 108 d\u00edas, frente a una mediana nacional de 69. Magallanes se [&hellip;]","og_url":"https:\/\/gobierno.udd.cl\/cips\/2026\/09\/04\/prensa-austral-de-punta-arenas-paula-daza-comenta-cifras-de-retrasos-en-atencion-del-cancer-colorrectal-en-magallanes\/","og_site_name":"Centro de Pol\u00edticas P\u00fablicas e Innovaci\u00f3n en Salud","article_publisher":"https:\/\/www.facebook.com\/CIPS.UDD","article_published_time":"2026-09-04T15:41:31+00:00","article_modified_time":"2026-09-04T15:41:32+00:00","og_image":[{"width":370,"height":178,"url":"https:\/\/gobierno.udd.cl\/cips\/files\/2026\/01\/pd_cipsprensa3.png","type":"image\/png"}],"author":"claudiagodia","twitter_card":"summary_large_image","twitter_creator":"@CIPS_UDD","twitter_site":"@CIPS_UDD","twitter_misc":{"Escrito por":"claudiagodia","Tiempo de lectura":"2 minutos"},"schema":{"@context":"https:\/\/schema.org","@graph":[{"@type":"Article","@id":"https:\/\/gobierno.udd.cl\/cips\/2026\/09\/04\/prensa-austral-de-punta-arenas-paula-daza-comenta-cifras-de-retrasos-en-atencion-del-cancer-colorrectal-en-magallanes\/#article","isPartOf":{"@id":"https:\/\/gobierno.udd.cl\/cips\/2026\/09\/04\/prensa-austral-de-punta-arenas-paula-daza-comenta-cifras-de-retrasos-en-atencion-del-cancer-colorrectal-en-magallanes\/"},"author":{"name":"claudiagodia","@id":"https:\/\/gobierno.udd.cl\/cips\/#\/schema\/person\/a34b5db7e59307019967393aeeca7130"},"headline":"Prensa Austral de Punta Arenas | Paula Daza comenta cifras de retrasos en atenci\u00f3n del c\u00e1ncer colorrectal en Magallanes","datePublished":"2026-09-04T15:41:31+00:00","dateModified":"2026-09-04T15:41:32+00:00","mainEntityOfPage":{"@id":"https:\/\/gobierno.udd.cl\/cips\/2026\/09\/04\/prensa-austral-de-punta-arenas-paula-daza-comenta-cifras-de-retrasos-en-atencion-del-cancer-colorrectal-en-magallanes\/"},"wordCount":392,"image":{"@id":"https:\/\/gobierno.udd.cl\/cips\/2026\/09\/04\/prensa-austral-de-punta-arenas-paula-daza-comenta-cifras-de-retrasos-en-atencion-del-cancer-colorrectal-en-magallanes\/#primaryimage"},"thumbnailUrl":"https:\/\/gobierno.udd.cl\/cips\/files\/2026\/01\/pd_cipsprensa3.png","articleSection":["CIPS en la prensa"],"inLanguage":"es"},{"@type":"WebPage","@id":"https:\/\/gobierno.udd.cl\/cips\/2026\/09\/04\/prensa-austral-de-punta-arenas-paula-daza-comenta-cifras-de-retrasos-en-atencion-del-cancer-colorrectal-en-magallanes\/","url":"https:\/\/gobierno.udd.cl\/cips\/2026\/09\/04\/prensa-austral-de-punta-arenas-paula-daza-comenta-cifras-de-retrasos-en-atencion-del-cancer-colorrectal-en-magallanes\/","name":"Prensa Austral de Punta Arenas | Paula Daza comenta cifras de retrasos en atenci\u00f3n del c\u00e1ncer colorrectal en Magallanes - Centro de Pol\u00edticas P\u00fablicas e Innovaci\u00f3n en Salud","isPartOf":{"@id":"https:\/\/gobierno.udd.cl\/cips\/#website"},"primaryImageOfPage":{"@id":"https:\/\/gobierno.udd.cl\/cips\/2026\/09\/04\/prensa-austral-de-punta-arenas-paula-daza-comenta-cifras-de-retrasos-en-atencion-del-cancer-colorrectal-en-magallanes\/#primaryimage"},"image":{"@id":"https:\/\/gobierno.udd.cl\/cips\/2026\/09\/04\/prensa-austral-de-punta-arenas-paula-daza-comenta-cifras-de-retrasos-en-atencion-del-cancer-colorrectal-en-magallanes\/#primaryimage"},"thumbnailUrl":"https:\/\/gobierno.udd.cl\/cips\/files\/2026\/01\/pd_cipsprensa3.png","datePublished":"2026-09-04T15:41:31+00:00","dateModified":"2026-09-04T15:41:32+00:00","author":{"@id":"https:\/\/gobierno.udd.cl\/cips\/#\/schema\/person\/a34b5db7e59307019967393aeeca7130"},"breadcrumb":{"@id":"https:\/\/gobierno.udd.cl\/cips\/2026\/09\/04\/prensa-austral-de-punta-arenas-paula-daza-comenta-cifras-de-retrasos-en-atencion-del-cancer-colorrectal-en-magallanes\/#breadcrumb"},"inLanguage":"es","potentialAction":[{"@type":"ReadAction","target":["https:\/\/gobierno.udd.cl\/cips\/2026\/09\/04\/prensa-austral-de-punta-arenas-paula-daza-comenta-cifras-de-retrasos-en-atencion-del-cancer-colorrectal-en-magallanes\/"]}]},{"@type":"ImageObject","inLanguage":"es","@id":"https:\/\/gobierno.udd.cl\/cips\/2026\/09\/04\/prensa-austral-de-punta-arenas-paula-daza-comenta-cifras-de-retrasos-en-atencion-del-cancer-colorrectal-en-magallanes\/#primaryimage","url":"https:\/\/gobierno.udd.cl\/cips\/files\/2026\/01\/pd_cipsprensa3.png","contentUrl":"https:\/\/gobierno.udd.cl\/cips\/files\/2026\/01\/pd_cipsprensa3.png","width":370,"height":178},{"@type":"BreadcrumbList","@id":"https:\/\/gobierno.udd.cl\/cips\/2026\/09\/04\/prensa-austral-de-punta-arenas-paula-daza-comenta-cifras-de-retrasos-en-atencion-del-cancer-colorrectal-en-magallanes\/#breadcrumb","itemListElement":[{"@type":"ListItem","position":1,"name":"Portada","item":"https:\/\/gobierno.udd.cl\/cips\/"},{"@type":"ListItem","position":2,"name":"Prensa Austral de Punta Arenas | Paula Daza comenta cifras de retrasos en atenci\u00f3n del c\u00e1ncer colorrectal en Magallanes"}]},{"@type":"WebSite","@id":"https:\/\/gobierno.udd.cl\/cips\/#website","url":"https:\/\/gobierno.udd.cl\/cips\/","name":"Centro de Pol\u00edticas P\u00fablicas e Innovaci\u00f3n en Salud","description":"CIPS-UDD","inLanguage":"es"},{"@type":"Person","@id":"https:\/\/gobierno.udd.cl\/cips\/#\/schema\/person\/a34b5db7e59307019967393aeeca7130","name":"claudiagodia","image":{"@type":"ImageObject","inLanguage":"es","@id":"https:\/\/gobierno.udd.cl\/cips\/#\/schema\/person\/image\/","url":"https:\/\/secure.gravatar.com\/avatar\/c7c585f20c9cd5b1fc8956abfd060f1af449288eb4e630466a5a53a84641a9ca?s=96&d=mm&r=g","contentUrl":"https:\/\/secure.gravatar.com\/avatar\/c7c585f20c9cd5b1fc8956abfd060f1af449288eb4e630466a5a53a84641a9ca?s=96&d=mm&r=g","caption":"claudiagodia"},"url":"https:\/\/gobierno.udd.cl\/cips\/author\/claudiagodia\/"}]}},"featured_image_url":"https:\/\/gobierno.udd.cl\/cips\/files\/2026\/01\/pd_cipsprensa3.png","_links":{"self":[{"href":"https:\/\/gobierno.udd.cl\/cips\/wp-json\/wp\/v2\/posts\/4668","targetHints":{"allow":["GET"]}}],"collection":[{"href":"https:\/\/gobierno.udd.cl\/cips\/wp-json\/wp\/v2\/posts"}],"about":[{"href":"https:\/\/gobierno.udd.cl\/cips\/wp-json\/wp\/v2\/types\/post"}],"author":[{"embeddable":true,"href":"https:\/\/gobierno.udd.cl\/cips\/wp-json\/wp\/v2\/users\/9192240"}],"replies":[{"embeddable":true,"href":"https:\/\/gobierno.udd.cl\/cips\/wp-json\/wp\/v2\/comments?post=4668"}],"version-history":[{"count":1,"href":"https:\/\/gobierno.udd.cl\/cips\/wp-json\/wp\/v2\/posts\/4668\/revisions"}],"predecessor-version":[{"id":4670,"href":"https:\/\/gobierno.udd.cl\/cips\/wp-json\/wp\/v2\/posts\/4668\/revisions\/4670"}],"wp:featuredmedia":[{"embeddable":true,"href":"https:\/\/gobierno.udd.cl\/cips\/wp-json\/wp\/v2\/media\/4188"}],"wp:attachment":[{"href":"https:\/\/gobierno.udd.cl\/cips\/wp-json\/wp\/v2\/media?parent=4668"}],"wp:term":[{"taxonomy":"category","embeddable":true,"href":"https:\/\/gobierno.udd.cl\/cips\/wp-json\/wp\/v2\/categories?post=4668"},{"taxonomy":"post_tag","embeddable":true,"href":"https:\/\/gobierno.udd.cl\/cips\/wp-json\/wp\/v2\/tags?post=4668"}],"curies":[{"name":"wp","href":"https:\/\/api.w.org\/{rel}","templated":true}]}}