{"id":4666,"date":"2026-09-03T11:31:34","date_gmt":"2026-09-03T15:31:34","guid":{"rendered":"https:\/\/gobierno.udd.cl\/cips\/?p=4666"},"modified":"2026-09-04T11:37:40","modified_gmt":"2026-09-04T15:37:40","slug":"canal-13-online-paula-daza-profundiza-en-informe-sobre-cancer-colorrectal","status":"publish","type":"post","link":"https:\/\/gobierno.udd.cl\/cips\/2026\/09\/03\/canal-13-online-paula-daza-profundiza-en-informe-sobre-cancer-colorrectal\/","title":{"rendered":"Canal 13 Online | Paula Daza profundiza en informe sobre c\u00e1ncer colorrectal"},"content":{"rendered":"\n<p>El c\u00e1ncer colorrectal se convirti\u00f3 en la patolog\u00eda con mayor n\u00famero de retrasos entre las 17 prestaciones oncol\u00f3gicas del GES, seg\u00fan un informe del Centro de Pol\u00edticas P\u00fablicas e Innovaci\u00f3n en Salud de la\u00a0Universidad del Desarrollo\u00a0(CIPS\u2013UDD), elaborado a partir de datos del Ministerio de Salud, solicitudes de transparencia.<\/p>\n\n\n\n<p>El estudio muestra que, al 31 de marzo de 2026, se acumulaban 5.483 prestaciones retrasadas por c\u00e1ncer colorrectal: 51% m\u00e1s que en igual per\u00edodo de 2025 y 5,9 veces la cifra de 2020. Si bien al cierre de junio los retrasos disminuyeron 24%, hasta 4.170, la magnitud de la lista mantiene a esta enfermedad como el principal desaf\u00edo dentro de las garant\u00edas oncol\u00f3gicas incumplidas.<\/p>\n\n\n\n<p>Hasta mayo, el 86% de las prestaciones en espera por c\u00e1ncer colorrectal corresponde a diagn\u00f3stico, porcentaje mayor que el conjunto de las prestaciones oncol\u00f3gicas GES, esta etapa, el cual representa el 71% de los retrasos.<\/p>\n\n\n\n<p>En cambio, el tratamiento concentra el 13% de la espera en c\u00e1ncer colorrectal y registra una tasa nacional de 4,1 por cada 100.000 habitantes. Los tiempos tambi\u00e9n superan el promedio oncol\u00f3gico: la mediana nacional de espera por c\u00e1ncer colorrectal es de 62 d\u00edas, frente a 41 d\u00edas para las 17 prestaciones oncol\u00f3gicas GES.<\/p>\n\n\n\n<p>La brecha se profundiza en diagn\u00f3stico, con una mediana de 69 d\u00edas, en comparaci\u00f3n con 48 d\u00edas para el total oncol\u00f3gico. \u00abLa primera prioridad debe ser acelerar el diagn\u00f3stico oportuno, porque all\u00ed se concentra el 86% de los retrasos y existe el mayor margen para mejorar la gesti\u00f3n. Junto con ello, debemos explorar mecanismos complementarios, como convenios y derivaciones con prestadores privados , para ampliar la capacidad diagn\u00f3stica donde la brecha es mayor. Tambi\u00e9n es indispensable estandarizar los tiempos, protocolos y sistemas de trazabilidad entre los servicios de salud, de modo que el lugar donde vive una persona no determine la oportunidad de su atenci\u00f3n\u00bb, se\u00f1al\u00f3 <strong>Paula Daza<\/strong>, directora ejecutiva del CIPS\u2013UDD.<\/p>\n\n\n\n<p><a href=\"https:\/\/www.t13.cl\/noticia\/nacional\/cancer-colorrectal-lidera-lista-estas-son-las-enfermedades-oncologicas-del-ges-3-9-2026\">Leer noticia completa en Canal 13 Online. <\/a><\/p>\n\n\n\n<p><\/p>\n","protected":false},"excerpt":{"rendered":"<p>El c\u00e1ncer colorrectal se convirti\u00f3 en la patolog\u00eda con mayor n\u00famero de retrasos entre las 17 prestaciones oncol\u00f3gicas del GES, seg\u00fan un informe del Centro de Pol\u00edticas P\u00fablicas e Innovaci\u00f3n en Salud de la\u00a0Universidad del Desarrollo\u00a0(CIPS\u2013UDD), elaborado a partir de datos del Ministerio de Salud, solicitudes de transparencia. El estudio muestra que, al 31 de [&hellip;]<\/p>\n","protected":false},"author":9192240,"featured_media":4187,"comment_status":"closed","ping_status":"open","sticky":false,"template":"","format":"standard","meta":{"footnotes":""},"categories":[4],"tags":[],"class_list":["post-4666","post","type-post","status-publish","format-standard","has-post-thumbnail","hentry","category-cips-en-la-prensa"],"yoast_head":"<!-- This site is optimized with the Yoast SEO plugin v26.9 - https:\/\/yoast.com\/product\/yoast-seo-wordpress\/ -->\n<title>Canal 13 Online | Paula Daza profundiza en informe sobre c\u00e1ncer colorrectal - Centro de Pol\u00edticas P\u00fablicas e Innovaci\u00f3n en Salud<\/title>\n<meta name=\"robots\" content=\"index, follow, max-snippet:-1, max-image-preview:large, max-video-preview:-1\" \/>\n<link rel=\"canonical\" href=\"https:\/\/gobierno.udd.cl\/cips\/2026\/09\/03\/canal-13-online-paula-daza-profundiza-en-informe-sobre-cancer-colorrectal\/\" \/>\n<meta property=\"og:locale\" content=\"es_ES\" \/>\n<meta property=\"og:type\" content=\"article\" \/>\n<meta property=\"og:title\" content=\"Canal 13 Online | Paula Daza profundiza en informe sobre c\u00e1ncer colorrectal - Centro de Pol\u00edticas P\u00fablicas e Innovaci\u00f3n en Salud\" \/>\n<meta property=\"og:description\" content=\"El c\u00e1ncer colorrectal se convirti\u00f3 en la patolog\u00eda con mayor n\u00famero de retrasos entre las 17 prestaciones oncol\u00f3gicas del GES, seg\u00fan un informe del Centro de Pol\u00edticas P\u00fablicas e Innovaci\u00f3n en Salud de la\u00a0Universidad del Desarrollo\u00a0(CIPS\u2013UDD), elaborado a partir de datos del Ministerio de Salud, solicitudes de transparencia. El estudio muestra que, al 31 de [&hellip;]\" \/>\n<meta property=\"og:url\" content=\"https:\/\/gobierno.udd.cl\/cips\/2026\/09\/03\/canal-13-online-paula-daza-profundiza-en-informe-sobre-cancer-colorrectal\/\" \/>\n<meta property=\"og:site_name\" content=\"Centro de Pol\u00edticas P\u00fablicas e Innovaci\u00f3n en Salud\" \/>\n<meta property=\"article:publisher\" content=\"https:\/\/www.facebook.com\/CIPS.UDD\" \/>\n<meta property=\"article:published_time\" content=\"2026-09-03T15:31:34+00:00\" \/>\n<meta property=\"article:modified_time\" content=\"2026-09-04T15:37:40+00:00\" \/>\n<meta property=\"og:image\" content=\"https:\/\/gobierno.udd.cl\/cips\/files\/2026\/01\/pd_cipsprensa2.png\" \/>\n\t<meta property=\"og:image:width\" content=\"370\" \/>\n\t<meta property=\"og:image:height\" content=\"178\" \/>\n\t<meta property=\"og:image:type\" content=\"image\/png\" \/>\n<meta name=\"author\" content=\"claudiagodia\" \/>\n<meta name=\"twitter:card\" content=\"summary_large_image\" \/>\n<meta name=\"twitter:creator\" content=\"@CIPS_UDD\" \/>\n<meta name=\"twitter:site\" content=\"@CIPS_UDD\" \/>\n<meta name=\"twitter:label1\" content=\"Escrito por\" \/>\n\t<meta name=\"twitter:data1\" content=\"claudiagodia\" \/>\n\t<meta name=\"twitter:label2\" content=\"Tiempo de lectura\" \/>\n\t<meta name=\"twitter:data2\" content=\"2 minutos\" \/>\n<script type=\"application\/ld+json\" class=\"yoast-schema-graph\">{\"@context\":\"https:\/\/schema.org\",\"@graph\":[{\"@type\":\"Article\",\"@id\":\"https:\/\/gobierno.udd.cl\/cips\/2026\/09\/03\/canal-13-online-paula-daza-profundiza-en-informe-sobre-cancer-colorrectal\/#article\",\"isPartOf\":{\"@id\":\"https:\/\/gobierno.udd.cl\/cips\/2026\/09\/03\/canal-13-online-paula-daza-profundiza-en-informe-sobre-cancer-colorrectal\/\"},\"author\":{\"name\":\"claudiagodia\",\"@id\":\"https:\/\/gobierno.udd.cl\/cips\/#\/schema\/person\/a34b5db7e59307019967393aeeca7130\"},\"headline\":\"Canal 13 Online | Paula Daza profundiza en informe sobre c\u00e1ncer colorrectal\",\"datePublished\":\"2026-09-03T15:31:34+00:00\",\"dateModified\":\"2026-09-04T15:37:40+00:00\",\"mainEntityOfPage\":{\"@id\":\"https:\/\/gobierno.udd.cl\/cips\/2026\/09\/03\/canal-13-online-paula-daza-profundiza-en-informe-sobre-cancer-colorrectal\/\"},\"wordCount\":346,\"image\":{\"@id\":\"https:\/\/gobierno.udd.cl\/cips\/2026\/09\/03\/canal-13-online-paula-daza-profundiza-en-informe-sobre-cancer-colorrectal\/#primaryimage\"},\"thumbnailUrl\":\"https:\/\/gobierno.udd.cl\/cips\/files\/2026\/01\/pd_cipsprensa2.png\",\"articleSection\":[\"CIPS en la prensa\"],\"inLanguage\":\"es\"},{\"@type\":\"WebPage\",\"@id\":\"https:\/\/gobierno.udd.cl\/cips\/2026\/09\/03\/canal-13-online-paula-daza-profundiza-en-informe-sobre-cancer-colorrectal\/\",\"url\":\"https:\/\/gobierno.udd.cl\/cips\/2026\/09\/03\/canal-13-online-paula-daza-profundiza-en-informe-sobre-cancer-colorrectal\/\",\"name\":\"Canal 13 Online | Paula Daza profundiza en informe sobre c\u00e1ncer colorrectal - Centro de Pol\u00edticas P\u00fablicas e Innovaci\u00f3n en Salud\",\"isPartOf\":{\"@id\":\"https:\/\/gobierno.udd.cl\/cips\/#website\"},\"primaryImageOfPage\":{\"@id\":\"https:\/\/gobierno.udd.cl\/cips\/2026\/09\/03\/canal-13-online-paula-daza-profundiza-en-informe-sobre-cancer-colorrectal\/#primaryimage\"},\"image\":{\"@id\":\"https:\/\/gobierno.udd.cl\/cips\/2026\/09\/03\/canal-13-online-paula-daza-profundiza-en-informe-sobre-cancer-colorrectal\/#primaryimage\"},\"thumbnailUrl\":\"https:\/\/gobierno.udd.cl\/cips\/files\/2026\/01\/pd_cipsprensa2.png\",\"datePublished\":\"2026-09-03T15:31:34+00:00\",\"dateModified\":\"2026-09-04T15:37:40+00:00\",\"author\":{\"@id\":\"https:\/\/gobierno.udd.cl\/cips\/#\/schema\/person\/a34b5db7e59307019967393aeeca7130\"},\"breadcrumb\":{\"@id\":\"https:\/\/gobierno.udd.cl\/cips\/2026\/09\/03\/canal-13-online-paula-daza-profundiza-en-informe-sobre-cancer-colorrectal\/#breadcrumb\"},\"inLanguage\":\"es\",\"potentialAction\":[{\"@type\":\"ReadAction\",\"target\":[\"https:\/\/gobierno.udd.cl\/cips\/2026\/09\/03\/canal-13-online-paula-daza-profundiza-en-informe-sobre-cancer-colorrectal\/\"]}]},{\"@type\":\"ImageObject\",\"inLanguage\":\"es\",\"@id\":\"https:\/\/gobierno.udd.cl\/cips\/2026\/09\/03\/canal-13-online-paula-daza-profundiza-en-informe-sobre-cancer-colorrectal\/#primaryimage\",\"url\":\"https:\/\/gobierno.udd.cl\/cips\/files\/2026\/01\/pd_cipsprensa2.png\",\"contentUrl\":\"https:\/\/gobierno.udd.cl\/cips\/files\/2026\/01\/pd_cipsprensa2.png\",\"width\":370,\"height\":178},{\"@type\":\"BreadcrumbList\",\"@id\":\"https:\/\/gobierno.udd.cl\/cips\/2026\/09\/03\/canal-13-online-paula-daza-profundiza-en-informe-sobre-cancer-colorrectal\/#breadcrumb\",\"itemListElement\":[{\"@type\":\"ListItem\",\"position\":1,\"name\":\"Portada\",\"item\":\"https:\/\/gobierno.udd.cl\/cips\/\"},{\"@type\":\"ListItem\",\"position\":2,\"name\":\"Canal 13 Online | Paula Daza profundiza en informe sobre c\u00e1ncer colorrectal\"}]},{\"@type\":\"WebSite\",\"@id\":\"https:\/\/gobierno.udd.cl\/cips\/#website\",\"url\":\"https:\/\/gobierno.udd.cl\/cips\/\",\"name\":\"Centro de Pol\u00edticas P\u00fablicas e Innovaci\u00f3n en Salud\",\"description\":\"CIPS-UDD\",\"inLanguage\":\"es\"},{\"@type\":\"Person\",\"@id\":\"https:\/\/gobierno.udd.cl\/cips\/#\/schema\/person\/a34b5db7e59307019967393aeeca7130\",\"name\":\"claudiagodia\",\"image\":{\"@type\":\"ImageObject\",\"inLanguage\":\"es\",\"@id\":\"https:\/\/gobierno.udd.cl\/cips\/#\/schema\/person\/image\/\",\"url\":\"https:\/\/secure.gravatar.com\/avatar\/c7c585f20c9cd5b1fc8956abfd060f1af449288eb4e630466a5a53a84641a9ca?s=96&d=mm&r=g\",\"contentUrl\":\"https:\/\/secure.gravatar.com\/avatar\/c7c585f20c9cd5b1fc8956abfd060f1af449288eb4e630466a5a53a84641a9ca?s=96&d=mm&r=g\",\"caption\":\"claudiagodia\"},\"url\":\"https:\/\/gobierno.udd.cl\/cips\/author\/claudiagodia\/\"}]}<\/script>\n<!-- \/ Yoast SEO plugin. -->","yoast_head_json":{"title":"Canal 13 Online | Paula Daza profundiza en informe sobre c\u00e1ncer colorrectal - Centro de Pol\u00edticas P\u00fablicas e Innovaci\u00f3n en Salud","robots":{"index":"index","follow":"follow","max-snippet":"max-snippet:-1","max-image-preview":"max-image-preview:large","max-video-preview":"max-video-preview:-1"},"canonical":"https:\/\/gobierno.udd.cl\/cips\/2026\/09\/03\/canal-13-online-paula-daza-profundiza-en-informe-sobre-cancer-colorrectal\/","og_locale":"es_ES","og_type":"article","og_title":"Canal 13 Online | Paula Daza profundiza en informe sobre c\u00e1ncer colorrectal - Centro de Pol\u00edticas P\u00fablicas e Innovaci\u00f3n en Salud","og_description":"El c\u00e1ncer colorrectal se convirti\u00f3 en la patolog\u00eda con mayor n\u00famero de retrasos entre las 17 prestaciones oncol\u00f3gicas del GES, seg\u00fan un informe del Centro de Pol\u00edticas P\u00fablicas e Innovaci\u00f3n en Salud de la\u00a0Universidad del Desarrollo\u00a0(CIPS\u2013UDD), elaborado a partir de datos del Ministerio de Salud, solicitudes de transparencia. El estudio muestra que, al 31 de [&hellip;]","og_url":"https:\/\/gobierno.udd.cl\/cips\/2026\/09\/03\/canal-13-online-paula-daza-profundiza-en-informe-sobre-cancer-colorrectal\/","og_site_name":"Centro de Pol\u00edticas P\u00fablicas e Innovaci\u00f3n en Salud","article_publisher":"https:\/\/www.facebook.com\/CIPS.UDD","article_published_time":"2026-09-03T15:31:34+00:00","article_modified_time":"2026-09-04T15:37:40+00:00","og_image":[{"width":370,"height":178,"url":"https:\/\/gobierno.udd.cl\/cips\/files\/2026\/01\/pd_cipsprensa2.png","type":"image\/png"}],"author":"claudiagodia","twitter_card":"summary_large_image","twitter_creator":"@CIPS_UDD","twitter_site":"@CIPS_UDD","twitter_misc":{"Escrito por":"claudiagodia","Tiempo de lectura":"2 minutos"},"schema":{"@context":"https:\/\/schema.org","@graph":[{"@type":"Article","@id":"https:\/\/gobierno.udd.cl\/cips\/2026\/09\/03\/canal-13-online-paula-daza-profundiza-en-informe-sobre-cancer-colorrectal\/#article","isPartOf":{"@id":"https:\/\/gobierno.udd.cl\/cips\/2026\/09\/03\/canal-13-online-paula-daza-profundiza-en-informe-sobre-cancer-colorrectal\/"},"author":{"name":"claudiagodia","@id":"https:\/\/gobierno.udd.cl\/cips\/#\/schema\/person\/a34b5db7e59307019967393aeeca7130"},"headline":"Canal 13 Online | Paula Daza profundiza en informe sobre c\u00e1ncer colorrectal","datePublished":"2026-09-03T15:31:34+00:00","dateModified":"2026-09-04T15:37:40+00:00","mainEntityOfPage":{"@id":"https:\/\/gobierno.udd.cl\/cips\/2026\/09\/03\/canal-13-online-paula-daza-profundiza-en-informe-sobre-cancer-colorrectal\/"},"wordCount":346,"image":{"@id":"https:\/\/gobierno.udd.cl\/cips\/2026\/09\/03\/canal-13-online-paula-daza-profundiza-en-informe-sobre-cancer-colorrectal\/#primaryimage"},"thumbnailUrl":"https:\/\/gobierno.udd.cl\/cips\/files\/2026\/01\/pd_cipsprensa2.png","articleSection":["CIPS en la prensa"],"inLanguage":"es"},{"@type":"WebPage","@id":"https:\/\/gobierno.udd.cl\/cips\/2026\/09\/03\/canal-13-online-paula-daza-profundiza-en-informe-sobre-cancer-colorrectal\/","url":"https:\/\/gobierno.udd.cl\/cips\/2026\/09\/03\/canal-13-online-paula-daza-profundiza-en-informe-sobre-cancer-colorrectal\/","name":"Canal 13 Online | Paula Daza profundiza en informe sobre c\u00e1ncer colorrectal - Centro de Pol\u00edticas P\u00fablicas e Innovaci\u00f3n en Salud","isPartOf":{"@id":"https:\/\/gobierno.udd.cl\/cips\/#website"},"primaryImageOfPage":{"@id":"https:\/\/gobierno.udd.cl\/cips\/2026\/09\/03\/canal-13-online-paula-daza-profundiza-en-informe-sobre-cancer-colorrectal\/#primaryimage"},"image":{"@id":"https:\/\/gobierno.udd.cl\/cips\/2026\/09\/03\/canal-13-online-paula-daza-profundiza-en-informe-sobre-cancer-colorrectal\/#primaryimage"},"thumbnailUrl":"https:\/\/gobierno.udd.cl\/cips\/files\/2026\/01\/pd_cipsprensa2.png","datePublished":"2026-09-03T15:31:34+00:00","dateModified":"2026-09-04T15:37:40+00:00","author":{"@id":"https:\/\/gobierno.udd.cl\/cips\/#\/schema\/person\/a34b5db7e59307019967393aeeca7130"},"breadcrumb":{"@id":"https:\/\/gobierno.udd.cl\/cips\/2026\/09\/03\/canal-13-online-paula-daza-profundiza-en-informe-sobre-cancer-colorrectal\/#breadcrumb"},"inLanguage":"es","potentialAction":[{"@type":"ReadAction","target":["https:\/\/gobierno.udd.cl\/cips\/2026\/09\/03\/canal-13-online-paula-daza-profundiza-en-informe-sobre-cancer-colorrectal\/"]}]},{"@type":"ImageObject","inLanguage":"es","@id":"https:\/\/gobierno.udd.cl\/cips\/2026\/09\/03\/canal-13-online-paula-daza-profundiza-en-informe-sobre-cancer-colorrectal\/#primaryimage","url":"https:\/\/gobierno.udd.cl\/cips\/files\/2026\/01\/pd_cipsprensa2.png","contentUrl":"https:\/\/gobierno.udd.cl\/cips\/files\/2026\/01\/pd_cipsprensa2.png","width":370,"height":178},{"@type":"BreadcrumbList","@id":"https:\/\/gobierno.udd.cl\/cips\/2026\/09\/03\/canal-13-online-paula-daza-profundiza-en-informe-sobre-cancer-colorrectal\/#breadcrumb","itemListElement":[{"@type":"ListItem","position":1,"name":"Portada","item":"https:\/\/gobierno.udd.cl\/cips\/"},{"@type":"ListItem","position":2,"name":"Canal 13 Online | Paula Daza profundiza en informe sobre c\u00e1ncer colorrectal"}]},{"@type":"WebSite","@id":"https:\/\/gobierno.udd.cl\/cips\/#website","url":"https:\/\/gobierno.udd.cl\/cips\/","name":"Centro de Pol\u00edticas P\u00fablicas e Innovaci\u00f3n en Salud","description":"CIPS-UDD","inLanguage":"es"},{"@type":"Person","@id":"https:\/\/gobierno.udd.cl\/cips\/#\/schema\/person\/a34b5db7e59307019967393aeeca7130","name":"claudiagodia","image":{"@type":"ImageObject","inLanguage":"es","@id":"https:\/\/gobierno.udd.cl\/cips\/#\/schema\/person\/image\/","url":"https:\/\/secure.gravatar.com\/avatar\/c7c585f20c9cd5b1fc8956abfd060f1af449288eb4e630466a5a53a84641a9ca?s=96&d=mm&r=g","contentUrl":"https:\/\/secure.gravatar.com\/avatar\/c7c585f20c9cd5b1fc8956abfd060f1af449288eb4e630466a5a53a84641a9ca?s=96&d=mm&r=g","caption":"claudiagodia"},"url":"https:\/\/gobierno.udd.cl\/cips\/author\/claudiagodia\/"}]}},"featured_image_url":"https:\/\/gobierno.udd.cl\/cips\/files\/2026\/01\/pd_cipsprensa2.png","_links":{"self":[{"href":"https:\/\/gobierno.udd.cl\/cips\/wp-json\/wp\/v2\/posts\/4666","targetHints":{"allow":["GET"]}}],"collection":[{"href":"https:\/\/gobierno.udd.cl\/cips\/wp-json\/wp\/v2\/posts"}],"about":[{"href":"https:\/\/gobierno.udd.cl\/cips\/wp-json\/wp\/v2\/types\/post"}],"author":[{"embeddable":true,"href":"https:\/\/gobierno.udd.cl\/cips\/wp-json\/wp\/v2\/users\/9192240"}],"replies":[{"embeddable":true,"href":"https:\/\/gobierno.udd.cl\/cips\/wp-json\/wp\/v2\/comments?post=4666"}],"version-history":[{"count":1,"href":"https:\/\/gobierno.udd.cl\/cips\/wp-json\/wp\/v2\/posts\/4666\/revisions"}],"predecessor-version":[{"id":4667,"href":"https:\/\/gobierno.udd.cl\/cips\/wp-json\/wp\/v2\/posts\/4666\/revisions\/4667"}],"wp:featuredmedia":[{"embeddable":true,"href":"https:\/\/gobierno.udd.cl\/cips\/wp-json\/wp\/v2\/media\/4187"}],"wp:attachment":[{"href":"https:\/\/gobierno.udd.cl\/cips\/wp-json\/wp\/v2\/media?parent=4666"}],"wp:term":[{"taxonomy":"category","embeddable":true,"href":"https:\/\/gobierno.udd.cl\/cips\/wp-json\/wp\/v2\/categories?post=4666"},{"taxonomy":"post_tag","embeddable":true,"href":"https:\/\/gobierno.udd.cl\/cips\/wp-json\/wp\/v2\/tags?post=4666"}],"curies":[{"name":"wp","href":"https:\/\/api.w.org\/{rel}","templated":true}]}}