{"id":4663,"date":"2026-09-03T11:26:22","date_gmt":"2026-09-03T15:26:22","guid":{"rendered":"https:\/\/gobierno.udd.cl\/cips\/?p=4663"},"modified":"2026-09-04T11:29:21","modified_gmt":"2026-09-04T15:29:21","slug":"el-mercurio-paula-daza-se-refiere-al-refuerzo-en-vacunacion-contra-sarampion","status":"publish","type":"post","link":"https:\/\/gobierno.udd.cl\/cips\/2026\/09\/03\/el-mercurio-paula-daza-se-refiere-al-refuerzo-en-vacunacion-contra-sarampion\/","title":{"rendered":"El Mercurio | Paula Daza se refiere al refuerzo en vacunaci\u00f3n contra sarampi\u00f3n"},"content":{"rendered":"\n<p>\u201cEl sarampi\u00f3n ha resurgido en las Am\u00e9ricas durante 2025\u20132026, socavando a\u00f1os de esfuerzos de eliminaci\u00f3n\u201d, afirma la Organizaci\u00f3n Panamericana de la Salud (OPS). Es que seg\u00fan sus estad\u00edsticas, en los \u00faltimos meses los casos han crecido de manera exponencial, al punto que si el a\u00f1o pasado se reportaron 14.891 en total, en lo que va de 2026 ya van 51 mil.<\/p>\n\n\n\n<p>En Chile, donde el virus est\u00e1 erradicado desde 1993, solo ha habido un caso importado, pero debido a la alerta epidemiol\u00f3gica vigente, el Ministerio de Salud est\u00e1 haciendo un llamado a la inmunizaci\u00f3n, sobre todo ad portas de que se inicie una nueva temporada de viajes por las Fiestas Patrias.<\/p>\n\n\n\n<p><strong>Las distintas l\u00edneas de acci\u00f3n<\/strong><\/p>\n\n\n\n<p>La subsecretaria de Salud P\u00fablica, Alejandra Pizarro, comenta que \u201cel sarampi\u00f3n es una enfermedad muy contagiosa que afecta especialmente a ni\u00f1os\u201d, y en los casos m\u00e1s delicados \u201cpuede causar complicaciones graves, como ceguera y encefalitis\u201d. Adem\u00e1s, la OPS estima que en 2024 se produjeron 95 mil muertes por sarampi\u00f3n en el mundo, en su mayor\u00eda menores de cinco a\u00f1os no vacunados o sin la pauta completa. Por lo mismo, Pizarro remarca que Chile \u201cha puesto especial atenci\u00f3n al comportamiento de los brotes, dado que (el virus) est\u00e1 presente en pa\u00edses vecinos\u201d. Y, por ejemplo, ha desarrollado estrategias de b\u00fasqueda en la Regi\u00f3n de Arica y Parinacota, considerando adem\u00e1s que hay un alto tr\u00e1nsito de personas en la frontera.<\/p>\n\n\n\n<p>El Minsal tambi\u00e9n est\u00e1 colocando segundas dosis de la vacuna en los menores que no tienen el esquema completo. Y de hecho, varios establecimientos han notificado que por estos d\u00edas los centros de salud municipal ir\u00e1n a inocular con car\u00e1cter obligatorio a los menores, tras un llamado \u201curgente\u201d de la cartera. Seg\u00fan la autoridad, a la fecha se ha vacunado a 31.284 personas, \u201clo que representa un avance promedio del 16,4%, de esta poblaci\u00f3n objetivo\u201d. Con todo, hay m\u00e1s de 140 mil ni\u00f1os que est\u00e1n en el Plan Nacional de Inmunizaci\u00f3n que tienen la dosis incompleta.<\/p>\n\n\n\n<p>(&#8230;) El punto es secundado por <strong>Paula Daza<\/strong>, directora ejecutiva del Centro de Pol\u00edticas P\u00fablica e Innovaci\u00f3n en Salud de la\u00a0UDD, quien agrega que hay una fatiga pand\u00e9mica: \u201cProbablemente las personas est\u00e1n cansadas, pero a pesar que siempre la segunda dosis ha sido menor que la primera, particularmente ahora vemos una menor cobertura\u201d.<\/p>\n\n\n\n<p>La otrora subsecretaria (2018-2022) a\u00f1ade que \u201cel llamado es a vacunarse sobre todo si es habr\u00e1 viajes al extranjero, porque \u201cest\u00e1n los aeropuertos, los vuelos, los terminales. De repente eventos masivos, donde participan personas de afuera que han estado en contacto con el virus y existe un riesgo para el contagio\u201d.<\/p>\n\n\n\n<figure class=\"wp-block-image size-full\"><img loading=\"lazy\" decoding=\"async\" width=\"1362\" height=\"2560\" src=\"https:\/\/gobierno.udd.cl\/cips\/files\/2026\/09\/1_2026-09-03_gr4m1up2-scaled.jpg\" alt=\"\" class=\"wp-image-4664\" srcset=\"https:\/\/gobierno.udd.cl\/cips\/files\/2026\/09\/1_2026-09-03_gr4m1up2-scaled.jpg 1362w, https:\/\/gobierno.udd.cl\/cips\/files\/2026\/09\/1_2026-09-03_gr4m1up2-160x300.jpg 160w, https:\/\/gobierno.udd.cl\/cips\/files\/2026\/09\/1_2026-09-03_gr4m1up2-545x1024.jpg 545w, https:\/\/gobierno.udd.cl\/cips\/files\/2026\/09\/1_2026-09-03_gr4m1up2-768x1443.jpg 768w, https:\/\/gobierno.udd.cl\/cips\/files\/2026\/09\/1_2026-09-03_gr4m1up2-817x1536.jpg 817w, https:\/\/gobierno.udd.cl\/cips\/files\/2026\/09\/1_2026-09-03_gr4m1up2-1090x2048.jpg 1090w\" sizes=\"auto, (max-width: 1362px) 100vw, 1362px\" \/><\/figure>\n","protected":false},"excerpt":{"rendered":"<p>\u201cEl sarampi\u00f3n ha resurgido en las Am\u00e9ricas durante 2025\u20132026, socavando a\u00f1os de esfuerzos de eliminaci\u00f3n\u201d, afirma la Organizaci\u00f3n Panamericana de la Salud (OPS). Es que seg\u00fan sus estad\u00edsticas, en los \u00faltimos meses los casos han crecido de manera exponencial, al punto que si el a\u00f1o pasado se reportaron 14.891 en total, en lo que va [&hellip;]<\/p>\n","protected":false},"author":9192240,"featured_media":4189,"comment_status":"closed","ping_status":"open","sticky":false,"template":"","format":"standard","meta":{"footnotes":""},"categories":[4],"tags":[],"class_list":["post-4663","post","type-post","status-publish","format-standard","has-post-thumbnail","hentry","category-cips-en-la-prensa"],"yoast_head":"<!-- This site is optimized with the Yoast SEO plugin v26.9 - https:\/\/yoast.com\/product\/yoast-seo-wordpress\/ -->\n<title>El Mercurio | Paula Daza se refiere al refuerzo en vacunaci\u00f3n contra sarampi\u00f3n - Centro de Pol\u00edticas P\u00fablicas e Innovaci\u00f3n en Salud<\/title>\n<meta name=\"robots\" content=\"index, follow, max-snippet:-1, max-image-preview:large, max-video-preview:-1\" \/>\n<link rel=\"canonical\" href=\"https:\/\/gobierno.udd.cl\/cips\/2026\/09\/03\/el-mercurio-paula-daza-se-refiere-al-refuerzo-en-vacunacion-contra-sarampion\/\" \/>\n<meta property=\"og:locale\" content=\"es_ES\" \/>\n<meta property=\"og:type\" content=\"article\" \/>\n<meta property=\"og:title\" content=\"El Mercurio | Paula Daza se refiere al refuerzo en vacunaci\u00f3n contra sarampi\u00f3n - Centro de Pol\u00edticas P\u00fablicas e Innovaci\u00f3n en Salud\" \/>\n<meta property=\"og:description\" content=\"\u201cEl sarampi\u00f3n ha resurgido en las Am\u00e9ricas durante 2025\u20132026, socavando a\u00f1os de esfuerzos de eliminaci\u00f3n\u201d, afirma la Organizaci\u00f3n Panamericana de la Salud (OPS). Es que seg\u00fan sus estad\u00edsticas, en los \u00faltimos meses los casos han crecido de manera exponencial, al punto que si el a\u00f1o pasado se reportaron 14.891 en total, en lo que va [&hellip;]\" \/>\n<meta property=\"og:url\" content=\"https:\/\/gobierno.udd.cl\/cips\/2026\/09\/03\/el-mercurio-paula-daza-se-refiere-al-refuerzo-en-vacunacion-contra-sarampion\/\" \/>\n<meta property=\"og:site_name\" content=\"Centro de Pol\u00edticas P\u00fablicas e Innovaci\u00f3n en Salud\" \/>\n<meta property=\"article:publisher\" content=\"https:\/\/www.facebook.com\/CIPS.UDD\" \/>\n<meta property=\"article:published_time\" content=\"2026-09-03T15:26:22+00:00\" \/>\n<meta property=\"article:modified_time\" content=\"2026-09-04T15:29:21+00:00\" \/>\n<meta property=\"og:image\" content=\"https:\/\/gobierno.udd.cl\/cips\/files\/2026\/01\/pd_cipsprensa4.png\" \/>\n\t<meta property=\"og:image:width\" content=\"370\" \/>\n\t<meta property=\"og:image:height\" content=\"178\" \/>\n\t<meta property=\"og:image:type\" content=\"image\/png\" \/>\n<meta name=\"author\" content=\"claudiagodia\" \/>\n<meta name=\"twitter:card\" content=\"summary_large_image\" \/>\n<meta name=\"twitter:creator\" content=\"@CIPS_UDD\" \/>\n<meta name=\"twitter:site\" content=\"@CIPS_UDD\" \/>\n<meta name=\"twitter:label1\" content=\"Escrito por\" \/>\n\t<meta name=\"twitter:data1\" content=\"claudiagodia\" \/>\n\t<meta name=\"twitter:label2\" content=\"Tiempo de lectura\" \/>\n\t<meta name=\"twitter:data2\" content=\"3 minutos\" \/>\n<script type=\"application\/ld+json\" class=\"yoast-schema-graph\">{\"@context\":\"https:\/\/schema.org\",\"@graph\":[{\"@type\":\"Article\",\"@id\":\"https:\/\/gobierno.udd.cl\/cips\/2026\/09\/03\/el-mercurio-paula-daza-se-refiere-al-refuerzo-en-vacunacion-contra-sarampion\/#article\",\"isPartOf\":{\"@id\":\"https:\/\/gobierno.udd.cl\/cips\/2026\/09\/03\/el-mercurio-paula-daza-se-refiere-al-refuerzo-en-vacunacion-contra-sarampion\/\"},\"author\":{\"name\":\"claudiagodia\",\"@id\":\"https:\/\/gobierno.udd.cl\/cips\/#\/schema\/person\/a34b5db7e59307019967393aeeca7130\"},\"headline\":\"El Mercurio | Paula Daza se refiere al refuerzo en vacunaci\u00f3n contra sarampi\u00f3n\",\"datePublished\":\"2026-09-03T15:26:22+00:00\",\"dateModified\":\"2026-09-04T15:29:21+00:00\",\"mainEntityOfPage\":{\"@id\":\"https:\/\/gobierno.udd.cl\/cips\/2026\/09\/03\/el-mercurio-paula-daza-se-refiere-al-refuerzo-en-vacunacion-contra-sarampion\/\"},\"wordCount\":481,\"image\":{\"@id\":\"https:\/\/gobierno.udd.cl\/cips\/2026\/09\/03\/el-mercurio-paula-daza-se-refiere-al-refuerzo-en-vacunacion-contra-sarampion\/#primaryimage\"},\"thumbnailUrl\":\"https:\/\/gobierno.udd.cl\/cips\/files\/2026\/01\/pd_cipsprensa4.png\",\"articleSection\":[\"CIPS en la prensa\"],\"inLanguage\":\"es\"},{\"@type\":\"WebPage\",\"@id\":\"https:\/\/gobierno.udd.cl\/cips\/2026\/09\/03\/el-mercurio-paula-daza-se-refiere-al-refuerzo-en-vacunacion-contra-sarampion\/\",\"url\":\"https:\/\/gobierno.udd.cl\/cips\/2026\/09\/03\/el-mercurio-paula-daza-se-refiere-al-refuerzo-en-vacunacion-contra-sarampion\/\",\"name\":\"El Mercurio | Paula Daza se refiere al refuerzo en vacunaci\u00f3n contra sarampi\u00f3n - Centro de Pol\u00edticas P\u00fablicas e Innovaci\u00f3n en Salud\",\"isPartOf\":{\"@id\":\"https:\/\/gobierno.udd.cl\/cips\/#website\"},\"primaryImageOfPage\":{\"@id\":\"https:\/\/gobierno.udd.cl\/cips\/2026\/09\/03\/el-mercurio-paula-daza-se-refiere-al-refuerzo-en-vacunacion-contra-sarampion\/#primaryimage\"},\"image\":{\"@id\":\"https:\/\/gobierno.udd.cl\/cips\/2026\/09\/03\/el-mercurio-paula-daza-se-refiere-al-refuerzo-en-vacunacion-contra-sarampion\/#primaryimage\"},\"thumbnailUrl\":\"https:\/\/gobierno.udd.cl\/cips\/files\/2026\/01\/pd_cipsprensa4.png\",\"datePublished\":\"2026-09-03T15:26:22+00:00\",\"dateModified\":\"2026-09-04T15:29:21+00:00\",\"author\":{\"@id\":\"https:\/\/gobierno.udd.cl\/cips\/#\/schema\/person\/a34b5db7e59307019967393aeeca7130\"},\"breadcrumb\":{\"@id\":\"https:\/\/gobierno.udd.cl\/cips\/2026\/09\/03\/el-mercurio-paula-daza-se-refiere-al-refuerzo-en-vacunacion-contra-sarampion\/#breadcrumb\"},\"inLanguage\":\"es\",\"potentialAction\":[{\"@type\":\"ReadAction\",\"target\":[\"https:\/\/gobierno.udd.cl\/cips\/2026\/09\/03\/el-mercurio-paula-daza-se-refiere-al-refuerzo-en-vacunacion-contra-sarampion\/\"]}]},{\"@type\":\"ImageObject\",\"inLanguage\":\"es\",\"@id\":\"https:\/\/gobierno.udd.cl\/cips\/2026\/09\/03\/el-mercurio-paula-daza-se-refiere-al-refuerzo-en-vacunacion-contra-sarampion\/#primaryimage\",\"url\":\"https:\/\/gobierno.udd.cl\/cips\/files\/2026\/01\/pd_cipsprensa4.png\",\"contentUrl\":\"https:\/\/gobierno.udd.cl\/cips\/files\/2026\/01\/pd_cipsprensa4.png\",\"width\":370,\"height\":178},{\"@type\":\"BreadcrumbList\",\"@id\":\"https:\/\/gobierno.udd.cl\/cips\/2026\/09\/03\/el-mercurio-paula-daza-se-refiere-al-refuerzo-en-vacunacion-contra-sarampion\/#breadcrumb\",\"itemListElement\":[{\"@type\":\"ListItem\",\"position\":1,\"name\":\"Portada\",\"item\":\"https:\/\/gobierno.udd.cl\/cips\/\"},{\"@type\":\"ListItem\",\"position\":2,\"name\":\"El Mercurio | Paula Daza se refiere al refuerzo en vacunaci\u00f3n contra sarampi\u00f3n\"}]},{\"@type\":\"WebSite\",\"@id\":\"https:\/\/gobierno.udd.cl\/cips\/#website\",\"url\":\"https:\/\/gobierno.udd.cl\/cips\/\",\"name\":\"Centro de Pol\u00edticas P\u00fablicas e Innovaci\u00f3n en Salud\",\"description\":\"CIPS-UDD\",\"inLanguage\":\"es\"},{\"@type\":\"Person\",\"@id\":\"https:\/\/gobierno.udd.cl\/cips\/#\/schema\/person\/a34b5db7e59307019967393aeeca7130\",\"name\":\"claudiagodia\",\"image\":{\"@type\":\"ImageObject\",\"inLanguage\":\"es\",\"@id\":\"https:\/\/gobierno.udd.cl\/cips\/#\/schema\/person\/image\/\",\"url\":\"https:\/\/secure.gravatar.com\/avatar\/c7c585f20c9cd5b1fc8956abfd060f1af449288eb4e630466a5a53a84641a9ca?s=96&d=mm&r=g\",\"contentUrl\":\"https:\/\/secure.gravatar.com\/avatar\/c7c585f20c9cd5b1fc8956abfd060f1af449288eb4e630466a5a53a84641a9ca?s=96&d=mm&r=g\",\"caption\":\"claudiagodia\"},\"url\":\"https:\/\/gobierno.udd.cl\/cips\/author\/claudiagodia\/\"}]}<\/script>\n<!-- \/ Yoast SEO plugin. -->","yoast_head_json":{"title":"El Mercurio | Paula Daza se refiere al refuerzo en vacunaci\u00f3n contra sarampi\u00f3n - Centro de Pol\u00edticas P\u00fablicas e Innovaci\u00f3n en Salud","robots":{"index":"index","follow":"follow","max-snippet":"max-snippet:-1","max-image-preview":"max-image-preview:large","max-video-preview":"max-video-preview:-1"},"canonical":"https:\/\/gobierno.udd.cl\/cips\/2026\/09\/03\/el-mercurio-paula-daza-se-refiere-al-refuerzo-en-vacunacion-contra-sarampion\/","og_locale":"es_ES","og_type":"article","og_title":"El Mercurio | Paula Daza se refiere al refuerzo en vacunaci\u00f3n contra sarampi\u00f3n - Centro de Pol\u00edticas P\u00fablicas e Innovaci\u00f3n en Salud","og_description":"\u201cEl sarampi\u00f3n ha resurgido en las Am\u00e9ricas durante 2025\u20132026, socavando a\u00f1os de esfuerzos de eliminaci\u00f3n\u201d, afirma la Organizaci\u00f3n Panamericana de la Salud (OPS). Es que seg\u00fan sus estad\u00edsticas, en los \u00faltimos meses los casos han crecido de manera exponencial, al punto que si el a\u00f1o pasado se reportaron 14.891 en total, en lo que va [&hellip;]","og_url":"https:\/\/gobierno.udd.cl\/cips\/2026\/09\/03\/el-mercurio-paula-daza-se-refiere-al-refuerzo-en-vacunacion-contra-sarampion\/","og_site_name":"Centro de Pol\u00edticas P\u00fablicas e Innovaci\u00f3n en Salud","article_publisher":"https:\/\/www.facebook.com\/CIPS.UDD","article_published_time":"2026-09-03T15:26:22+00:00","article_modified_time":"2026-09-04T15:29:21+00:00","og_image":[{"width":370,"height":178,"url":"https:\/\/gobierno.udd.cl\/cips\/files\/2026\/01\/pd_cipsprensa4.png","type":"image\/png"}],"author":"claudiagodia","twitter_card":"summary_large_image","twitter_creator":"@CIPS_UDD","twitter_site":"@CIPS_UDD","twitter_misc":{"Escrito por":"claudiagodia","Tiempo de lectura":"3 minutos"},"schema":{"@context":"https:\/\/schema.org","@graph":[{"@type":"Article","@id":"https:\/\/gobierno.udd.cl\/cips\/2026\/09\/03\/el-mercurio-paula-daza-se-refiere-al-refuerzo-en-vacunacion-contra-sarampion\/#article","isPartOf":{"@id":"https:\/\/gobierno.udd.cl\/cips\/2026\/09\/03\/el-mercurio-paula-daza-se-refiere-al-refuerzo-en-vacunacion-contra-sarampion\/"},"author":{"name":"claudiagodia","@id":"https:\/\/gobierno.udd.cl\/cips\/#\/schema\/person\/a34b5db7e59307019967393aeeca7130"},"headline":"El Mercurio | Paula Daza se refiere al refuerzo en vacunaci\u00f3n contra sarampi\u00f3n","datePublished":"2026-09-03T15:26:22+00:00","dateModified":"2026-09-04T15:29:21+00:00","mainEntityOfPage":{"@id":"https:\/\/gobierno.udd.cl\/cips\/2026\/09\/03\/el-mercurio-paula-daza-se-refiere-al-refuerzo-en-vacunacion-contra-sarampion\/"},"wordCount":481,"image":{"@id":"https:\/\/gobierno.udd.cl\/cips\/2026\/09\/03\/el-mercurio-paula-daza-se-refiere-al-refuerzo-en-vacunacion-contra-sarampion\/#primaryimage"},"thumbnailUrl":"https:\/\/gobierno.udd.cl\/cips\/files\/2026\/01\/pd_cipsprensa4.png","articleSection":["CIPS en la prensa"],"inLanguage":"es"},{"@type":"WebPage","@id":"https:\/\/gobierno.udd.cl\/cips\/2026\/09\/03\/el-mercurio-paula-daza-se-refiere-al-refuerzo-en-vacunacion-contra-sarampion\/","url":"https:\/\/gobierno.udd.cl\/cips\/2026\/09\/03\/el-mercurio-paula-daza-se-refiere-al-refuerzo-en-vacunacion-contra-sarampion\/","name":"El Mercurio | Paula Daza se refiere al refuerzo en vacunaci\u00f3n contra sarampi\u00f3n - Centro de Pol\u00edticas P\u00fablicas e Innovaci\u00f3n en Salud","isPartOf":{"@id":"https:\/\/gobierno.udd.cl\/cips\/#website"},"primaryImageOfPage":{"@id":"https:\/\/gobierno.udd.cl\/cips\/2026\/09\/03\/el-mercurio-paula-daza-se-refiere-al-refuerzo-en-vacunacion-contra-sarampion\/#primaryimage"},"image":{"@id":"https:\/\/gobierno.udd.cl\/cips\/2026\/09\/03\/el-mercurio-paula-daza-se-refiere-al-refuerzo-en-vacunacion-contra-sarampion\/#primaryimage"},"thumbnailUrl":"https:\/\/gobierno.udd.cl\/cips\/files\/2026\/01\/pd_cipsprensa4.png","datePublished":"2026-09-03T15:26:22+00:00","dateModified":"2026-09-04T15:29:21+00:00","author":{"@id":"https:\/\/gobierno.udd.cl\/cips\/#\/schema\/person\/a34b5db7e59307019967393aeeca7130"},"breadcrumb":{"@id":"https:\/\/gobierno.udd.cl\/cips\/2026\/09\/03\/el-mercurio-paula-daza-se-refiere-al-refuerzo-en-vacunacion-contra-sarampion\/#breadcrumb"},"inLanguage":"es","potentialAction":[{"@type":"ReadAction","target":["https:\/\/gobierno.udd.cl\/cips\/2026\/09\/03\/el-mercurio-paula-daza-se-refiere-al-refuerzo-en-vacunacion-contra-sarampion\/"]}]},{"@type":"ImageObject","inLanguage":"es","@id":"https:\/\/gobierno.udd.cl\/cips\/2026\/09\/03\/el-mercurio-paula-daza-se-refiere-al-refuerzo-en-vacunacion-contra-sarampion\/#primaryimage","url":"https:\/\/gobierno.udd.cl\/cips\/files\/2026\/01\/pd_cipsprensa4.png","contentUrl":"https:\/\/gobierno.udd.cl\/cips\/files\/2026\/01\/pd_cipsprensa4.png","width":370,"height":178},{"@type":"BreadcrumbList","@id":"https:\/\/gobierno.udd.cl\/cips\/2026\/09\/03\/el-mercurio-paula-daza-se-refiere-al-refuerzo-en-vacunacion-contra-sarampion\/#breadcrumb","itemListElement":[{"@type":"ListItem","position":1,"name":"Portada","item":"https:\/\/gobierno.udd.cl\/cips\/"},{"@type":"ListItem","position":2,"name":"El Mercurio | Paula Daza se refiere al refuerzo en vacunaci\u00f3n contra sarampi\u00f3n"}]},{"@type":"WebSite","@id":"https:\/\/gobierno.udd.cl\/cips\/#website","url":"https:\/\/gobierno.udd.cl\/cips\/","name":"Centro de Pol\u00edticas P\u00fablicas e Innovaci\u00f3n en Salud","description":"CIPS-UDD","inLanguage":"es"},{"@type":"Person","@id":"https:\/\/gobierno.udd.cl\/cips\/#\/schema\/person\/a34b5db7e59307019967393aeeca7130","name":"claudiagodia","image":{"@type":"ImageObject","inLanguage":"es","@id":"https:\/\/gobierno.udd.cl\/cips\/#\/schema\/person\/image\/","url":"https:\/\/secure.gravatar.com\/avatar\/c7c585f20c9cd5b1fc8956abfd060f1af449288eb4e630466a5a53a84641a9ca?s=96&d=mm&r=g","contentUrl":"https:\/\/secure.gravatar.com\/avatar\/c7c585f20c9cd5b1fc8956abfd060f1af449288eb4e630466a5a53a84641a9ca?s=96&d=mm&r=g","caption":"claudiagodia"},"url":"https:\/\/gobierno.udd.cl\/cips\/author\/claudiagodia\/"}]}},"featured_image_url":"https:\/\/gobierno.udd.cl\/cips\/files\/2026\/01\/pd_cipsprensa4.png","_links":{"self":[{"href":"https:\/\/gobierno.udd.cl\/cips\/wp-json\/wp\/v2\/posts\/4663","targetHints":{"allow":["GET"]}}],"collection":[{"href":"https:\/\/gobierno.udd.cl\/cips\/wp-json\/wp\/v2\/posts"}],"about":[{"href":"https:\/\/gobierno.udd.cl\/cips\/wp-json\/wp\/v2\/types\/post"}],"author":[{"embeddable":true,"href":"https:\/\/gobierno.udd.cl\/cips\/wp-json\/wp\/v2\/users\/9192240"}],"replies":[{"embeddable":true,"href":"https:\/\/gobierno.udd.cl\/cips\/wp-json\/wp\/v2\/comments?post=4663"}],"version-history":[{"count":1,"href":"https:\/\/gobierno.udd.cl\/cips\/wp-json\/wp\/v2\/posts\/4663\/revisions"}],"predecessor-version":[{"id":4665,"href":"https:\/\/gobierno.udd.cl\/cips\/wp-json\/wp\/v2\/posts\/4663\/revisions\/4665"}],"wp:featuredmedia":[{"embeddable":true,"href":"https:\/\/gobierno.udd.cl\/cips\/wp-json\/wp\/v2\/media\/4189"}],"wp:attachment":[{"href":"https:\/\/gobierno.udd.cl\/cips\/wp-json\/wp\/v2\/media?parent=4663"}],"wp:term":[{"taxonomy":"category","embeddable":true,"href":"https:\/\/gobierno.udd.cl\/cips\/wp-json\/wp\/v2\/categories?post=4663"},{"taxonomy":"post_tag","embeddable":true,"href":"https:\/\/gobierno.udd.cl\/cips\/wp-json\/wp\/v2\/tags?post=4663"}],"curies":[{"name":"wp","href":"https:\/\/api.w.org\/{rel}","templated":true}]}}