{"id":4638,"date":"2026-08-31T10:22:41","date_gmt":"2026-08-31T14:22:41","guid":{"rendered":"https:\/\/gobierno.udd.cl\/cips\/?p=4638"},"modified":"2026-08-31T10:22:42","modified_gmt":"2026-08-31T14:22:42","slug":"infartos-aumentan-en-21-en-cuatro-anos","status":"publish","type":"post","link":"https:\/\/gobierno.udd.cl\/cips\/2026\/08\/31\/infartos-aumentan-en-21-en-cuatro-anos\/","title":{"rendered":"Infartos aumentan en 21% en cuatro a\u00f1os"},"content":{"rendered":"\n<p><em>El estudio, elaborado con datos del DEIS, muestra que los egresos hospitalarios por infarto agudo al miocardio (IAM) aumentaron 21% entre 2022 y 2025, mientras que las muertes por esta causa bajaron 1,6% en el mismo periodo. Para la directora ejecutiva de CIPS-UDD, Paula Daza, esa mejora es un logro de la medicina de urgencia, no de la prevenci\u00f3n: el pa\u00eds sigue llegando tarde a controlar los factores de riesgo que provocan el infarto.<\/em><\/p>\n\n\n\n<p>Cada a\u00f1o Chile hospitaliza a m\u00e1s personas por infarto agudo al miocardio (IAM) y logra que menos de ellas mueran una vez que llegan al hospital. As\u00ed lo revela un nuevo informe del Centro de Pol\u00edticas P\u00fablicas e Innovaci\u00f3n en Salud de la Universidad del Desarrollo (CIPS-UDD), basado en datos del Departamento de Estad\u00edsticas e Informaci\u00f3n en Salud (DEIS): los egresos hospitalarios por IAM pasaron de 16.176 casos en 2022 a 19.500 en 2025, un alza de 21% en cuatro a\u00f1os, mientras las defunciones por esta causa bajaron de 7.472 a 7.353 casos en el mismo periodo, una disminuci\u00f3n acumulada de 1,6%.<\/p>\n\n\n\n<p>El informe advierte que esta mejora responde sobre todo a los avances de la red asistencial \u2014angioplast\u00eda, trombolisis y unidades coronarias\u2014, y no a un pa\u00eds que est\u00e9 logrando evitar que el infarto ocurra. <strong>No estamos bajando los infartos: estamos bajando su letalidad.<\/strong><\/p>\n\n\n\n<p>El estudio plantea que el envejecimiento de la poblaci\u00f3n \u2014el grupo de 60 a\u00f1os o m\u00e1s concentra el 64,16% de los egresos por IAM (12.512 de 19.500 casos en 2025)\u2014 explica parte del aumento de casos, pero no explica por qu\u00e9 el riesgo cardiovascular de fondo no baja. Detr\u00e1s de eso hay una poblaci\u00f3n con enfermedades cr\u00f3nicas mal controladas, como la hipertensi\u00f3n, la diabetes y el sobrepeso u obesidad.<\/p>\n\n\n\n<p><strong>Un mapa del infarto que pide pol\u00edtica territorial<\/strong><\/p>\n\n\n\n<p>La distribuci\u00f3n regional refuerza esta lectura. Ays\u00e9n (160 por 100.000 habitantes), Arica y Parinacota (141) y Atacama (126) registran las tasas m\u00e1s altas de hospitalizaci\u00f3n por IAM, por sobre la tasa nacional de 105,5. En mortalidad, \u00d1uble tiene la tasa m\u00e1s alta del pa\u00eds: 70,1 por cada 100.000 habitantes, casi el doble del promedio nacional (39,8). \u00abNo es solo un problema cl\u00ednico, es un problema de acceso y de oportunidad de atenci\u00f3n que var\u00eda fuertemente seg\u00fan d\u00f3nde vive la persona\u00bb, se\u00f1ala el informe.<\/p>\n\n\n\n<p>CIPS-UDD plantea adem\u00e1s una brecha de informaci\u00f3n relevante: si bien las cifras muestran que sobreviven m\u00e1s personas al infarto, hoy no se sabe con qu\u00e9 secuelas quedan. No existe informaci\u00f3n sistem\u00e1tica sobre cu\u00e1ntos desarrollan insuficiencia card\u00edaca u otras complicaciones, ni sobre la mortalidad en el mes posterior al alta hospitalaria. Sin ese dato, advierte el informe, la mejora en sobrevida inmediata es una buena noticia incompleta.<\/p>\n\n\n\n<p>\u00abEs una buena noticia que se mueran menos personas cuando llegan a tiempo a un hospital con un infarto, y eso hay que reconocerlo: la red asistencial ha mejorado mucho. Pero el mensaje m\u00e1s importante de este informe no es ese, es que tenemos m\u00e1s infartos cada a\u00f1o, y eso no se explica solo por el envejecimiento de la poblaci\u00f3n. Se explica porque tenemos una poblaci\u00f3n muy enferma y mal controlada. El desaf\u00edo real, y el que no estamos enfrentando, es la prevenci\u00f3n: detectar a tiempo la hipertensi\u00f3n y la diabetes, controlarlas de verdad, y no solo tratar el infarto cuando ya ocurri\u00f3\u00bb, afirm\u00f3 <strong>Paula Daza, directora ejecutiva de CIPS-UDD y exsubsecretaria de Salud P\u00fablica<\/strong>.<\/p>\n\n\n\n<p><a href=\"https:\/\/gobierno.udd.cl\/cips\/files\/2026\/08\/informe-cips-infarto-agudo-al-miocardio-en-chile-1.pdf\">Accese al informe completo aqu\u00ed. <\/a><\/p>\n","protected":false},"excerpt":{"rendered":"<p>El estudio, elaborado con datos del DEIS, muestra que los egresos hospitalarios por infarto agudo al miocardio (IAM) aumentaron 21% entre 2022 y 2025, mientras que las muertes por esta causa bajaron 1,6% en el mismo periodo. Para la directora ejecutiva de CIPS-UDD, Paula Daza, esa mejora es un logro de la medicina de urgencia, [&hellip;]<\/p>\n","protected":false},"author":9192240,"featured_media":4639,"comment_status":"closed","ping_status":"open","sticky":false,"template":"","format":"standard","meta":{"footnotes":""},"categories":[3],"tags":[],"class_list":["post-4638","post","type-post","status-publish","format-standard","has-post-thumbnail","hentry","category-noticias"],"yoast_head":"<!-- This site is optimized with the Yoast SEO plugin v26.9 - https:\/\/yoast.com\/product\/yoast-seo-wordpress\/ -->\n<title>Infartos aumentan en 21% en cuatro a\u00f1os - Centro de Pol\u00edticas P\u00fablicas e Innovaci\u00f3n en Salud<\/title>\n<meta name=\"robots\" content=\"index, follow, max-snippet:-1, max-image-preview:large, max-video-preview:-1\" \/>\n<link rel=\"canonical\" href=\"https:\/\/gobierno.udd.cl\/cips\/2026\/08\/31\/infartos-aumentan-en-21-en-cuatro-anos\/\" \/>\n<meta property=\"og:locale\" content=\"es_ES\" \/>\n<meta property=\"og:type\" content=\"article\" \/>\n<meta property=\"og:title\" content=\"Infartos aumentan en 21% en cuatro a\u00f1os - Centro de Pol\u00edticas P\u00fablicas e Innovaci\u00f3n en Salud\" \/>\n<meta property=\"og:description\" content=\"El estudio, elaborado con datos del DEIS, muestra que los egresos hospitalarios por infarto agudo al miocardio (IAM) aumentaron 21% entre 2022 y 2025, mientras que las muertes por esta causa bajaron 1,6% en el mismo periodo. Para la directora ejecutiva de CIPS-UDD, Paula Daza, esa mejora es un logro de la medicina de urgencia, [&hellip;]\" \/>\n<meta property=\"og:url\" content=\"https:\/\/gobierno.udd.cl\/cips\/2026\/08\/31\/infartos-aumentan-en-21-en-cuatro-anos\/\" \/>\n<meta property=\"og:site_name\" content=\"Centro de Pol\u00edticas P\u00fablicas e Innovaci\u00f3n en Salud\" \/>\n<meta property=\"article:publisher\" content=\"https:\/\/www.facebook.com\/CIPS.UDD\" \/>\n<meta property=\"article:published_time\" content=\"2026-08-31T14:22:41+00:00\" \/>\n<meta property=\"article:modified_time\" content=\"2026-08-31T14:22:42+00:00\" \/>\n<meta property=\"og:image\" content=\"https:\/\/gobierno.udd.cl\/cips\/files\/2026\/08\/doctor-tending-patient-scaled.jpg\" \/>\n\t<meta property=\"og:image:width\" content=\"2560\" \/>\n\t<meta property=\"og:image:height\" content=\"1709\" \/>\n\t<meta property=\"og:image:type\" content=\"image\/jpeg\" \/>\n<meta name=\"author\" content=\"claudiagodia\" \/>\n<meta name=\"twitter:card\" content=\"summary_large_image\" \/>\n<meta name=\"twitter:creator\" content=\"@CIPS_UDD\" \/>\n<meta name=\"twitter:site\" content=\"@CIPS_UDD\" \/>\n<meta name=\"twitter:label1\" content=\"Escrito por\" \/>\n\t<meta name=\"twitter:data1\" content=\"claudiagodia\" \/>\n\t<meta name=\"twitter:label2\" content=\"Tiempo de lectura\" \/>\n\t<meta name=\"twitter:data2\" content=\"3 minutos\" \/>\n<script type=\"application\/ld+json\" class=\"yoast-schema-graph\">{\"@context\":\"https:\/\/schema.org\",\"@graph\":[{\"@type\":\"Article\",\"@id\":\"https:\/\/gobierno.udd.cl\/cips\/2026\/08\/31\/infartos-aumentan-en-21-en-cuatro-anos\/#article\",\"isPartOf\":{\"@id\":\"https:\/\/gobierno.udd.cl\/cips\/2026\/08\/31\/infartos-aumentan-en-21-en-cuatro-anos\/\"},\"author\":{\"name\":\"claudiagodia\",\"@id\":\"https:\/\/gobierno.udd.cl\/cips\/#\/schema\/person\/a34b5db7e59307019967393aeeca7130\"},\"headline\":\"Infartos aumentan en 21% en cuatro a\u00f1os\",\"datePublished\":\"2026-08-31T14:22:41+00:00\",\"dateModified\":\"2026-08-31T14:22:42+00:00\",\"mainEntityOfPage\":{\"@id\":\"https:\/\/gobierno.udd.cl\/cips\/2026\/08\/31\/infartos-aumentan-en-21-en-cuatro-anos\/\"},\"wordCount\":596,\"image\":{\"@id\":\"https:\/\/gobierno.udd.cl\/cips\/2026\/08\/31\/infartos-aumentan-en-21-en-cuatro-anos\/#primaryimage\"},\"thumbnailUrl\":\"https:\/\/gobierno.udd.cl\/cips\/files\/2026\/08\/doctor-tending-patient-scaled.jpg\",\"articleSection\":[\"Noticias\"],\"inLanguage\":\"es\"},{\"@type\":\"WebPage\",\"@id\":\"https:\/\/gobierno.udd.cl\/cips\/2026\/08\/31\/infartos-aumentan-en-21-en-cuatro-anos\/\",\"url\":\"https:\/\/gobierno.udd.cl\/cips\/2026\/08\/31\/infartos-aumentan-en-21-en-cuatro-anos\/\",\"name\":\"Infartos aumentan en 21% en cuatro a\u00f1os - Centro de Pol\u00edticas P\u00fablicas e Innovaci\u00f3n en Salud\",\"isPartOf\":{\"@id\":\"https:\/\/gobierno.udd.cl\/cips\/#website\"},\"primaryImageOfPage\":{\"@id\":\"https:\/\/gobierno.udd.cl\/cips\/2026\/08\/31\/infartos-aumentan-en-21-en-cuatro-anos\/#primaryimage\"},\"image\":{\"@id\":\"https:\/\/gobierno.udd.cl\/cips\/2026\/08\/31\/infartos-aumentan-en-21-en-cuatro-anos\/#primaryimage\"},\"thumbnailUrl\":\"https:\/\/gobierno.udd.cl\/cips\/files\/2026\/08\/doctor-tending-patient-scaled.jpg\",\"datePublished\":\"2026-08-31T14:22:41+00:00\",\"dateModified\":\"2026-08-31T14:22:42+00:00\",\"author\":{\"@id\":\"https:\/\/gobierno.udd.cl\/cips\/#\/schema\/person\/a34b5db7e59307019967393aeeca7130\"},\"breadcrumb\":{\"@id\":\"https:\/\/gobierno.udd.cl\/cips\/2026\/08\/31\/infartos-aumentan-en-21-en-cuatro-anos\/#breadcrumb\"},\"inLanguage\":\"es\",\"potentialAction\":[{\"@type\":\"ReadAction\",\"target\":[\"https:\/\/gobierno.udd.cl\/cips\/2026\/08\/31\/infartos-aumentan-en-21-en-cuatro-anos\/\"]}]},{\"@type\":\"ImageObject\",\"inLanguage\":\"es\",\"@id\":\"https:\/\/gobierno.udd.cl\/cips\/2026\/08\/31\/infartos-aumentan-en-21-en-cuatro-anos\/#primaryimage\",\"url\":\"https:\/\/gobierno.udd.cl\/cips\/files\/2026\/08\/doctor-tending-patient-scaled.jpg\",\"contentUrl\":\"https:\/\/gobierno.udd.cl\/cips\/files\/2026\/08\/doctor-tending-patient-scaled.jpg\",\"width\":2560,\"height\":1709},{\"@type\":\"BreadcrumbList\",\"@id\":\"https:\/\/gobierno.udd.cl\/cips\/2026\/08\/31\/infartos-aumentan-en-21-en-cuatro-anos\/#breadcrumb\",\"itemListElement\":[{\"@type\":\"ListItem\",\"position\":1,\"name\":\"Portada\",\"item\":\"https:\/\/gobierno.udd.cl\/cips\/\"},{\"@type\":\"ListItem\",\"position\":2,\"name\":\"Infartos aumentan en 21% en cuatro a\u00f1os\"}]},{\"@type\":\"WebSite\",\"@id\":\"https:\/\/gobierno.udd.cl\/cips\/#website\",\"url\":\"https:\/\/gobierno.udd.cl\/cips\/\",\"name\":\"Centro de Pol\u00edticas P\u00fablicas e Innovaci\u00f3n en Salud\",\"description\":\"CIPS-UDD\",\"inLanguage\":\"es\"},{\"@type\":\"Person\",\"@id\":\"https:\/\/gobierno.udd.cl\/cips\/#\/schema\/person\/a34b5db7e59307019967393aeeca7130\",\"name\":\"claudiagodia\",\"image\":{\"@type\":\"ImageObject\",\"inLanguage\":\"es\",\"@id\":\"https:\/\/gobierno.udd.cl\/cips\/#\/schema\/person\/image\/\",\"url\":\"https:\/\/secure.gravatar.com\/avatar\/c7c585f20c9cd5b1fc8956abfd060f1af449288eb4e630466a5a53a84641a9ca?s=96&d=mm&r=g\",\"contentUrl\":\"https:\/\/secure.gravatar.com\/avatar\/c7c585f20c9cd5b1fc8956abfd060f1af449288eb4e630466a5a53a84641a9ca?s=96&d=mm&r=g\",\"caption\":\"claudiagodia\"},\"url\":\"https:\/\/gobierno.udd.cl\/cips\/author\/claudiagodia\/\"}]}<\/script>\n<!-- \/ Yoast SEO plugin. -->","yoast_head_json":{"title":"Infartos aumentan en 21% en cuatro a\u00f1os - Centro de Pol\u00edticas P\u00fablicas e Innovaci\u00f3n en Salud","robots":{"index":"index","follow":"follow","max-snippet":"max-snippet:-1","max-image-preview":"max-image-preview:large","max-video-preview":"max-video-preview:-1"},"canonical":"https:\/\/gobierno.udd.cl\/cips\/2026\/08\/31\/infartos-aumentan-en-21-en-cuatro-anos\/","og_locale":"es_ES","og_type":"article","og_title":"Infartos aumentan en 21% en cuatro a\u00f1os - Centro de Pol\u00edticas P\u00fablicas e Innovaci\u00f3n en Salud","og_description":"El estudio, elaborado con datos del DEIS, muestra que los egresos hospitalarios por infarto agudo al miocardio (IAM) aumentaron 21% entre 2022 y 2025, mientras que las muertes por esta causa bajaron 1,6% en el mismo periodo. Para la directora ejecutiva de CIPS-UDD, Paula Daza, esa mejora es un logro de la medicina de urgencia, [&hellip;]","og_url":"https:\/\/gobierno.udd.cl\/cips\/2026\/08\/31\/infartos-aumentan-en-21-en-cuatro-anos\/","og_site_name":"Centro de Pol\u00edticas P\u00fablicas e Innovaci\u00f3n en Salud","article_publisher":"https:\/\/www.facebook.com\/CIPS.UDD","article_published_time":"2026-08-31T14:22:41+00:00","article_modified_time":"2026-08-31T14:22:42+00:00","og_image":[{"width":2560,"height":1709,"url":"https:\/\/gobierno.udd.cl\/cips\/files\/2026\/08\/doctor-tending-patient-scaled.jpg","type":"image\/jpeg"}],"author":"claudiagodia","twitter_card":"summary_large_image","twitter_creator":"@CIPS_UDD","twitter_site":"@CIPS_UDD","twitter_misc":{"Escrito por":"claudiagodia","Tiempo de lectura":"3 minutos"},"schema":{"@context":"https:\/\/schema.org","@graph":[{"@type":"Article","@id":"https:\/\/gobierno.udd.cl\/cips\/2026\/08\/31\/infartos-aumentan-en-21-en-cuatro-anos\/#article","isPartOf":{"@id":"https:\/\/gobierno.udd.cl\/cips\/2026\/08\/31\/infartos-aumentan-en-21-en-cuatro-anos\/"},"author":{"name":"claudiagodia","@id":"https:\/\/gobierno.udd.cl\/cips\/#\/schema\/person\/a34b5db7e59307019967393aeeca7130"},"headline":"Infartos aumentan en 21% en cuatro a\u00f1os","datePublished":"2026-08-31T14:22:41+00:00","dateModified":"2026-08-31T14:22:42+00:00","mainEntityOfPage":{"@id":"https:\/\/gobierno.udd.cl\/cips\/2026\/08\/31\/infartos-aumentan-en-21-en-cuatro-anos\/"},"wordCount":596,"image":{"@id":"https:\/\/gobierno.udd.cl\/cips\/2026\/08\/31\/infartos-aumentan-en-21-en-cuatro-anos\/#primaryimage"},"thumbnailUrl":"https:\/\/gobierno.udd.cl\/cips\/files\/2026\/08\/doctor-tending-patient-scaled.jpg","articleSection":["Noticias"],"inLanguage":"es"},{"@type":"WebPage","@id":"https:\/\/gobierno.udd.cl\/cips\/2026\/08\/31\/infartos-aumentan-en-21-en-cuatro-anos\/","url":"https:\/\/gobierno.udd.cl\/cips\/2026\/08\/31\/infartos-aumentan-en-21-en-cuatro-anos\/","name":"Infartos aumentan en 21% en cuatro a\u00f1os - Centro de Pol\u00edticas P\u00fablicas e Innovaci\u00f3n en Salud","isPartOf":{"@id":"https:\/\/gobierno.udd.cl\/cips\/#website"},"primaryImageOfPage":{"@id":"https:\/\/gobierno.udd.cl\/cips\/2026\/08\/31\/infartos-aumentan-en-21-en-cuatro-anos\/#primaryimage"},"image":{"@id":"https:\/\/gobierno.udd.cl\/cips\/2026\/08\/31\/infartos-aumentan-en-21-en-cuatro-anos\/#primaryimage"},"thumbnailUrl":"https:\/\/gobierno.udd.cl\/cips\/files\/2026\/08\/doctor-tending-patient-scaled.jpg","datePublished":"2026-08-31T14:22:41+00:00","dateModified":"2026-08-31T14:22:42+00:00","author":{"@id":"https:\/\/gobierno.udd.cl\/cips\/#\/schema\/person\/a34b5db7e59307019967393aeeca7130"},"breadcrumb":{"@id":"https:\/\/gobierno.udd.cl\/cips\/2026\/08\/31\/infartos-aumentan-en-21-en-cuatro-anos\/#breadcrumb"},"inLanguage":"es","potentialAction":[{"@type":"ReadAction","target":["https:\/\/gobierno.udd.cl\/cips\/2026\/08\/31\/infartos-aumentan-en-21-en-cuatro-anos\/"]}]},{"@type":"ImageObject","inLanguage":"es","@id":"https:\/\/gobierno.udd.cl\/cips\/2026\/08\/31\/infartos-aumentan-en-21-en-cuatro-anos\/#primaryimage","url":"https:\/\/gobierno.udd.cl\/cips\/files\/2026\/08\/doctor-tending-patient-scaled.jpg","contentUrl":"https:\/\/gobierno.udd.cl\/cips\/files\/2026\/08\/doctor-tending-patient-scaled.jpg","width":2560,"height":1709},{"@type":"BreadcrumbList","@id":"https:\/\/gobierno.udd.cl\/cips\/2026\/08\/31\/infartos-aumentan-en-21-en-cuatro-anos\/#breadcrumb","itemListElement":[{"@type":"ListItem","position":1,"name":"Portada","item":"https:\/\/gobierno.udd.cl\/cips\/"},{"@type":"ListItem","position":2,"name":"Infartos aumentan en 21% en cuatro a\u00f1os"}]},{"@type":"WebSite","@id":"https:\/\/gobierno.udd.cl\/cips\/#website","url":"https:\/\/gobierno.udd.cl\/cips\/","name":"Centro de Pol\u00edticas P\u00fablicas e Innovaci\u00f3n en Salud","description":"CIPS-UDD","inLanguage":"es"},{"@type":"Person","@id":"https:\/\/gobierno.udd.cl\/cips\/#\/schema\/person\/a34b5db7e59307019967393aeeca7130","name":"claudiagodia","image":{"@type":"ImageObject","inLanguage":"es","@id":"https:\/\/gobierno.udd.cl\/cips\/#\/schema\/person\/image\/","url":"https:\/\/secure.gravatar.com\/avatar\/c7c585f20c9cd5b1fc8956abfd060f1af449288eb4e630466a5a53a84641a9ca?s=96&d=mm&r=g","contentUrl":"https:\/\/secure.gravatar.com\/avatar\/c7c585f20c9cd5b1fc8956abfd060f1af449288eb4e630466a5a53a84641a9ca?s=96&d=mm&r=g","caption":"claudiagodia"},"url":"https:\/\/gobierno.udd.cl\/cips\/author\/claudiagodia\/"}]}},"featured_image_url":"https:\/\/gobierno.udd.cl\/cips\/files\/2026\/08\/doctor-tending-patient-scaled.jpg","_links":{"self":[{"href":"https:\/\/gobierno.udd.cl\/cips\/wp-json\/wp\/v2\/posts\/4638","targetHints":{"allow":["GET"]}}],"collection":[{"href":"https:\/\/gobierno.udd.cl\/cips\/wp-json\/wp\/v2\/posts"}],"about":[{"href":"https:\/\/gobierno.udd.cl\/cips\/wp-json\/wp\/v2\/types\/post"}],"author":[{"embeddable":true,"href":"https:\/\/gobierno.udd.cl\/cips\/wp-json\/wp\/v2\/users\/9192240"}],"replies":[{"embeddable":true,"href":"https:\/\/gobierno.udd.cl\/cips\/wp-json\/wp\/v2\/comments?post=4638"}],"version-history":[{"count":1,"href":"https:\/\/gobierno.udd.cl\/cips\/wp-json\/wp\/v2\/posts\/4638\/revisions"}],"predecessor-version":[{"id":4642,"href":"https:\/\/gobierno.udd.cl\/cips\/wp-json\/wp\/v2\/posts\/4638\/revisions\/4642"}],"wp:featuredmedia":[{"embeddable":true,"href":"https:\/\/gobierno.udd.cl\/cips\/wp-json\/wp\/v2\/media\/4639"}],"wp:attachment":[{"href":"https:\/\/gobierno.udd.cl\/cips\/wp-json\/wp\/v2\/media?parent=4638"}],"wp:term":[{"taxonomy":"category","embeddable":true,"href":"https:\/\/gobierno.udd.cl\/cips\/wp-json\/wp\/v2\/categories?post=4638"},{"taxonomy":"post_tag","embeddable":true,"href":"https:\/\/gobierno.udd.cl\/cips\/wp-json\/wp\/v2\/tags?post=4638"}],"curies":[{"name":"wp","href":"https:\/\/api.w.org\/{rel}","templated":true}]}}