{"id":4635,"date":"2026-08-31T10:15:16","date_gmt":"2026-08-31T14:15:16","guid":{"rendered":"https:\/\/gobierno.udd.cl\/cips\/?p=4635"},"modified":"2026-08-31T10:15:16","modified_gmt":"2026-08-31T14:15:16","slug":"la-tercera-paula-daza-comenta-informe-de-cips-sobre-enfermedades-cardiovasculares","status":"publish","type":"post","link":"https:\/\/gobierno.udd.cl\/cips\/2026\/08\/31\/la-tercera-paula-daza-comenta-informe-de-cips-sobre-enfermedades-cardiovasculares\/","title":{"rendered":"La Tercera | Paula Daza comenta informe de CIPS sobre enfermedades cardiovasculares"},"content":{"rendered":"\n<p>En agosto se conmemora, a nivel mundial, el mes del coraz\u00f3n para concientizar sobre la prevenci\u00f3n de enfermedades cardiovasculares, las cuales son la principal causa de muerte en Chile y que pueden derivar en eventos importantes, como un infarto.<\/p>\n\n\n\n<p>De hecho, de acuerdo a un informe realizado por el Centro de Pol\u00edticas P\u00fablicas e Innovaci\u00f3n en Salud (CIPS) de la&nbsp;Universidad del Desarrollo, elaborado con cifras del Departamento de Estad\u00edsticas e Informaci\u00f3n de Salud, las hospitalizaciones por infarto agudo del miocardio (IAM) han ido al alza.<\/p>\n\n\n\n<p>Mientras en 2022 se registraron 16.176 hospitalizaciones, en 2023 la cifra subi\u00f3 a 17.484, alcanzando 18.292 en 2024 y 19.500 en 2025. En total, esto representa un aumento de 3.324 hospitalizaciones en cuatro a\u00f1os, equivalente a un alza del 20,5%.<\/p>\n\n\n\n<p>La directora ejecutiva del CIPS UDD y exsubsecretaria de Salud P\u00fablica en Pi\u00f1era II, Paula Daza, afirma que una de las razones que explica este aumento es el envejecimiento de la poblaci\u00f3n. \u00abPero esa misma poblaci\u00f3n envejecida est\u00e1 m\u00e1s enferma. Tenemos m\u00e1s hipertensi\u00f3n, m\u00e1s diabetes, m\u00e1s obesidad, sedentarismo, tabaco, que son factores de riesgo que no hemos logrado corregir para que se produzcan menos infartos\u00bb, agrega la especialista.<\/p>\n\n\n\n<p>Con todo, las muertes han disminuido. En 2022 se registraron 7.472 muertes, cifra que disminuy\u00f3 a 7.136 en 2023. En 2024, las defunciones volvieron a aumentar hasta 7.503,  para luego bajar a 7.353 en 2025. As\u00ed, entre 2022 y 2025 se observa una disminuci\u00f3n de 119 muertes, equivalente a un 1,6%.<\/p>\n\n\n\n<p>\u00abChile ha mejorado en tratar el infarto, pero no en evitar que ocurra. Cada a\u00f1o hospitalizamos a m\u00e1s personas por infarto al miocardio, pero hemos logrado que menos de ellas mueran una vez que llegan al hospital. Es importante decir que este logro est\u00e1 diciendo que la medicina de urgencia, la atenci\u00f3n asistencial, los est\u00e1n haciendo bien, pero tambi\u00e9n estamos llegando tarde\u00bb, agrega Daza.<\/p>\n\n\n\n<figure class=\"wp-block-image size-full\"><img loading=\"lazy\" decoding=\"async\" width=\"1725\" height=\"2385\" src=\"https:\/\/gobierno.udd.cl\/cips\/files\/2026\/08\/2026-08-31_16_v1_1725_2385_d2d0d2.jpg\" alt=\"\" class=\"wp-image-4636\" srcset=\"https:\/\/gobierno.udd.cl\/cips\/files\/2026\/08\/2026-08-31_16_v1_1725_2385_d2d0d2.jpg 1725w, https:\/\/gobierno.udd.cl\/cips\/files\/2026\/08\/2026-08-31_16_v1_1725_2385_d2d0d2-217x300.jpg 217w, https:\/\/gobierno.udd.cl\/cips\/files\/2026\/08\/2026-08-31_16_v1_1725_2385_d2d0d2-741x1024.jpg 741w, https:\/\/gobierno.udd.cl\/cips\/files\/2026\/08\/2026-08-31_16_v1_1725_2385_d2d0d2-768x1062.jpg 768w, https:\/\/gobierno.udd.cl\/cips\/files\/2026\/08\/2026-08-31_16_v1_1725_2385_d2d0d2-1111x1536.jpg 1111w, https:\/\/gobierno.udd.cl\/cips\/files\/2026\/08\/2026-08-31_16_v1_1725_2385_d2d0d2-1481x2048.jpg 1481w\" sizes=\"auto, (max-width: 1725px) 100vw, 1725px\" \/><\/figure>\n","protected":false},"excerpt":{"rendered":"<p>En agosto se conmemora, a nivel mundial, el mes del coraz\u00f3n para concientizar sobre la prevenci\u00f3n de enfermedades cardiovasculares, las cuales son la principal causa de muerte en Chile y que pueden derivar en eventos importantes, como un infarto. De hecho, de acuerdo a un informe realizado por el Centro de Pol\u00edticas P\u00fablicas e Innovaci\u00f3n [&hellip;]<\/p>\n","protected":false},"author":9192240,"featured_media":4188,"comment_status":"closed","ping_status":"open","sticky":false,"template":"","format":"standard","meta":{"footnotes":""},"categories":[4],"tags":[],"class_list":["post-4635","post","type-post","status-publish","format-standard","has-post-thumbnail","hentry","category-cips-en-la-prensa"],"yoast_head":"<!-- This site is optimized with the Yoast SEO plugin v26.9 - https:\/\/yoast.com\/product\/yoast-seo-wordpress\/ -->\n<title>La Tercera | Paula Daza comenta informe de CIPS sobre enfermedades cardiovasculares - Centro de Pol\u00edticas P\u00fablicas e Innovaci\u00f3n en Salud<\/title>\n<meta name=\"robots\" content=\"index, follow, max-snippet:-1, max-image-preview:large, max-video-preview:-1\" \/>\n<link rel=\"canonical\" href=\"https:\/\/gobierno.udd.cl\/cips\/2026\/08\/31\/la-tercera-paula-daza-comenta-informe-de-cips-sobre-enfermedades-cardiovasculares\/\" \/>\n<meta property=\"og:locale\" content=\"es_ES\" \/>\n<meta property=\"og:type\" content=\"article\" \/>\n<meta property=\"og:title\" content=\"La Tercera | Paula Daza comenta informe de CIPS sobre enfermedades cardiovasculares - Centro de Pol\u00edticas P\u00fablicas e Innovaci\u00f3n en Salud\" \/>\n<meta property=\"og:description\" content=\"En agosto se conmemora, a nivel mundial, el mes del coraz\u00f3n para concientizar sobre la prevenci\u00f3n de enfermedades cardiovasculares, las cuales son la principal causa de muerte en Chile y que pueden derivar en eventos importantes, como un infarto. De hecho, de acuerdo a un informe realizado por el Centro de Pol\u00edticas P\u00fablicas e Innovaci\u00f3n [&hellip;]\" \/>\n<meta property=\"og:url\" content=\"https:\/\/gobierno.udd.cl\/cips\/2026\/08\/31\/la-tercera-paula-daza-comenta-informe-de-cips-sobre-enfermedades-cardiovasculares\/\" \/>\n<meta property=\"og:site_name\" content=\"Centro de Pol\u00edticas P\u00fablicas e Innovaci\u00f3n en Salud\" \/>\n<meta property=\"article:publisher\" content=\"https:\/\/www.facebook.com\/CIPS.UDD\" \/>\n<meta property=\"article:published_time\" content=\"2026-08-31T14:15:16+00:00\" \/>\n<meta property=\"og:image\" content=\"https:\/\/gobierno.udd.cl\/cips\/files\/2026\/01\/pd_cipsprensa3.png\" \/>\n\t<meta property=\"og:image:width\" content=\"370\" \/>\n\t<meta property=\"og:image:height\" content=\"178\" \/>\n\t<meta property=\"og:image:type\" content=\"image\/png\" \/>\n<meta name=\"author\" content=\"claudiagodia\" \/>\n<meta name=\"twitter:card\" content=\"summary_large_image\" \/>\n<meta name=\"twitter:creator\" content=\"@CIPS_UDD\" \/>\n<meta name=\"twitter:site\" content=\"@CIPS_UDD\" \/>\n<meta name=\"twitter:label1\" content=\"Escrito por\" \/>\n\t<meta name=\"twitter:data1\" content=\"claudiagodia\" \/>\n\t<meta name=\"twitter:label2\" content=\"Tiempo de lectura\" \/>\n\t<meta name=\"twitter:data2\" content=\"2 minutos\" \/>\n<script type=\"application\/ld+json\" class=\"yoast-schema-graph\">{\"@context\":\"https:\/\/schema.org\",\"@graph\":[{\"@type\":\"Article\",\"@id\":\"https:\/\/gobierno.udd.cl\/cips\/2026\/08\/31\/la-tercera-paula-daza-comenta-informe-de-cips-sobre-enfermedades-cardiovasculares\/#article\",\"isPartOf\":{\"@id\":\"https:\/\/gobierno.udd.cl\/cips\/2026\/08\/31\/la-tercera-paula-daza-comenta-informe-de-cips-sobre-enfermedades-cardiovasculares\/\"},\"author\":{\"name\":\"claudiagodia\",\"@id\":\"https:\/\/gobierno.udd.cl\/cips\/#\/schema\/person\/a34b5db7e59307019967393aeeca7130\"},\"headline\":\"La Tercera | Paula Daza comenta informe de CIPS sobre enfermedades cardiovasculares\",\"datePublished\":\"2026-08-31T14:15:16+00:00\",\"mainEntityOfPage\":{\"@id\":\"https:\/\/gobierno.udd.cl\/cips\/2026\/08\/31\/la-tercera-paula-daza-comenta-informe-de-cips-sobre-enfermedades-cardiovasculares\/\"},\"wordCount\":322,\"image\":{\"@id\":\"https:\/\/gobierno.udd.cl\/cips\/2026\/08\/31\/la-tercera-paula-daza-comenta-informe-de-cips-sobre-enfermedades-cardiovasculares\/#primaryimage\"},\"thumbnailUrl\":\"https:\/\/gobierno.udd.cl\/cips\/files\/2026\/01\/pd_cipsprensa3.png\",\"articleSection\":[\"CIPS en la prensa\"],\"inLanguage\":\"es\"},{\"@type\":\"WebPage\",\"@id\":\"https:\/\/gobierno.udd.cl\/cips\/2026\/08\/31\/la-tercera-paula-daza-comenta-informe-de-cips-sobre-enfermedades-cardiovasculares\/\",\"url\":\"https:\/\/gobierno.udd.cl\/cips\/2026\/08\/31\/la-tercera-paula-daza-comenta-informe-de-cips-sobre-enfermedades-cardiovasculares\/\",\"name\":\"La Tercera | Paula Daza comenta informe de CIPS sobre enfermedades cardiovasculares - Centro de Pol\u00edticas P\u00fablicas e Innovaci\u00f3n en Salud\",\"isPartOf\":{\"@id\":\"https:\/\/gobierno.udd.cl\/cips\/#website\"},\"primaryImageOfPage\":{\"@id\":\"https:\/\/gobierno.udd.cl\/cips\/2026\/08\/31\/la-tercera-paula-daza-comenta-informe-de-cips-sobre-enfermedades-cardiovasculares\/#primaryimage\"},\"image\":{\"@id\":\"https:\/\/gobierno.udd.cl\/cips\/2026\/08\/31\/la-tercera-paula-daza-comenta-informe-de-cips-sobre-enfermedades-cardiovasculares\/#primaryimage\"},\"thumbnailUrl\":\"https:\/\/gobierno.udd.cl\/cips\/files\/2026\/01\/pd_cipsprensa3.png\",\"datePublished\":\"2026-08-31T14:15:16+00:00\",\"author\":{\"@id\":\"https:\/\/gobierno.udd.cl\/cips\/#\/schema\/person\/a34b5db7e59307019967393aeeca7130\"},\"breadcrumb\":{\"@id\":\"https:\/\/gobierno.udd.cl\/cips\/2026\/08\/31\/la-tercera-paula-daza-comenta-informe-de-cips-sobre-enfermedades-cardiovasculares\/#breadcrumb\"},\"inLanguage\":\"es\",\"potentialAction\":[{\"@type\":\"ReadAction\",\"target\":[\"https:\/\/gobierno.udd.cl\/cips\/2026\/08\/31\/la-tercera-paula-daza-comenta-informe-de-cips-sobre-enfermedades-cardiovasculares\/\"]}]},{\"@type\":\"ImageObject\",\"inLanguage\":\"es\",\"@id\":\"https:\/\/gobierno.udd.cl\/cips\/2026\/08\/31\/la-tercera-paula-daza-comenta-informe-de-cips-sobre-enfermedades-cardiovasculares\/#primaryimage\",\"url\":\"https:\/\/gobierno.udd.cl\/cips\/files\/2026\/01\/pd_cipsprensa3.png\",\"contentUrl\":\"https:\/\/gobierno.udd.cl\/cips\/files\/2026\/01\/pd_cipsprensa3.png\",\"width\":370,\"height\":178},{\"@type\":\"BreadcrumbList\",\"@id\":\"https:\/\/gobierno.udd.cl\/cips\/2026\/08\/31\/la-tercera-paula-daza-comenta-informe-de-cips-sobre-enfermedades-cardiovasculares\/#breadcrumb\",\"itemListElement\":[{\"@type\":\"ListItem\",\"position\":1,\"name\":\"Portada\",\"item\":\"https:\/\/gobierno.udd.cl\/cips\/\"},{\"@type\":\"ListItem\",\"position\":2,\"name\":\"La Tercera | Paula Daza comenta informe de CIPS sobre enfermedades cardiovasculares\"}]},{\"@type\":\"WebSite\",\"@id\":\"https:\/\/gobierno.udd.cl\/cips\/#website\",\"url\":\"https:\/\/gobierno.udd.cl\/cips\/\",\"name\":\"Centro de Pol\u00edticas P\u00fablicas e Innovaci\u00f3n en Salud\",\"description\":\"CIPS-UDD\",\"inLanguage\":\"es\"},{\"@type\":\"Person\",\"@id\":\"https:\/\/gobierno.udd.cl\/cips\/#\/schema\/person\/a34b5db7e59307019967393aeeca7130\",\"name\":\"claudiagodia\",\"image\":{\"@type\":\"ImageObject\",\"inLanguage\":\"es\",\"@id\":\"https:\/\/gobierno.udd.cl\/cips\/#\/schema\/person\/image\/\",\"url\":\"https:\/\/secure.gravatar.com\/avatar\/c7c585f20c9cd5b1fc8956abfd060f1af449288eb4e630466a5a53a84641a9ca?s=96&d=mm&r=g\",\"contentUrl\":\"https:\/\/secure.gravatar.com\/avatar\/c7c585f20c9cd5b1fc8956abfd060f1af449288eb4e630466a5a53a84641a9ca?s=96&d=mm&r=g\",\"caption\":\"claudiagodia\"},\"url\":\"https:\/\/gobierno.udd.cl\/cips\/author\/claudiagodia\/\"}]}<\/script>\n<!-- \/ Yoast SEO plugin. -->","yoast_head_json":{"title":"La Tercera | Paula Daza comenta informe de CIPS sobre enfermedades cardiovasculares - Centro de Pol\u00edticas P\u00fablicas e Innovaci\u00f3n en Salud","robots":{"index":"index","follow":"follow","max-snippet":"max-snippet:-1","max-image-preview":"max-image-preview:large","max-video-preview":"max-video-preview:-1"},"canonical":"https:\/\/gobierno.udd.cl\/cips\/2026\/08\/31\/la-tercera-paula-daza-comenta-informe-de-cips-sobre-enfermedades-cardiovasculares\/","og_locale":"es_ES","og_type":"article","og_title":"La Tercera | Paula Daza comenta informe de CIPS sobre enfermedades cardiovasculares - Centro de Pol\u00edticas P\u00fablicas e Innovaci\u00f3n en Salud","og_description":"En agosto se conmemora, a nivel mundial, el mes del coraz\u00f3n para concientizar sobre la prevenci\u00f3n de enfermedades cardiovasculares, las cuales son la principal causa de muerte en Chile y que pueden derivar en eventos importantes, como un infarto. De hecho, de acuerdo a un informe realizado por el Centro de Pol\u00edticas P\u00fablicas e Innovaci\u00f3n [&hellip;]","og_url":"https:\/\/gobierno.udd.cl\/cips\/2026\/08\/31\/la-tercera-paula-daza-comenta-informe-de-cips-sobre-enfermedades-cardiovasculares\/","og_site_name":"Centro de Pol\u00edticas P\u00fablicas e Innovaci\u00f3n en Salud","article_publisher":"https:\/\/www.facebook.com\/CIPS.UDD","article_published_time":"2026-08-31T14:15:16+00:00","og_image":[{"width":370,"height":178,"url":"https:\/\/gobierno.udd.cl\/cips\/files\/2026\/01\/pd_cipsprensa3.png","type":"image\/png"}],"author":"claudiagodia","twitter_card":"summary_large_image","twitter_creator":"@CIPS_UDD","twitter_site":"@CIPS_UDD","twitter_misc":{"Escrito por":"claudiagodia","Tiempo de lectura":"2 minutos"},"schema":{"@context":"https:\/\/schema.org","@graph":[{"@type":"Article","@id":"https:\/\/gobierno.udd.cl\/cips\/2026\/08\/31\/la-tercera-paula-daza-comenta-informe-de-cips-sobre-enfermedades-cardiovasculares\/#article","isPartOf":{"@id":"https:\/\/gobierno.udd.cl\/cips\/2026\/08\/31\/la-tercera-paula-daza-comenta-informe-de-cips-sobre-enfermedades-cardiovasculares\/"},"author":{"name":"claudiagodia","@id":"https:\/\/gobierno.udd.cl\/cips\/#\/schema\/person\/a34b5db7e59307019967393aeeca7130"},"headline":"La Tercera | Paula Daza comenta informe de CIPS sobre enfermedades cardiovasculares","datePublished":"2026-08-31T14:15:16+00:00","mainEntityOfPage":{"@id":"https:\/\/gobierno.udd.cl\/cips\/2026\/08\/31\/la-tercera-paula-daza-comenta-informe-de-cips-sobre-enfermedades-cardiovasculares\/"},"wordCount":322,"image":{"@id":"https:\/\/gobierno.udd.cl\/cips\/2026\/08\/31\/la-tercera-paula-daza-comenta-informe-de-cips-sobre-enfermedades-cardiovasculares\/#primaryimage"},"thumbnailUrl":"https:\/\/gobierno.udd.cl\/cips\/files\/2026\/01\/pd_cipsprensa3.png","articleSection":["CIPS en la prensa"],"inLanguage":"es"},{"@type":"WebPage","@id":"https:\/\/gobierno.udd.cl\/cips\/2026\/08\/31\/la-tercera-paula-daza-comenta-informe-de-cips-sobre-enfermedades-cardiovasculares\/","url":"https:\/\/gobierno.udd.cl\/cips\/2026\/08\/31\/la-tercera-paula-daza-comenta-informe-de-cips-sobre-enfermedades-cardiovasculares\/","name":"La Tercera | Paula Daza comenta informe de CIPS sobre enfermedades cardiovasculares - Centro de Pol\u00edticas P\u00fablicas e Innovaci\u00f3n en Salud","isPartOf":{"@id":"https:\/\/gobierno.udd.cl\/cips\/#website"},"primaryImageOfPage":{"@id":"https:\/\/gobierno.udd.cl\/cips\/2026\/08\/31\/la-tercera-paula-daza-comenta-informe-de-cips-sobre-enfermedades-cardiovasculares\/#primaryimage"},"image":{"@id":"https:\/\/gobierno.udd.cl\/cips\/2026\/08\/31\/la-tercera-paula-daza-comenta-informe-de-cips-sobre-enfermedades-cardiovasculares\/#primaryimage"},"thumbnailUrl":"https:\/\/gobierno.udd.cl\/cips\/files\/2026\/01\/pd_cipsprensa3.png","datePublished":"2026-08-31T14:15:16+00:00","author":{"@id":"https:\/\/gobierno.udd.cl\/cips\/#\/schema\/person\/a34b5db7e59307019967393aeeca7130"},"breadcrumb":{"@id":"https:\/\/gobierno.udd.cl\/cips\/2026\/08\/31\/la-tercera-paula-daza-comenta-informe-de-cips-sobre-enfermedades-cardiovasculares\/#breadcrumb"},"inLanguage":"es","potentialAction":[{"@type":"ReadAction","target":["https:\/\/gobierno.udd.cl\/cips\/2026\/08\/31\/la-tercera-paula-daza-comenta-informe-de-cips-sobre-enfermedades-cardiovasculares\/"]}]},{"@type":"ImageObject","inLanguage":"es","@id":"https:\/\/gobierno.udd.cl\/cips\/2026\/08\/31\/la-tercera-paula-daza-comenta-informe-de-cips-sobre-enfermedades-cardiovasculares\/#primaryimage","url":"https:\/\/gobierno.udd.cl\/cips\/files\/2026\/01\/pd_cipsprensa3.png","contentUrl":"https:\/\/gobierno.udd.cl\/cips\/files\/2026\/01\/pd_cipsprensa3.png","width":370,"height":178},{"@type":"BreadcrumbList","@id":"https:\/\/gobierno.udd.cl\/cips\/2026\/08\/31\/la-tercera-paula-daza-comenta-informe-de-cips-sobre-enfermedades-cardiovasculares\/#breadcrumb","itemListElement":[{"@type":"ListItem","position":1,"name":"Portada","item":"https:\/\/gobierno.udd.cl\/cips\/"},{"@type":"ListItem","position":2,"name":"La Tercera | Paula Daza comenta informe de CIPS sobre enfermedades cardiovasculares"}]},{"@type":"WebSite","@id":"https:\/\/gobierno.udd.cl\/cips\/#website","url":"https:\/\/gobierno.udd.cl\/cips\/","name":"Centro de Pol\u00edticas P\u00fablicas e Innovaci\u00f3n en Salud","description":"CIPS-UDD","inLanguage":"es"},{"@type":"Person","@id":"https:\/\/gobierno.udd.cl\/cips\/#\/schema\/person\/a34b5db7e59307019967393aeeca7130","name":"claudiagodia","image":{"@type":"ImageObject","inLanguage":"es","@id":"https:\/\/gobierno.udd.cl\/cips\/#\/schema\/person\/image\/","url":"https:\/\/secure.gravatar.com\/avatar\/c7c585f20c9cd5b1fc8956abfd060f1af449288eb4e630466a5a53a84641a9ca?s=96&d=mm&r=g","contentUrl":"https:\/\/secure.gravatar.com\/avatar\/c7c585f20c9cd5b1fc8956abfd060f1af449288eb4e630466a5a53a84641a9ca?s=96&d=mm&r=g","caption":"claudiagodia"},"url":"https:\/\/gobierno.udd.cl\/cips\/author\/claudiagodia\/"}]}},"featured_image_url":"https:\/\/gobierno.udd.cl\/cips\/files\/2026\/01\/pd_cipsprensa3.png","_links":{"self":[{"href":"https:\/\/gobierno.udd.cl\/cips\/wp-json\/wp\/v2\/posts\/4635","targetHints":{"allow":["GET"]}}],"collection":[{"href":"https:\/\/gobierno.udd.cl\/cips\/wp-json\/wp\/v2\/posts"}],"about":[{"href":"https:\/\/gobierno.udd.cl\/cips\/wp-json\/wp\/v2\/types\/post"}],"author":[{"embeddable":true,"href":"https:\/\/gobierno.udd.cl\/cips\/wp-json\/wp\/v2\/users\/9192240"}],"replies":[{"embeddable":true,"href":"https:\/\/gobierno.udd.cl\/cips\/wp-json\/wp\/v2\/comments?post=4635"}],"version-history":[{"count":1,"href":"https:\/\/gobierno.udd.cl\/cips\/wp-json\/wp\/v2\/posts\/4635\/revisions"}],"predecessor-version":[{"id":4637,"href":"https:\/\/gobierno.udd.cl\/cips\/wp-json\/wp\/v2\/posts\/4635\/revisions\/4637"}],"wp:featuredmedia":[{"embeddable":true,"href":"https:\/\/gobierno.udd.cl\/cips\/wp-json\/wp\/v2\/media\/4188"}],"wp:attachment":[{"href":"https:\/\/gobierno.udd.cl\/cips\/wp-json\/wp\/v2\/media?parent=4635"}],"wp:term":[{"taxonomy":"category","embeddable":true,"href":"https:\/\/gobierno.udd.cl\/cips\/wp-json\/wp\/v2\/categories?post=4635"},{"taxonomy":"post_tag","embeddable":true,"href":"https:\/\/gobierno.udd.cl\/cips\/wp-json\/wp\/v2\/tags?post=4635"}],"curies":[{"name":"wp","href":"https:\/\/api.w.org\/{rel}","templated":true}]}}