{"id":4380,"date":"2026-04-29T14:14:20","date_gmt":"2026-04-29T18:14:20","guid":{"rendered":"https:\/\/gobierno.udd.cl\/cips\/?p=4380"},"modified":"2026-04-30T14:25:51","modified_gmt":"2026-04-30T18:25:51","slug":"chile-ocupa-el-tercer-lugar-mundial-en-mortalidad-por-enfermedades-pulmonares-intersticiales-y-casi-27-000-personas-viven-sin-cobertura-de-tratamiento-ni-registro-nacional","status":"publish","type":"post","link":"https:\/\/gobierno.udd.cl\/cips\/2026\/04\/29\/chile-ocupa-el-tercer-lugar-mundial-en-mortalidad-por-enfermedades-pulmonares-intersticiales-y-casi-27-000-personas-viven-sin-cobertura-de-tratamiento-ni-registro-nacional\/","title":{"rendered":"Chile ocupa el tercer lugar mundial en mortalidad por enfermedades pulmonares intersticiales y casi 27.000 personas viven sin cobertura de tratamiento ni registro nacional"},"content":{"rendered":"\n<p><em>El seminario \u00abEnfermedades Pulmonares Progresivas: El Desaf\u00edo de Visibilizar una Crisis Silenciosa\u00bb, organizado por CIPS UDD, reuni\u00f3 a autoridades de salud y especialistas para poner cifras a una crisis ignorada y trazar una hoja de ruta concreta: crear un registro nacional de enfermos, protocolizar el diagn\u00f3stico desde la atenci\u00f3n primaria con telerradiolog\u00eda y equipos multidisciplinares regionales, incluir los tratamientos antifibr\u00f3ticos en la Ley Ricarte Soto e incorporar rehabilitaci\u00f3n pulmonar, oxigenoterapia y cuidados paliativos desde etapas tempranas.<\/em><\/p>\n\n\n\n<p>En Chile mueren casi ocho personas al d\u00eda por enfermedades pulmonares intersticiales (EPI) progresivas. Son 2.770 muertes al a\u00f1o, seg\u00fan el primer modelo de carga sanitaria desarrollado en el pa\u00eds, que estima adem\u00e1s 26.774 personas viviendo con la enfermedad y 4.600 nuevos diagn\u00f3sticos anuales. La incidencia y prevalencia se han triplicado en dos d\u00e9cadas y seguir\u00e1n en alza al menos hasta 2035.<\/p>\n\n\n\n<p>\u201cSe calculaba que en Chile hab\u00eda alrededor de 10.000 a 20.000 personas viviendo con enfermedades pulmonares progresivas. Sin embargo, hoy se calcula de acuerdo a las estimaciones, m\u00e1s de 26.000 personas. La situaci\u00f3n desde el punto de vista de salud p\u00fablica es cr\u00edtica, grave y probablemente va a seguir aumentando\u201d, explic\u00f3 la <strong>Dra. Paula Daza<\/strong>, Directora Ejecutiva de CIPS UDD.<\/p>\n\n\n\n<p>La posici\u00f3n de Chile en el contexto global es preocupante. Seg\u00fan los registros de mortalidad de la OMS, nuestro pa\u00eds ocupa el tercer lugar mundial en mortalidad por EPI, solo por detr\u00e1s de Per\u00fa y Jap\u00f3n. Bajo la clasificaci\u00f3n del Global Burden of Disease, Chile aparece cuarto en tasa de mortalidad, quinto en prevalencia y cuarto en AVISA perdidos entre los pa\u00edses comparados. Latinoam\u00e9rica Andina registra adem\u00e1s la mayor tasa de incidencia estandarizada por edad del mundo, cuadruplicando la de Europa Occidental.<\/p>\n\n\n\n<p>\u201cCuando miramos los datos en el contexto internacional y vemos la mortalidad por 100.000 habitantes, claramente los pa\u00edses latinoamericanos lideran en relaci\u00f3n a los pa\u00edses europeos. Son datos que no se correlacionan con la situaci\u00f3n sanitaria de otros indicadores epidemiol\u00f3gicos que tenemos. Por lo tanto, aqu\u00ed hay un problema de salud p\u00fablica\u201d, especific\u00f3 la exsubsecretaria.<\/p>\n\n\n<section class=\"wp-block-udd-gallery-carousel wp-carousel-gallery\">\n\t<div class=\"container\">\n\t\t<div\n\t\t\tclass=\"slick-carousel gallery-slick-carousel gallery-carousel--1\"\n\t\t\tdata-slick='{&quot;slidesToScroll&quot;:1,&quot;slidesToShow&quot;:1,&quot;appendDots&quot;:&quot;#dots-69f43ae630cee&quot;,&quot;prevArrow&quot;:&quot;&lt;button type=\\&quot;button\\&quot; class=\\&quot;btn btn-primary slick-prev\\&quot;&gt;&lt;svg class=\\&quot;svg-chevron-left-dims\\&quot;&gt;&lt;use xlink:href=&#039;https:\\\/\\\/gobierno.udd.cl\\\/cips\\\/wp-content\\\/themes\\\/facultades-2018\\\/assets\\\/img\\\/svg\\\/dist\\\/main.svg?version=1695853099#chevron-left&#039;&gt;&lt;\\\/use&gt;&lt;\\\/svg&gt;&lt;span class=\\&quot;sr-only\\&quot;&gt;Anterior&lt;\\\/span&gt;&lt;\\\/button&gt;&quot;,&quot;nextArrow&quot;:&quot;&lt;button type=\\&quot;button\\&quot; class=\\&quot;btn btn-primary slick-next\\&quot;&gt;&lt;svg class=\\&quot;svg-chevron-right-dims\\&quot;&gt;&lt;use xlink:href=&#039;https:\\\/\\\/gobierno.udd.cl\\\/cips\\\/wp-content\\\/themes\\\/facultades-2018\\\/assets\\\/img\\\/svg\\\/dist\\\/main.svg?version=1695853099#chevron-right&#039;&gt;&lt;\\\/use&gt;&lt;\\\/svg&gt;&lt;span class=\\&quot;sr-only\\&quot;&gt;Siguiente&lt;\\\/span&gt;&lt;\\\/button&gt;&quot;,&quot;infinite&quot;:true,&quot;dots&quot;:true}'\n\t\t>\n\t\t\t\t\t\t\t<figure>\n\t\t\t\t\t<img loading=\"lazy\" decoding=\"async\" width=\"1280\" height=\"720\" src=\"https:\/\/gobierno.udd.cl\/cips\/wp-content\/plugins\/wp-async-img-load\/blank.png\" class=\"attachment-1280x720 size-1280x720 lazyload\" alt=\"\" sizes=\"auto, (max-width: 1280px) 100vw, 1280px\" data-src=\"https:\/\/gobierno.udd.cl\/cips\/files\/2026\/04\/image00002-1366x768.jpeg\" data-srcset=\"https:\/\/gobierno.udd.cl\/cips\/files\/2026\/04\/image00002-1366x768.jpeg 1366w, https:\/\/gobierno.udd.cl\/cips\/files\/2026\/04\/image00002-1920x1080.jpeg 1920w, https:\/\/gobierno.udd.cl\/cips\/files\/2026\/04\/image00002-680x382.jpeg 680w\" \/>\t\t\t\t\t\t\t\t\t<\/figure>\n\t\t\t\t\t\t\t<figure>\n\t\t\t\t\t<img loading=\"lazy\" decoding=\"async\" width=\"1280\" height=\"720\" src=\"https:\/\/gobierno.udd.cl\/cips\/wp-content\/plugins\/wp-async-img-load\/blank.png\" class=\"attachment-1280x720 size-1280x720 lazyload\" alt=\"\" sizes=\"auto, (max-width: 1280px) 100vw, 1280px\" data-src=\"https:\/\/gobierno.udd.cl\/cips\/files\/2026\/04\/image00008-1366x768.jpeg\" data-srcset=\"https:\/\/gobierno.udd.cl\/cips\/files\/2026\/04\/image00008-1366x768.jpeg 1366w, https:\/\/gobierno.udd.cl\/cips\/files\/2026\/04\/image00008-1920x1080.jpeg 1920w, https:\/\/gobierno.udd.cl\/cips\/files\/2026\/04\/image00008-680x382.jpeg 680w\" \/>\t\t\t\t\t\t\t\t\t<\/figure>\n\t\t\t\t\t\t\t<figure>\n\t\t\t\t\t<img loading=\"lazy\" decoding=\"async\" width=\"1280\" height=\"720\" src=\"https:\/\/gobierno.udd.cl\/cips\/wp-content\/plugins\/wp-async-img-load\/blank.png\" class=\"attachment-1280x720 size-1280x720 lazyload\" alt=\"\" sizes=\"auto, (max-width: 1280px) 100vw, 1280px\" data-src=\"https:\/\/gobierno.udd.cl\/cips\/files\/2026\/04\/image00010-1366x768.jpeg\" data-srcset=\"https:\/\/gobierno.udd.cl\/cips\/files\/2026\/04\/image00010-1366x768.jpeg 1366w, https:\/\/gobierno.udd.cl\/cips\/files\/2026\/04\/image00010-1920x1080.jpeg 1920w, https:\/\/gobierno.udd.cl\/cips\/files\/2026\/04\/image00010-680x382.jpeg 680w\" \/>\t\t\t\t\t\t\t\t\t<\/figure>\n\t\t\t\t\t\t\t<figure>\n\t\t\t\t\t<img loading=\"lazy\" decoding=\"async\" width=\"1080\" height=\"720\" src=\"https:\/\/gobierno.udd.cl\/cips\/wp-content\/plugins\/wp-async-img-load\/blank.png\" class=\"attachment-1280x720 size-1280x720 lazyload\" alt=\"\" sizes=\"auto, (max-width: 1080px) 100vw, 1080px\" data-src=\"https:\/\/gobierno.udd.cl\/cips\/files\/2026\/04\/image00013-scaled.jpeg\" data-srcset=\"https:\/\/gobierno.udd.cl\/cips\/files\/2026\/04\/image00013-scaled.jpeg 2560w, https:\/\/gobierno.udd.cl\/cips\/files\/2026\/04\/image00013-300x200.jpeg 300w, https:\/\/gobierno.udd.cl\/cips\/files\/2026\/04\/image00013-1024x683.jpeg 1024w, https:\/\/gobierno.udd.cl\/cips\/files\/2026\/04\/image00013-768x512.jpeg 768w, https:\/\/gobierno.udd.cl\/cips\/files\/2026\/04\/image00013-1536x1024.jpeg 1536w\" \/>\t\t\t\t\t\t\t\t\t<\/figure>\n\t\t\t\t\t\t\t<figure>\n\t\t\t\t\t<img loading=\"lazy\" decoding=\"async\" width=\"1080\" height=\"720\" src=\"https:\/\/gobierno.udd.cl\/cips\/wp-content\/plugins\/wp-async-img-load\/blank.png\" class=\"attachment-1280x720 size-1280x720 lazyload\" alt=\"\" sizes=\"auto, (max-width: 1080px) 100vw, 1080px\" data-src=\"https:\/\/gobierno.udd.cl\/cips\/files\/2026\/04\/image00017-scaled.jpeg\" data-srcset=\"https:\/\/gobierno.udd.cl\/cips\/files\/2026\/04\/image00017-scaled.jpeg 2560w, https:\/\/gobierno.udd.cl\/cips\/files\/2026\/04\/image00017-300x200.jpeg 300w, https:\/\/gobierno.udd.cl\/cips\/files\/2026\/04\/image00017-1024x682.jpeg 1024w, https:\/\/gobierno.udd.cl\/cips\/files\/2026\/04\/image00017-768x512.jpeg 768w, https:\/\/gobierno.udd.cl\/cips\/files\/2026\/04\/image00017-1536x1024.jpeg 1536w\" \/>\t\t\t\t\t\t\t\t\t<\/figure>\n\t\t\t\t\t\t\t<figure>\n\t\t\t\t\t<img loading=\"lazy\" decoding=\"async\" width=\"1280\" height=\"720\" src=\"https:\/\/gobierno.udd.cl\/cips\/wp-content\/plugins\/wp-async-img-load\/blank.png\" class=\"attachment-1280x720 size-1280x720 lazyload\" alt=\"\" sizes=\"auto, (max-width: 1280px) 100vw, 1280px\" data-src=\"https:\/\/gobierno.udd.cl\/cips\/files\/2026\/04\/image00021-1366x768.jpeg\" data-srcset=\"https:\/\/gobierno.udd.cl\/cips\/files\/2026\/04\/image00021-1366x768.jpeg 1366w, https:\/\/gobierno.udd.cl\/cips\/files\/2026\/04\/image00021-1920x1080.jpeg 1920w, https:\/\/gobierno.udd.cl\/cips\/files\/2026\/04\/image00021-680x382.jpeg 680w\" \/>\t\t\t\t\t\t\t\t\t<\/figure>\n\t\t\t\t\t\t\t<figure>\n\t\t\t\t\t<img loading=\"lazy\" decoding=\"async\" width=\"1080\" height=\"720\" src=\"https:\/\/gobierno.udd.cl\/cips\/wp-content\/plugins\/wp-async-img-load\/blank.png\" class=\"attachment-1280x720 size-1280x720 lazyload\" alt=\"\" sizes=\"auto, (max-width: 1080px) 100vw, 1080px\" data-src=\"https:\/\/gobierno.udd.cl\/cips\/files\/2026\/04\/image00029-scaled.jpeg\" data-srcset=\"https:\/\/gobierno.udd.cl\/cips\/files\/2026\/04\/image00029-scaled.jpeg 2560w, https:\/\/gobierno.udd.cl\/cips\/files\/2026\/04\/image00029-300x200.jpeg 300w, https:\/\/gobierno.udd.cl\/cips\/files\/2026\/04\/image00029-1024x683.jpeg 1024w, https:\/\/gobierno.udd.cl\/cips\/files\/2026\/04\/image00029-768x512.jpeg 768w, https:\/\/gobierno.udd.cl\/cips\/files\/2026\/04\/image00029-1536x1024.jpeg 1536w\" \/>\t\t\t\t\t\t\t\t\t<\/figure>\n\t\t\t\t\t\t\t<figure>\n\t\t\t\t\t<img loading=\"lazy\" decoding=\"async\" width=\"1080\" height=\"720\" src=\"https:\/\/gobierno.udd.cl\/cips\/wp-content\/plugins\/wp-async-img-load\/blank.png\" class=\"attachment-1280x720 size-1280x720 lazyload\" alt=\"\" sizes=\"auto, (max-width: 1080px) 100vw, 1080px\" data-src=\"https:\/\/gobierno.udd.cl\/cips\/files\/2026\/04\/image00035-scaled.jpeg\" data-srcset=\"https:\/\/gobierno.udd.cl\/cips\/files\/2026\/04\/image00035-scaled.jpeg 2560w, https:\/\/gobierno.udd.cl\/cips\/files\/2026\/04\/image00035-300x200.jpeg 300w, https:\/\/gobierno.udd.cl\/cips\/files\/2026\/04\/image00035-1024x683.jpeg 1024w, https:\/\/gobierno.udd.cl\/cips\/files\/2026\/04\/image00035-768x512.jpeg 768w, https:\/\/gobierno.udd.cl\/cips\/files\/2026\/04\/image00035-1536x1024.jpeg 1536w, https:\/\/gobierno.udd.cl\/cips\/files\/2026\/04\/image00035-2048x1365.jpeg 2048w\" \/>\t\t\t\t\t\t\t\t\t<\/figure>\n\t\t\t\t\t\t\t<figure>\n\t\t\t\t\t<img loading=\"lazy\" decoding=\"async\" width=\"1280\" height=\"720\" src=\"https:\/\/gobierno.udd.cl\/cips\/wp-content\/plugins\/wp-async-img-load\/blank.png\" class=\"attachment-1280x720 size-1280x720 lazyload\" alt=\"\" sizes=\"auto, (max-width: 1280px) 100vw, 1280px\" data-src=\"https:\/\/gobierno.udd.cl\/cips\/files\/2026\/04\/image00048-1366x768.jpeg\" data-srcset=\"https:\/\/gobierno.udd.cl\/cips\/files\/2026\/04\/image00048-1366x768.jpeg 1366w, https:\/\/gobierno.udd.cl\/cips\/files\/2026\/04\/image00048-1920x1080.jpeg 1920w, https:\/\/gobierno.udd.cl\/cips\/files\/2026\/04\/image00048-680x382.jpeg 680w\" \/>\t\t\t\t\t\t\t\t\t<\/figure>\n\t\t\t\t\t\t\t<figure>\n\t\t\t\t\t<img loading=\"lazy\" decoding=\"async\" width=\"1280\" height=\"720\" src=\"https:\/\/gobierno.udd.cl\/cips\/wp-content\/plugins\/wp-async-img-load\/blank.png\" class=\"attachment-1280x720 size-1280x720 lazyload\" alt=\"\" sizes=\"auto, (max-width: 1280px) 100vw, 1280px\" data-src=\"https:\/\/gobierno.udd.cl\/cips\/files\/2026\/04\/image00059-1366x768.jpeg\" data-srcset=\"https:\/\/gobierno.udd.cl\/cips\/files\/2026\/04\/image00059-1366x768.jpeg 1366w, https:\/\/gobierno.udd.cl\/cips\/files\/2026\/04\/image00059-1920x1080.jpeg 1920w, https:\/\/gobierno.udd.cl\/cips\/files\/2026\/04\/image00059-680x382.jpeg 680w\" \/>\t\t\t\t\t\t\t\t\t<\/figure>\n\t\t\t\t\t<\/div>\n\t\t<div\n\t\t\tclass=\"carousel-gallery--carousel-dots\"\n\t\t\tid=\"dots-69f43ae630cee\"\n\t\t><\/div>\n\t<\/div>\n<\/section>\n\n\n\n<p>El problema comienza antes del tratamiento: el diagn\u00f3stico correcto de una EPI puede tardar entre 7 meses y 2 a\u00f1os desde el inicio de los s\u00edntomas. El 55% de los pacientes recibe al menos un diagn\u00f3stico err\u00f3neo previo, porque los s\u00edntomas iniciales son inespec\u00edficos y no existen protocolos de derivaci\u00f3n desde la atenci\u00f3n primaria. Cuando el diagn\u00f3stico finalmente llega, la fibrosis ya ha avanzado de manera irreversible por a\u00f1os.<\/p>\n\n\n\n<p>\u201cEl gran problema es que la enfermedad tiene sintomatolog\u00eda muy inespec\u00edfica. El paciente consulta y cae en el carril de la patolog\u00eda m\u00e1s frecuente que causa disnea: la EPOC, la insuficiencia card\u00edaca. Y ac\u00e1, lejos, el pilar m\u00e1s que el m\u00e9dico en atenci\u00f3n primaria, lo hace el kinesi\u00f3logo. \u00c9l es el que est\u00e1 mucho m\u00e1s cercano al paciente y es el que se da cuenta\u201d, explic\u00f3 el <strong>Dr. Felipe Reyes<\/strong>, Broncopulmonar del Instituto Nacional del T\u00f3rax y director de Fundaci\u00f3n Aire.<\/p>\n\n\n\n<p>Incluso cuando se logra el diagn\u00f3stico, el acceso al tratamiento no est\u00e1 garantizado. Los \u00fanicos f\u00e1rmacos con eficacia comprobada no tienen cobertura GES ni Ley Ricarte Soto. El costo mensual en farmacia supera el mill\u00f3n y medio de pesos. El acceso en el sistema p\u00fablico depende de decisiones discrecionales de comit\u00e9s hospitalarios. \u00abEsta es una enfermedad que es discriminadora en todo sentido. El paciente del sistema privado tampoco tiene m\u00e1s garant\u00edas. Cuando toca acceder a la terapia se encuentra con lo mismo: no tiene cobertura por la isapre de los f\u00e1rmacos, no tiene cobertura por la isapre del ox\u00edgeno, no tiene cobertura por la isapre de la rehabilitaci\u00f3n pulmonar. El gasto de bolsillo es extremadamente alto. Entonces, no est\u00e1s mejor por estar en isapre\u201d, agreg\u00f3 el Dr. Reyes.<\/p>\n\n\n\n<p>M\u00e1s all\u00e1 de costo del f\u00e1rmaco, los expertos expusieron que el acceso al ox\u00edgeno y a la rehabilitaci\u00f3n pulmonar son barreras igual de cr\u00edticas. El sistema p\u00fablico entrega concentradores domiciliarios que no permiten autonom\u00eda fuera del hogar, y los cilindros port\u00e1tiles se recargan una vez por semana con una duraci\u00f3n de solo una a dos horas. Los pacientes que requieren mayor movilidad deben costear de su bolsillo equipos que superan los tres millones de pesos. \u00abLo primero que quiero mencionar es el tema del ox\u00edgeno. Los accesos, la log\u00edstica para llevar el ox\u00edgeno a hogares se dificulta y no ocurre\u201d, relat\u00f3 <strong>Miguel Fern\u00e1ndez<\/strong>, paciente y presidente de la Fundaci\u00f3n Roc\u00edo.<\/p>\n\n\n\n<p>El estudio de carga sanitaria revel\u00f3 tambi\u00e9n profundas inequidades geogr\u00e1ficas. La raz\u00f3n de tasas de AVISA entre la provincia con mayor y menor carga pas\u00f3 de 3 a 1 en 1998 a m\u00e1s de 5 a 1 en 2025, con proyecci\u00f3n de 6 a 1 en 2035. Las muertes evitables ajustadas por factores socioecon\u00f3micos aumentaron de un 9% en 1998 a un 15% en 2019, y la brecha entre provincias es dram\u00e1tica: mientras en la Regi\u00f3n Metropolitana el porcentaje de muertes evitables es de alrededor de 4%, en provincias m\u00e1s alejadas como Ais\u00e9n alcanza el 25%.<\/p>\n\n\n\n<p>\u201cObservamos que hab\u00eda profundas inequidades a nivel geogr\u00e1fico y lo m\u00e1s interesante es que las distancias entre las provincias con menor y mayor carga iban en aumento en los \u00faltimos a\u00f1os. Algo est\u00e1 pasando ah\u00ed con la distribuci\u00f3n de la carga de enfermedad que se ha ido deteriorando en t\u00e9rminos de equidad. Tambi\u00e9n vimos que las poblaciones que tienen estratos con menor educaci\u00f3n ten\u00edan mayor cantidad de carga de enfermedad. Es una urgencia no solo por la magnitud de la carga, sino tambi\u00e9n por los temas de equidad\u201d, afirm\u00f3 el <strong>Dr. Pedro Zitko<\/strong>, epidemi\u00f3logo y especialista en salud p\u00fablica.<\/p>\n\n\n\n<p>En mayo de 2025, la 78.\u00aa Asamblea Mundial de la Salud adopt\u00f3 la resoluci\u00f3n WHA78.5, que establece un mandato operacional a los pa\u00edses miembros, incluido Chile, para desarrollar pol\u00edticas integradas de salud pulmonar, mejorar el acceso a tratamientos y fortalecer los sistemas de informaci\u00f3n. Chile no cuenta con un registro nacional de EPI, lo que impide dise\u00f1ar pol\u00edticas con datos propios.<\/p>\n\n\n\n<p>\u201cNormalmente la OMS hace declaraciones de inter\u00e9s. Ac\u00e1 lo que hace es un mandato a los pa\u00edses miembros. Y cuando vemos los puntos donde tenemos que desarrollar, est\u00e1n directamente relacionados con las brechas que estamos viendo en nuestro pa\u00eds: pol\u00edtica p\u00fablica nacional integrada, rutas efectivas desde la atenci\u00f3n primaria, sistemas de informaci\u00f3n. No tenemos un registro en nuestro pa\u00eds. Por lo tanto, no tenemos datos, no podemos ver la urgencia en tomar decisiones de pol\u00edticas p\u00fablicas\u201d, manifest\u00f3 la directora ejecutiva de CIPS UDD.<\/p>\n\n\n\n<p>\u201cNuestro rol desde CIPS es dar visibilidad y hacer propuestas concretas. Vamos a crear un grupo de trabajo con actores claves del sector p\u00fablico, privado, mundo acad\u00e9mico y sociedad civil para hacer una propuesta concreta de pol\u00edtica p\u00fablica frente a la situaci\u00f3n que estamos viviendo en Chile. La evidencia est\u00e1 clara, la carga de enfermedad la conocemos y la OMS nos dio un mandato. Hoy tenemos que tomar esa decisi\u00f3n\u201d, concluy\u00f3 Paula Daza.<\/p>\n\n\n\n<p><a href=\"https:\/\/gobierno.udd.cl\/cips\/files\/2026\/04\/enfermedades-pulmonares-intersticiales-progresivas.pdf\">Ver informe aqu\u00ed. <\/a><\/p>\n\n\n\n<p><a href=\"https:\/\/gobierno.udd.cl\/cips\/files\/2026\/04\/seminario-inicial-epp_paula_daza_cips.pdf\">Ver presentaci\u00f3n aqu\u00ed. <\/a><\/p>\n\n\n\n<p>Revive el seminario:<\/p>\n\n\n\n<figure class=\"wp-block-embed is-type-video is-provider-youtube wp-block-embed-youtube wp-embed-aspect-16-9 wp-has-aspect-ratio\"><div class=\"wp-block-embed__wrapper\">\n<iframe loading=\"lazy\" title=\"Seminario | Enfermedades Pulmonares Progresivas: la urgencia de visibilizar una crisis silenciosa\" width=\"500\" height=\"281\" src=\"https:\/\/www.youtube.com\/embed\/bn26MKtCi5Y?feature=oembed\" frameborder=\"0\" allow=\"accelerometer; autoplay; clipboard-write; encrypted-media; gyroscope; picture-in-picture; web-share\" referrerpolicy=\"strict-origin-when-cross-origin\" allowfullscreen><\/iframe>\n<\/div><\/figure>\n","protected":false},"excerpt":{"rendered":"<p>El seminario \u00abEnfermedades Pulmonares Progresivas: El Desaf\u00edo de Visibilizar una Crisis Silenciosa\u00bb, organizado por CIPS UDD, reuni\u00f3 a autoridades de salud y especialistas para poner cifras a una crisis ignorada y trazar una hoja de ruta concreta: crear un registro nacional de enfermos, protocolizar el diagn\u00f3stico desde la atenci\u00f3n primaria con telerradiolog\u00eda y equipos multidisciplinares [&hellip;]<\/p>\n","protected":false},"author":9192240,"featured_media":4383,"comment_status":"closed","ping_status":"open","sticky":false,"template":"","format":"standard","meta":{"footnotes":""},"categories":[3],"tags":[],"class_list":["post-4380","post","type-post","status-publish","format-standard","has-post-thumbnail","hentry","category-noticias"],"yoast_head":"<!-- This site is optimized with the Yoast SEO plugin v26.9 - https:\/\/yoast.com\/product\/yoast-seo-wordpress\/ -->\n<title>Chile ocupa el tercer lugar mundial en mortalidad por enfermedades pulmonares intersticiales y casi 27.000 personas viven sin cobertura de tratamiento ni registro nacional - Centro de Pol\u00edticas P\u00fablicas e Innovaci\u00f3n en Salud<\/title>\n<meta name=\"robots\" content=\"index, follow, max-snippet:-1, max-image-preview:large, max-video-preview:-1\" \/>\n<link rel=\"canonical\" href=\"https:\/\/gobierno.udd.cl\/cips\/2026\/04\/29\/chile-ocupa-el-tercer-lugar-mundial-en-mortalidad-por-enfermedades-pulmonares-intersticiales-y-casi-27-000-personas-viven-sin-cobertura-de-tratamiento-ni-registro-nacional\/\" \/>\n<meta property=\"og:locale\" content=\"es_ES\" \/>\n<meta property=\"og:type\" content=\"article\" \/>\n<meta property=\"og:title\" content=\"Chile ocupa el tercer lugar mundial en mortalidad por enfermedades pulmonares intersticiales y casi 27.000 personas viven sin cobertura de tratamiento ni registro nacional - Centro de Pol\u00edticas P\u00fablicas e Innovaci\u00f3n en Salud\" \/>\n<meta property=\"og:description\" content=\"El seminario \u00abEnfermedades Pulmonares Progresivas: El Desaf\u00edo de Visibilizar una Crisis Silenciosa\u00bb, organizado por CIPS UDD, reuni\u00f3 a autoridades de salud y especialistas para poner cifras a una crisis ignorada y trazar una hoja de ruta concreta: crear un registro nacional de enfermos, protocolizar el diagn\u00f3stico desde la atenci\u00f3n primaria con telerradiolog\u00eda y equipos multidisciplinares [&hellip;]\" \/>\n<meta property=\"og:url\" content=\"https:\/\/gobierno.udd.cl\/cips\/2026\/04\/29\/chile-ocupa-el-tercer-lugar-mundial-en-mortalidad-por-enfermedades-pulmonares-intersticiales-y-casi-27-000-personas-viven-sin-cobertura-de-tratamiento-ni-registro-nacional\/\" \/>\n<meta property=\"og:site_name\" content=\"Centro de Pol\u00edticas P\u00fablicas e Innovaci\u00f3n en Salud\" \/>\n<meta property=\"article:publisher\" content=\"https:\/\/www.facebook.com\/CIPS.UDD\" \/>\n<meta property=\"article:published_time\" content=\"2026-04-29T18:14:20+00:00\" \/>\n<meta property=\"article:modified_time\" content=\"2026-04-30T18:25:51+00:00\" \/>\n<meta property=\"og:image\" content=\"https:\/\/gobierno.udd.cl\/cips\/files\/2026\/04\/image00059-scaled.jpeg\" \/>\n\t<meta property=\"og:image:width\" content=\"2560\" \/>\n\t<meta property=\"og:image:height\" content=\"1707\" \/>\n\t<meta property=\"og:image:type\" content=\"image\/jpeg\" \/>\n<meta name=\"author\" content=\"claudiagodia\" \/>\n<meta name=\"twitter:card\" content=\"summary_large_image\" \/>\n<meta name=\"twitter:creator\" content=\"@CIPS_UDD\" \/>\n<meta name=\"twitter:site\" content=\"@CIPS_UDD\" \/>\n<meta name=\"twitter:label1\" content=\"Escrito por\" \/>\n\t<meta name=\"twitter:data1\" content=\"claudiagodia\" \/>\n\t<meta name=\"twitter:label2\" content=\"Tiempo de lectura\" \/>\n\t<meta name=\"twitter:data2\" content=\"8 minutos\" \/>\n<script type=\"application\/ld+json\" class=\"yoast-schema-graph\">{\"@context\":\"https:\/\/schema.org\",\"@graph\":[{\"@type\":\"Article\",\"@id\":\"https:\/\/gobierno.udd.cl\/cips\/2026\/04\/29\/chile-ocupa-el-tercer-lugar-mundial-en-mortalidad-por-enfermedades-pulmonares-intersticiales-y-casi-27-000-personas-viven-sin-cobertura-de-tratamiento-ni-registro-nacional\/#article\",\"isPartOf\":{\"@id\":\"https:\/\/gobierno.udd.cl\/cips\/2026\/04\/29\/chile-ocupa-el-tercer-lugar-mundial-en-mortalidad-por-enfermedades-pulmonares-intersticiales-y-casi-27-000-personas-viven-sin-cobertura-de-tratamiento-ni-registro-nacional\/\"},\"author\":{\"name\":\"claudiagodia\",\"@id\":\"https:\/\/gobierno.udd.cl\/cips\/#\/schema\/person\/a34b5db7e59307019967393aeeca7130\"},\"headline\":\"Chile ocupa el tercer lugar mundial en mortalidad por enfermedades pulmonares intersticiales y casi 27.000 personas viven sin cobertura de tratamiento ni registro nacional\",\"datePublished\":\"2026-04-29T18:14:20+00:00\",\"dateModified\":\"2026-04-30T18:25:51+00:00\",\"mainEntityOfPage\":{\"@id\":\"https:\/\/gobierno.udd.cl\/cips\/2026\/04\/29\/chile-ocupa-el-tercer-lugar-mundial-en-mortalidad-por-enfermedades-pulmonares-intersticiales-y-casi-27-000-personas-viven-sin-cobertura-de-tratamiento-ni-registro-nacional\/\"},\"wordCount\":1277,\"image\":{\"@id\":\"https:\/\/gobierno.udd.cl\/cips\/2026\/04\/29\/chile-ocupa-el-tercer-lugar-mundial-en-mortalidad-por-enfermedades-pulmonares-intersticiales-y-casi-27-000-personas-viven-sin-cobertura-de-tratamiento-ni-registro-nacional\/#primaryimage\"},\"thumbnailUrl\":\"https:\/\/gobierno.udd.cl\/cips\/files\/2026\/04\/image00059-scaled.jpeg\",\"articleSection\":[\"Noticias\"],\"inLanguage\":\"es\"},{\"@type\":\"WebPage\",\"@id\":\"https:\/\/gobierno.udd.cl\/cips\/2026\/04\/29\/chile-ocupa-el-tercer-lugar-mundial-en-mortalidad-por-enfermedades-pulmonares-intersticiales-y-casi-27-000-personas-viven-sin-cobertura-de-tratamiento-ni-registro-nacional\/\",\"url\":\"https:\/\/gobierno.udd.cl\/cips\/2026\/04\/29\/chile-ocupa-el-tercer-lugar-mundial-en-mortalidad-por-enfermedades-pulmonares-intersticiales-y-casi-27-000-personas-viven-sin-cobertura-de-tratamiento-ni-registro-nacional\/\",\"name\":\"Chile ocupa el tercer lugar mundial en mortalidad por enfermedades pulmonares intersticiales y casi 27.000 personas viven sin cobertura de tratamiento ni registro nacional - Centro de Pol\u00edticas P\u00fablicas e Innovaci\u00f3n en Salud\",\"isPartOf\":{\"@id\":\"https:\/\/gobierno.udd.cl\/cips\/#website\"},\"primaryImageOfPage\":{\"@id\":\"https:\/\/gobierno.udd.cl\/cips\/2026\/04\/29\/chile-ocupa-el-tercer-lugar-mundial-en-mortalidad-por-enfermedades-pulmonares-intersticiales-y-casi-27-000-personas-viven-sin-cobertura-de-tratamiento-ni-registro-nacional\/#primaryimage\"},\"image\":{\"@id\":\"https:\/\/gobierno.udd.cl\/cips\/2026\/04\/29\/chile-ocupa-el-tercer-lugar-mundial-en-mortalidad-por-enfermedades-pulmonares-intersticiales-y-casi-27-000-personas-viven-sin-cobertura-de-tratamiento-ni-registro-nacional\/#primaryimage\"},\"thumbnailUrl\":\"https:\/\/gobierno.udd.cl\/cips\/files\/2026\/04\/image00059-scaled.jpeg\",\"datePublished\":\"2026-04-29T18:14:20+00:00\",\"dateModified\":\"2026-04-30T18:25:51+00:00\",\"author\":{\"@id\":\"https:\/\/gobierno.udd.cl\/cips\/#\/schema\/person\/a34b5db7e59307019967393aeeca7130\"},\"breadcrumb\":{\"@id\":\"https:\/\/gobierno.udd.cl\/cips\/2026\/04\/29\/chile-ocupa-el-tercer-lugar-mundial-en-mortalidad-por-enfermedades-pulmonares-intersticiales-y-casi-27-000-personas-viven-sin-cobertura-de-tratamiento-ni-registro-nacional\/#breadcrumb\"},\"inLanguage\":\"es\",\"potentialAction\":[{\"@type\":\"ReadAction\",\"target\":[\"https:\/\/gobierno.udd.cl\/cips\/2026\/04\/29\/chile-ocupa-el-tercer-lugar-mundial-en-mortalidad-por-enfermedades-pulmonares-intersticiales-y-casi-27-000-personas-viven-sin-cobertura-de-tratamiento-ni-registro-nacional\/\"]}]},{\"@type\":\"ImageObject\",\"inLanguage\":\"es\",\"@id\":\"https:\/\/gobierno.udd.cl\/cips\/2026\/04\/29\/chile-ocupa-el-tercer-lugar-mundial-en-mortalidad-por-enfermedades-pulmonares-intersticiales-y-casi-27-000-personas-viven-sin-cobertura-de-tratamiento-ni-registro-nacional\/#primaryimage\",\"url\":\"https:\/\/gobierno.udd.cl\/cips\/files\/2026\/04\/image00059-scaled.jpeg\",\"contentUrl\":\"https:\/\/gobierno.udd.cl\/cips\/files\/2026\/04\/image00059-scaled.jpeg\",\"width\":2560,\"height\":1707},{\"@type\":\"BreadcrumbList\",\"@id\":\"https:\/\/gobierno.udd.cl\/cips\/2026\/04\/29\/chile-ocupa-el-tercer-lugar-mundial-en-mortalidad-por-enfermedades-pulmonares-intersticiales-y-casi-27-000-personas-viven-sin-cobertura-de-tratamiento-ni-registro-nacional\/#breadcrumb\",\"itemListElement\":[{\"@type\":\"ListItem\",\"position\":1,\"name\":\"Portada\",\"item\":\"https:\/\/gobierno.udd.cl\/cips\/\"},{\"@type\":\"ListItem\",\"position\":2,\"name\":\"Chile ocupa el tercer lugar mundial en mortalidad por enfermedades pulmonares intersticiales y casi 27.000 personas viven sin cobertura de tratamiento ni registro nacional\"}]},{\"@type\":\"WebSite\",\"@id\":\"https:\/\/gobierno.udd.cl\/cips\/#website\",\"url\":\"https:\/\/gobierno.udd.cl\/cips\/\",\"name\":\"Centro de Pol\u00edticas P\u00fablicas e Innovaci\u00f3n en Salud\",\"description\":\"CIPS-UDD\",\"inLanguage\":\"es\"},{\"@type\":\"Person\",\"@id\":\"https:\/\/gobierno.udd.cl\/cips\/#\/schema\/person\/a34b5db7e59307019967393aeeca7130\",\"name\":\"claudiagodia\",\"image\":{\"@type\":\"ImageObject\",\"inLanguage\":\"es\",\"@id\":\"https:\/\/gobierno.udd.cl\/cips\/#\/schema\/person\/image\/\",\"url\":\"https:\/\/secure.gravatar.com\/avatar\/c7c585f20c9cd5b1fc8956abfd060f1af449288eb4e630466a5a53a84641a9ca?s=96&d=mm&r=g\",\"contentUrl\":\"https:\/\/secure.gravatar.com\/avatar\/c7c585f20c9cd5b1fc8956abfd060f1af449288eb4e630466a5a53a84641a9ca?s=96&d=mm&r=g\",\"caption\":\"claudiagodia\"},\"url\":\"https:\/\/gobierno.udd.cl\/cips\/author\/claudiagodia\/\"}]}<\/script>\n<!-- \/ Yoast SEO plugin. -->","yoast_head_json":{"title":"Chile ocupa el tercer lugar mundial en mortalidad por enfermedades pulmonares intersticiales y casi 27.000 personas viven sin cobertura de tratamiento ni registro nacional - Centro de Pol\u00edticas P\u00fablicas e Innovaci\u00f3n en Salud","robots":{"index":"index","follow":"follow","max-snippet":"max-snippet:-1","max-image-preview":"max-image-preview:large","max-video-preview":"max-video-preview:-1"},"canonical":"https:\/\/gobierno.udd.cl\/cips\/2026\/04\/29\/chile-ocupa-el-tercer-lugar-mundial-en-mortalidad-por-enfermedades-pulmonares-intersticiales-y-casi-27-000-personas-viven-sin-cobertura-de-tratamiento-ni-registro-nacional\/","og_locale":"es_ES","og_type":"article","og_title":"Chile ocupa el tercer lugar mundial en mortalidad por enfermedades pulmonares intersticiales y casi 27.000 personas viven sin cobertura de tratamiento ni registro nacional - Centro de Pol\u00edticas P\u00fablicas e Innovaci\u00f3n en Salud","og_description":"El seminario \u00abEnfermedades Pulmonares Progresivas: El Desaf\u00edo de Visibilizar una Crisis Silenciosa\u00bb, organizado por CIPS UDD, reuni\u00f3 a autoridades de salud y especialistas para poner cifras a una crisis ignorada y trazar una hoja de ruta concreta: crear un registro nacional de enfermos, protocolizar el diagn\u00f3stico desde la atenci\u00f3n primaria con telerradiolog\u00eda y equipos multidisciplinares [&hellip;]","og_url":"https:\/\/gobierno.udd.cl\/cips\/2026\/04\/29\/chile-ocupa-el-tercer-lugar-mundial-en-mortalidad-por-enfermedades-pulmonares-intersticiales-y-casi-27-000-personas-viven-sin-cobertura-de-tratamiento-ni-registro-nacional\/","og_site_name":"Centro de Pol\u00edticas P\u00fablicas e Innovaci\u00f3n en Salud","article_publisher":"https:\/\/www.facebook.com\/CIPS.UDD","article_published_time":"2026-04-29T18:14:20+00:00","article_modified_time":"2026-04-30T18:25:51+00:00","og_image":[{"width":2560,"height":1707,"url":"https:\/\/gobierno.udd.cl\/cips\/files\/2026\/04\/image00059-scaled.jpeg","type":"image\/jpeg"}],"author":"claudiagodia","twitter_card":"summary_large_image","twitter_creator":"@CIPS_UDD","twitter_site":"@CIPS_UDD","twitter_misc":{"Escrito por":"claudiagodia","Tiempo de lectura":"8 minutos"},"schema":{"@context":"https:\/\/schema.org","@graph":[{"@type":"Article","@id":"https:\/\/gobierno.udd.cl\/cips\/2026\/04\/29\/chile-ocupa-el-tercer-lugar-mundial-en-mortalidad-por-enfermedades-pulmonares-intersticiales-y-casi-27-000-personas-viven-sin-cobertura-de-tratamiento-ni-registro-nacional\/#article","isPartOf":{"@id":"https:\/\/gobierno.udd.cl\/cips\/2026\/04\/29\/chile-ocupa-el-tercer-lugar-mundial-en-mortalidad-por-enfermedades-pulmonares-intersticiales-y-casi-27-000-personas-viven-sin-cobertura-de-tratamiento-ni-registro-nacional\/"},"author":{"name":"claudiagodia","@id":"https:\/\/gobierno.udd.cl\/cips\/#\/schema\/person\/a34b5db7e59307019967393aeeca7130"},"headline":"Chile ocupa el tercer lugar mundial en mortalidad por enfermedades pulmonares intersticiales y casi 27.000 personas viven sin cobertura de tratamiento ni registro nacional","datePublished":"2026-04-29T18:14:20+00:00","dateModified":"2026-04-30T18:25:51+00:00","mainEntityOfPage":{"@id":"https:\/\/gobierno.udd.cl\/cips\/2026\/04\/29\/chile-ocupa-el-tercer-lugar-mundial-en-mortalidad-por-enfermedades-pulmonares-intersticiales-y-casi-27-000-personas-viven-sin-cobertura-de-tratamiento-ni-registro-nacional\/"},"wordCount":1277,"image":{"@id":"https:\/\/gobierno.udd.cl\/cips\/2026\/04\/29\/chile-ocupa-el-tercer-lugar-mundial-en-mortalidad-por-enfermedades-pulmonares-intersticiales-y-casi-27-000-personas-viven-sin-cobertura-de-tratamiento-ni-registro-nacional\/#primaryimage"},"thumbnailUrl":"https:\/\/gobierno.udd.cl\/cips\/files\/2026\/04\/image00059-scaled.jpeg","articleSection":["Noticias"],"inLanguage":"es"},{"@type":"WebPage","@id":"https:\/\/gobierno.udd.cl\/cips\/2026\/04\/29\/chile-ocupa-el-tercer-lugar-mundial-en-mortalidad-por-enfermedades-pulmonares-intersticiales-y-casi-27-000-personas-viven-sin-cobertura-de-tratamiento-ni-registro-nacional\/","url":"https:\/\/gobierno.udd.cl\/cips\/2026\/04\/29\/chile-ocupa-el-tercer-lugar-mundial-en-mortalidad-por-enfermedades-pulmonares-intersticiales-y-casi-27-000-personas-viven-sin-cobertura-de-tratamiento-ni-registro-nacional\/","name":"Chile ocupa el tercer lugar mundial en mortalidad por enfermedades pulmonares intersticiales y casi 27.000 personas viven sin cobertura de tratamiento ni registro nacional - Centro de Pol\u00edticas P\u00fablicas e Innovaci\u00f3n en Salud","isPartOf":{"@id":"https:\/\/gobierno.udd.cl\/cips\/#website"},"primaryImageOfPage":{"@id":"https:\/\/gobierno.udd.cl\/cips\/2026\/04\/29\/chile-ocupa-el-tercer-lugar-mundial-en-mortalidad-por-enfermedades-pulmonares-intersticiales-y-casi-27-000-personas-viven-sin-cobertura-de-tratamiento-ni-registro-nacional\/#primaryimage"},"image":{"@id":"https:\/\/gobierno.udd.cl\/cips\/2026\/04\/29\/chile-ocupa-el-tercer-lugar-mundial-en-mortalidad-por-enfermedades-pulmonares-intersticiales-y-casi-27-000-personas-viven-sin-cobertura-de-tratamiento-ni-registro-nacional\/#primaryimage"},"thumbnailUrl":"https:\/\/gobierno.udd.cl\/cips\/files\/2026\/04\/image00059-scaled.jpeg","datePublished":"2026-04-29T18:14:20+00:00","dateModified":"2026-04-30T18:25:51+00:00","author":{"@id":"https:\/\/gobierno.udd.cl\/cips\/#\/schema\/person\/a34b5db7e59307019967393aeeca7130"},"breadcrumb":{"@id":"https:\/\/gobierno.udd.cl\/cips\/2026\/04\/29\/chile-ocupa-el-tercer-lugar-mundial-en-mortalidad-por-enfermedades-pulmonares-intersticiales-y-casi-27-000-personas-viven-sin-cobertura-de-tratamiento-ni-registro-nacional\/#breadcrumb"},"inLanguage":"es","potentialAction":[{"@type":"ReadAction","target":["https:\/\/gobierno.udd.cl\/cips\/2026\/04\/29\/chile-ocupa-el-tercer-lugar-mundial-en-mortalidad-por-enfermedades-pulmonares-intersticiales-y-casi-27-000-personas-viven-sin-cobertura-de-tratamiento-ni-registro-nacional\/"]}]},{"@type":"ImageObject","inLanguage":"es","@id":"https:\/\/gobierno.udd.cl\/cips\/2026\/04\/29\/chile-ocupa-el-tercer-lugar-mundial-en-mortalidad-por-enfermedades-pulmonares-intersticiales-y-casi-27-000-personas-viven-sin-cobertura-de-tratamiento-ni-registro-nacional\/#primaryimage","url":"https:\/\/gobierno.udd.cl\/cips\/files\/2026\/04\/image00059-scaled.jpeg","contentUrl":"https:\/\/gobierno.udd.cl\/cips\/files\/2026\/04\/image00059-scaled.jpeg","width":2560,"height":1707},{"@type":"BreadcrumbList","@id":"https:\/\/gobierno.udd.cl\/cips\/2026\/04\/29\/chile-ocupa-el-tercer-lugar-mundial-en-mortalidad-por-enfermedades-pulmonares-intersticiales-y-casi-27-000-personas-viven-sin-cobertura-de-tratamiento-ni-registro-nacional\/#breadcrumb","itemListElement":[{"@type":"ListItem","position":1,"name":"Portada","item":"https:\/\/gobierno.udd.cl\/cips\/"},{"@type":"ListItem","position":2,"name":"Chile ocupa el tercer lugar mundial en mortalidad por enfermedades pulmonares intersticiales y casi 27.000 personas viven sin cobertura de tratamiento ni registro nacional"}]},{"@type":"WebSite","@id":"https:\/\/gobierno.udd.cl\/cips\/#website","url":"https:\/\/gobierno.udd.cl\/cips\/","name":"Centro de Pol\u00edticas P\u00fablicas e Innovaci\u00f3n en Salud","description":"CIPS-UDD","inLanguage":"es"},{"@type":"Person","@id":"https:\/\/gobierno.udd.cl\/cips\/#\/schema\/person\/a34b5db7e59307019967393aeeca7130","name":"claudiagodia","image":{"@type":"ImageObject","inLanguage":"es","@id":"https:\/\/gobierno.udd.cl\/cips\/#\/schema\/person\/image\/","url":"https:\/\/secure.gravatar.com\/avatar\/c7c585f20c9cd5b1fc8956abfd060f1af449288eb4e630466a5a53a84641a9ca?s=96&d=mm&r=g","contentUrl":"https:\/\/secure.gravatar.com\/avatar\/c7c585f20c9cd5b1fc8956abfd060f1af449288eb4e630466a5a53a84641a9ca?s=96&d=mm&r=g","caption":"claudiagodia"},"url":"https:\/\/gobierno.udd.cl\/cips\/author\/claudiagodia\/"}]}},"featured_image_url":"https:\/\/gobierno.udd.cl\/cips\/files\/2026\/04\/image00059-scaled.jpeg","_links":{"self":[{"href":"https:\/\/gobierno.udd.cl\/cips\/wp-json\/wp\/v2\/posts\/4380","targetHints":{"allow":["GET"]}}],"collection":[{"href":"https:\/\/gobierno.udd.cl\/cips\/wp-json\/wp\/v2\/posts"}],"about":[{"href":"https:\/\/gobierno.udd.cl\/cips\/wp-json\/wp\/v2\/types\/post"}],"author":[{"embeddable":true,"href":"https:\/\/gobierno.udd.cl\/cips\/wp-json\/wp\/v2\/users\/9192240"}],"replies":[{"embeddable":true,"href":"https:\/\/gobierno.udd.cl\/cips\/wp-json\/wp\/v2\/comments?post=4380"}],"version-history":[{"count":1,"href":"https:\/\/gobierno.udd.cl\/cips\/wp-json\/wp\/v2\/posts\/4380\/revisions"}],"predecessor-version":[{"id":4392,"href":"https:\/\/gobierno.udd.cl\/cips\/wp-json\/wp\/v2\/posts\/4380\/revisions\/4392"}],"wp:featuredmedia":[{"embeddable":true,"href":"https:\/\/gobierno.udd.cl\/cips\/wp-json\/wp\/v2\/media\/4383"}],"wp:attachment":[{"href":"https:\/\/gobierno.udd.cl\/cips\/wp-json\/wp\/v2\/media?parent=4380"}],"wp:term":[{"taxonomy":"category","embeddable":true,"href":"https:\/\/gobierno.udd.cl\/cips\/wp-json\/wp\/v2\/categories?post=4380"},{"taxonomy":"post_tag","embeddable":true,"href":"https:\/\/gobierno.udd.cl\/cips\/wp-json\/wp\/v2\/tags?post=4380"}],"curies":[{"name":"wp","href":"https:\/\/api.w.org\/{rel}","templated":true}]}}