{"id":4310,"date":"2026-04-04T12:16:50","date_gmt":"2026-04-04T15:16:50","guid":{"rendered":"https:\/\/gobierno.udd.cl\/cips\/?p=4310"},"modified":"2026-04-06T12:19:00","modified_gmt":"2026-04-06T16:19:00","slug":"las-ultimas-noticias-paula-daza-se-refiere-a-informe-cips-sobre-retrasos-en-cancer","status":"publish","type":"post","link":"https:\/\/gobierno.udd.cl\/cips\/2026\/04\/04\/las-ultimas-noticias-paula-daza-se-refiere-a-informe-cips-sobre-retrasos-en-cancer\/","title":{"rendered":"Las \u00daltimas Noticias: Paula Daza se refiere a informe CIPS sobre retrasos en c\u00e1ncer"},"content":{"rendered":"\n<p>Un estudio del Centro de Pol\u00edticas P\u00fablicas e Innovaci\u00f3n en Salud de la\u00a0Universidad del Desarrollo\u00a0(CIPS-UDD) determin\u00f3 que, de las 78.595 prestaciones retrasadas correspondientes a las Garant\u00edas Expl\u00edcitas en Salud (GES), el 24% est\u00e1 relacionado con el c\u00e1ncer: 19.046<\/p>\n\n\n\n<p>De ese porcentaje, el mayor atraso corresponde al c\u00e1ncer cervicouterino, que pas\u00f3 de 2.842 en diciembre de 2024 a 5.391 en diciembre de 2025. Pero no fue la \u00fanica enfermedad que aument\u00f3; tambi\u00e9n lo hizo el c\u00e1ncer colorrectal, que increment\u00f3 de 3.285 prestaciones GES atrasadas en 2024 a 4.788 el a\u00f1o pasado, mientras que el c\u00e1ncer g\u00e1strico pas\u00f3 de 949 a 1.262. La lista de espera en c\u00e1ncer de mama tambi\u00e9n es abultada, con 3.821 prestaciones en espera, pero baj\u00f3 17% en relaci\u00f3n al 2024.<\/p>\n\n\n\n<p>\u00abComo son patolog\u00edas que est\u00e1n cubiertas por el GES, significa que el Estado, por ley, debe garantizar la atenci\u00f3n, el financiamiento, la calidad y la oportunidad. Sabemos que son enfermedades en las que el tiempo es oro. Si se atrasa un diagn\u00f3stico o el tratamiento, lo m\u00e1s probable es que esa enfermedad progrese y la persona pueda enfermarse m\u00e1s gravemente o fallecer\u00bb, explica Paula Daza, directora ejecutiva del CIPS-UDD.<\/p>\n\n\n\n<p>\u00bfCu\u00e1les son los mayores retrasos, doctora Daza?<\/p>\n\n\n\n<p>\u00abEn c\u00e1ncer cervicouterino hay 5.391 prestaciones retrasadas. De esa cifra, el 49% corresponde a tamizaje y el 46% a diagn\u00f3stico. El tamizaje tiene que ver con los ex\u00e1menes, mientras que el retraso en el diagn\u00f3stico es m\u00e1s grave, porque significa que las mujeres que tienen un examen de Papanicolaou (PAP) o un test de virus del papiloma humano (VPH) alterado no han recibido la confirmaci\u00f3n diagn\u00f3stica. Si eso no est\u00e1 resuelto, obviamente se atrasa el tratamiento del c\u00e1ncer\u00bb.<\/p>\n\n\n\n<p>Los atrasos son desde el inicio, entonces.<\/p>\n\n\n\n<p>\u00abExactamente. Todas las mujeres de 25 a 64 a\u00f1os tienen acceso a realizarse un PAP cada tres a\u00f1os o el examen del VPH. Sabemos que no m\u00e1s del 50% de las mujeres de ese rango etario se lo realiza. Esto est\u00e1 cubierto por el GES, tanto en la atenci\u00f3n primaria o en los Cesfam, como en el sistema privado. Es un derecho y no se est\u00e1 cumpliendo por distintas razones\u00bb.<\/p>\n\n\n\n<p>\u00bfPor qu\u00e9 la lista de espera es tan grande?<\/p>\n\n\n\n<p>\u00abPuede ser que las mujeres no hayan acudido a hacerse el examen o que no las hayan llamado para agendar o confirmar, por ejemplo, pero eso el Estado debe resolverlo. Esto no tiene que ver con recursos, se trata de gesti\u00f3n. Hay varias formas de resolverlo y de mejorar la cobertura\u00bb.<\/p>\n\n\n\n<p>\u00bfAlg\u00fan ejemplo?<\/p>\n\n\n\n<p>\u00abLo primero es informar a la poblaci\u00f3n y hacer campa\u00f1as, tal como se hace con las vacunas. El examen debe acercarse a la gente. Existe la autotoma: la mujer se acerca al Cesfam o a la cl\u00ednica, si es Isapre, se le entrega una t\u00f3rula y luego devuelve la muestra. Hay que informar que las mujeres que trabajan tienen derecho a medio d\u00eda libre para realizarse el examen. El c\u00e1ncer cervicouterino est\u00e1 invisibilizado\u00bb.<\/p>\n\n\n\n<p><a href=\"https:\/\/map.conectamedia.cl\/index.php\/clippingNews\/view?id=53453747&amp;email=559193&amp;fromemail=1\">Leer entrevista completa en LUN. <\/a><\/p>\n\n\n\n<figure class=\"wp-block-image size-full\"><img loading=\"lazy\" decoding=\"async\" width=\"2000\" height=\"2560\" src=\"https:\/\/gobierno.udd.cl\/cips\/files\/2026\/04\/2026-04-04_www-lun_-com_p_2026-04-04_pag4-scaled.jpg\" alt=\"\" class=\"wp-image-4311\" srcset=\"https:\/\/gobierno.udd.cl\/cips\/files\/2026\/04\/2026-04-04_www-lun_-com_p_2026-04-04_pag4-scaled.jpg 2000w, https:\/\/gobierno.udd.cl\/cips\/files\/2026\/04\/2026-04-04_www-lun_-com_p_2026-04-04_pag4-234x300.jpg 234w, https:\/\/gobierno.udd.cl\/cips\/files\/2026\/04\/2026-04-04_www-lun_-com_p_2026-04-04_pag4-800x1024.jpg 800w, https:\/\/gobierno.udd.cl\/cips\/files\/2026\/04\/2026-04-04_www-lun_-com_p_2026-04-04_pag4-768x983.jpg 768w, https:\/\/gobierno.udd.cl\/cips\/files\/2026\/04\/2026-04-04_www-lun_-com_p_2026-04-04_pag4-1200x1536.jpg 1200w, https:\/\/gobierno.udd.cl\/cips\/files\/2026\/04\/2026-04-04_www-lun_-com_p_2026-04-04_pag4-1600x2048.jpg 1600w\" sizes=\"auto, (max-width: 2000px) 100vw, 2000px\" \/><\/figure>\n","protected":false},"excerpt":{"rendered":"<p>Un estudio del Centro de Pol\u00edticas P\u00fablicas e Innovaci\u00f3n en Salud de la\u00a0Universidad del Desarrollo\u00a0(CIPS-UDD) determin\u00f3 que, de las 78.595 prestaciones retrasadas correspondientes a las Garant\u00edas Expl\u00edcitas en Salud (GES), el 24% est\u00e1 relacionado con el c\u00e1ncer: 19.046 De ese porcentaje, el mayor atraso corresponde al c\u00e1ncer cervicouterino, que pas\u00f3 de 2.842 en diciembre de [&hellip;]<\/p>\n","protected":false},"author":9192240,"featured_media":4219,"comment_status":"closed","ping_status":"open","sticky":false,"template":"","format":"standard","meta":{"footnotes":""},"categories":[4],"tags":[],"class_list":["post-4310","post","type-post","status-publish","format-standard","has-post-thumbnail","hentry","category-cips-en-la-prensa"],"yoast_head":"<!-- This site is optimized with the Yoast SEO plugin v26.9 - https:\/\/yoast.com\/product\/yoast-seo-wordpress\/ -->\n<title>Las \u00daltimas Noticias: Paula Daza se refiere a informe CIPS sobre retrasos en c\u00e1ncer - Centro de Pol\u00edticas P\u00fablicas e Innovaci\u00f3n en Salud<\/title>\n<meta name=\"robots\" content=\"index, follow, max-snippet:-1, max-image-preview:large, max-video-preview:-1\" \/>\n<link rel=\"canonical\" href=\"https:\/\/gobierno.udd.cl\/cips\/2026\/04\/04\/las-ultimas-noticias-paula-daza-se-refiere-a-informe-cips-sobre-retrasos-en-cancer\/\" \/>\n<meta property=\"og:locale\" content=\"es_ES\" \/>\n<meta property=\"og:type\" content=\"article\" \/>\n<meta property=\"og:title\" content=\"Las \u00daltimas Noticias: Paula Daza se refiere a informe CIPS sobre retrasos en c\u00e1ncer - Centro de Pol\u00edticas P\u00fablicas e Innovaci\u00f3n en Salud\" \/>\n<meta property=\"og:description\" content=\"Un estudio del Centro de Pol\u00edticas P\u00fablicas e Innovaci\u00f3n en Salud de la\u00a0Universidad del Desarrollo\u00a0(CIPS-UDD) determin\u00f3 que, de las 78.595 prestaciones retrasadas correspondientes a las Garant\u00edas Expl\u00edcitas en Salud (GES), el 24% est\u00e1 relacionado con el c\u00e1ncer: 19.046 De ese porcentaje, el mayor atraso corresponde al c\u00e1ncer cervicouterino, que pas\u00f3 de 2.842 en diciembre de [&hellip;]\" \/>\n<meta property=\"og:url\" content=\"https:\/\/gobierno.udd.cl\/cips\/2026\/04\/04\/las-ultimas-noticias-paula-daza-se-refiere-a-informe-cips-sobre-retrasos-en-cancer\/\" \/>\n<meta property=\"og:site_name\" content=\"Centro de Pol\u00edticas P\u00fablicas e Innovaci\u00f3n en Salud\" \/>\n<meta property=\"article:publisher\" content=\"https:\/\/www.facebook.com\/CIPS.UDD\" \/>\n<meta property=\"article:published_time\" content=\"2026-04-04T15:16:50+00:00\" \/>\n<meta property=\"article:modified_time\" content=\"2026-04-06T16:19:00+00:00\" \/>\n<meta property=\"og:image\" content=\"https:\/\/gobierno.udd.cl\/cips\/files\/2026\/02\/dazacips.jpg\" \/>\n\t<meta property=\"og:image:width\" content=\"370\" \/>\n\t<meta property=\"og:image:height\" content=\"178\" \/>\n\t<meta property=\"og:image:type\" content=\"image\/jpeg\" \/>\n<meta name=\"author\" content=\"claudiagodia\" \/>\n<meta name=\"twitter:card\" content=\"summary_large_image\" \/>\n<meta name=\"twitter:creator\" content=\"@CIPS_UDD\" \/>\n<meta name=\"twitter:site\" content=\"@CIPS_UDD\" \/>\n<meta name=\"twitter:label1\" content=\"Escrito por\" \/>\n\t<meta name=\"twitter:data1\" content=\"claudiagodia\" \/>\n\t<meta name=\"twitter:label2\" content=\"Tiempo de lectura\" \/>\n\t<meta name=\"twitter:data2\" content=\"3 minutos\" \/>\n<script type=\"application\/ld+json\" class=\"yoast-schema-graph\">{\"@context\":\"https:\/\/schema.org\",\"@graph\":[{\"@type\":\"Article\",\"@id\":\"https:\/\/gobierno.udd.cl\/cips\/2026\/04\/04\/las-ultimas-noticias-paula-daza-se-refiere-a-informe-cips-sobre-retrasos-en-cancer\/#article\",\"isPartOf\":{\"@id\":\"https:\/\/gobierno.udd.cl\/cips\/2026\/04\/04\/las-ultimas-noticias-paula-daza-se-refiere-a-informe-cips-sobre-retrasos-en-cancer\/\"},\"author\":{\"name\":\"claudiagodia\",\"@id\":\"https:\/\/gobierno.udd.cl\/cips\/#\/schema\/person\/a34b5db7e59307019967393aeeca7130\"},\"headline\":\"Las \u00daltimas Noticias: Paula Daza se refiere a informe CIPS sobre retrasos en c\u00e1ncer\",\"datePublished\":\"2026-04-04T15:16:50+00:00\",\"dateModified\":\"2026-04-06T16:19:00+00:00\",\"mainEntityOfPage\":{\"@id\":\"https:\/\/gobierno.udd.cl\/cips\/2026\/04\/04\/las-ultimas-noticias-paula-daza-se-refiere-a-informe-cips-sobre-retrasos-en-cancer\/\"},\"wordCount\":532,\"image\":{\"@id\":\"https:\/\/gobierno.udd.cl\/cips\/2026\/04\/04\/las-ultimas-noticias-paula-daza-se-refiere-a-informe-cips-sobre-retrasos-en-cancer\/#primaryimage\"},\"thumbnailUrl\":\"https:\/\/gobierno.udd.cl\/cips\/files\/2026\/02\/dazacips.jpg\",\"articleSection\":[\"CIPS en la prensa\"],\"inLanguage\":\"es\"},{\"@type\":\"WebPage\",\"@id\":\"https:\/\/gobierno.udd.cl\/cips\/2026\/04\/04\/las-ultimas-noticias-paula-daza-se-refiere-a-informe-cips-sobre-retrasos-en-cancer\/\",\"url\":\"https:\/\/gobierno.udd.cl\/cips\/2026\/04\/04\/las-ultimas-noticias-paula-daza-se-refiere-a-informe-cips-sobre-retrasos-en-cancer\/\",\"name\":\"Las \u00daltimas Noticias: Paula Daza se refiere a informe CIPS sobre retrasos en c\u00e1ncer - Centro de Pol\u00edticas P\u00fablicas e Innovaci\u00f3n en Salud\",\"isPartOf\":{\"@id\":\"https:\/\/gobierno.udd.cl\/cips\/#website\"},\"primaryImageOfPage\":{\"@id\":\"https:\/\/gobierno.udd.cl\/cips\/2026\/04\/04\/las-ultimas-noticias-paula-daza-se-refiere-a-informe-cips-sobre-retrasos-en-cancer\/#primaryimage\"},\"image\":{\"@id\":\"https:\/\/gobierno.udd.cl\/cips\/2026\/04\/04\/las-ultimas-noticias-paula-daza-se-refiere-a-informe-cips-sobre-retrasos-en-cancer\/#primaryimage\"},\"thumbnailUrl\":\"https:\/\/gobierno.udd.cl\/cips\/files\/2026\/02\/dazacips.jpg\",\"datePublished\":\"2026-04-04T15:16:50+00:00\",\"dateModified\":\"2026-04-06T16:19:00+00:00\",\"author\":{\"@id\":\"https:\/\/gobierno.udd.cl\/cips\/#\/schema\/person\/a34b5db7e59307019967393aeeca7130\"},\"breadcrumb\":{\"@id\":\"https:\/\/gobierno.udd.cl\/cips\/2026\/04\/04\/las-ultimas-noticias-paula-daza-se-refiere-a-informe-cips-sobre-retrasos-en-cancer\/#breadcrumb\"},\"inLanguage\":\"es\",\"potentialAction\":[{\"@type\":\"ReadAction\",\"target\":[\"https:\/\/gobierno.udd.cl\/cips\/2026\/04\/04\/las-ultimas-noticias-paula-daza-se-refiere-a-informe-cips-sobre-retrasos-en-cancer\/\"]}]},{\"@type\":\"ImageObject\",\"inLanguage\":\"es\",\"@id\":\"https:\/\/gobierno.udd.cl\/cips\/2026\/04\/04\/las-ultimas-noticias-paula-daza-se-refiere-a-informe-cips-sobre-retrasos-en-cancer\/#primaryimage\",\"url\":\"https:\/\/gobierno.udd.cl\/cips\/files\/2026\/02\/dazacips.jpg\",\"contentUrl\":\"https:\/\/gobierno.udd.cl\/cips\/files\/2026\/02\/dazacips.jpg\",\"width\":370,\"height\":178},{\"@type\":\"BreadcrumbList\",\"@id\":\"https:\/\/gobierno.udd.cl\/cips\/2026\/04\/04\/las-ultimas-noticias-paula-daza-se-refiere-a-informe-cips-sobre-retrasos-en-cancer\/#breadcrumb\",\"itemListElement\":[{\"@type\":\"ListItem\",\"position\":1,\"name\":\"Portada\",\"item\":\"https:\/\/gobierno.udd.cl\/cips\/\"},{\"@type\":\"ListItem\",\"position\":2,\"name\":\"Las \u00daltimas Noticias: Paula Daza se refiere a informe CIPS sobre retrasos en c\u00e1ncer\"}]},{\"@type\":\"WebSite\",\"@id\":\"https:\/\/gobierno.udd.cl\/cips\/#website\",\"url\":\"https:\/\/gobierno.udd.cl\/cips\/\",\"name\":\"Centro de Pol\u00edticas P\u00fablicas e Innovaci\u00f3n en Salud\",\"description\":\"CIPS-UDD\",\"inLanguage\":\"es\"},{\"@type\":\"Person\",\"@id\":\"https:\/\/gobierno.udd.cl\/cips\/#\/schema\/person\/a34b5db7e59307019967393aeeca7130\",\"name\":\"claudiagodia\",\"image\":{\"@type\":\"ImageObject\",\"inLanguage\":\"es\",\"@id\":\"https:\/\/gobierno.udd.cl\/cips\/#\/schema\/person\/image\/\",\"url\":\"https:\/\/secure.gravatar.com\/avatar\/c7c585f20c9cd5b1fc8956abfd060f1af449288eb4e630466a5a53a84641a9ca?s=96&d=mm&r=g\",\"contentUrl\":\"https:\/\/secure.gravatar.com\/avatar\/c7c585f20c9cd5b1fc8956abfd060f1af449288eb4e630466a5a53a84641a9ca?s=96&d=mm&r=g\",\"caption\":\"claudiagodia\"},\"url\":\"https:\/\/gobierno.udd.cl\/cips\/author\/claudiagodia\/\"}]}<\/script>\n<!-- \/ Yoast SEO plugin. -->","yoast_head_json":{"title":"Las \u00daltimas Noticias: Paula Daza se refiere a informe CIPS sobre retrasos en c\u00e1ncer - Centro de Pol\u00edticas P\u00fablicas e Innovaci\u00f3n en Salud","robots":{"index":"index","follow":"follow","max-snippet":"max-snippet:-1","max-image-preview":"max-image-preview:large","max-video-preview":"max-video-preview:-1"},"canonical":"https:\/\/gobierno.udd.cl\/cips\/2026\/04\/04\/las-ultimas-noticias-paula-daza-se-refiere-a-informe-cips-sobre-retrasos-en-cancer\/","og_locale":"es_ES","og_type":"article","og_title":"Las \u00daltimas Noticias: Paula Daza se refiere a informe CIPS sobre retrasos en c\u00e1ncer - Centro de Pol\u00edticas P\u00fablicas e Innovaci\u00f3n en Salud","og_description":"Un estudio del Centro de Pol\u00edticas P\u00fablicas e Innovaci\u00f3n en Salud de la\u00a0Universidad del Desarrollo\u00a0(CIPS-UDD) determin\u00f3 que, de las 78.595 prestaciones retrasadas correspondientes a las Garant\u00edas Expl\u00edcitas en Salud (GES), el 24% est\u00e1 relacionado con el c\u00e1ncer: 19.046 De ese porcentaje, el mayor atraso corresponde al c\u00e1ncer cervicouterino, que pas\u00f3 de 2.842 en diciembre de [&hellip;]","og_url":"https:\/\/gobierno.udd.cl\/cips\/2026\/04\/04\/las-ultimas-noticias-paula-daza-se-refiere-a-informe-cips-sobre-retrasos-en-cancer\/","og_site_name":"Centro de Pol\u00edticas P\u00fablicas e Innovaci\u00f3n en Salud","article_publisher":"https:\/\/www.facebook.com\/CIPS.UDD","article_published_time":"2026-04-04T15:16:50+00:00","article_modified_time":"2026-04-06T16:19:00+00:00","og_image":[{"width":370,"height":178,"url":"https:\/\/gobierno.udd.cl\/cips\/files\/2026\/02\/dazacips.jpg","type":"image\/jpeg"}],"author":"claudiagodia","twitter_card":"summary_large_image","twitter_creator":"@CIPS_UDD","twitter_site":"@CIPS_UDD","twitter_misc":{"Escrito por":"claudiagodia","Tiempo de lectura":"3 minutos"},"schema":{"@context":"https:\/\/schema.org","@graph":[{"@type":"Article","@id":"https:\/\/gobierno.udd.cl\/cips\/2026\/04\/04\/las-ultimas-noticias-paula-daza-se-refiere-a-informe-cips-sobre-retrasos-en-cancer\/#article","isPartOf":{"@id":"https:\/\/gobierno.udd.cl\/cips\/2026\/04\/04\/las-ultimas-noticias-paula-daza-se-refiere-a-informe-cips-sobre-retrasos-en-cancer\/"},"author":{"name":"claudiagodia","@id":"https:\/\/gobierno.udd.cl\/cips\/#\/schema\/person\/a34b5db7e59307019967393aeeca7130"},"headline":"Las \u00daltimas Noticias: Paula Daza se refiere a informe CIPS sobre retrasos en c\u00e1ncer","datePublished":"2026-04-04T15:16:50+00:00","dateModified":"2026-04-06T16:19:00+00:00","mainEntityOfPage":{"@id":"https:\/\/gobierno.udd.cl\/cips\/2026\/04\/04\/las-ultimas-noticias-paula-daza-se-refiere-a-informe-cips-sobre-retrasos-en-cancer\/"},"wordCount":532,"image":{"@id":"https:\/\/gobierno.udd.cl\/cips\/2026\/04\/04\/las-ultimas-noticias-paula-daza-se-refiere-a-informe-cips-sobre-retrasos-en-cancer\/#primaryimage"},"thumbnailUrl":"https:\/\/gobierno.udd.cl\/cips\/files\/2026\/02\/dazacips.jpg","articleSection":["CIPS en la prensa"],"inLanguage":"es"},{"@type":"WebPage","@id":"https:\/\/gobierno.udd.cl\/cips\/2026\/04\/04\/las-ultimas-noticias-paula-daza-se-refiere-a-informe-cips-sobre-retrasos-en-cancer\/","url":"https:\/\/gobierno.udd.cl\/cips\/2026\/04\/04\/las-ultimas-noticias-paula-daza-se-refiere-a-informe-cips-sobre-retrasos-en-cancer\/","name":"Las \u00daltimas Noticias: Paula Daza se refiere a informe CIPS sobre retrasos en c\u00e1ncer - Centro de Pol\u00edticas P\u00fablicas e Innovaci\u00f3n en Salud","isPartOf":{"@id":"https:\/\/gobierno.udd.cl\/cips\/#website"},"primaryImageOfPage":{"@id":"https:\/\/gobierno.udd.cl\/cips\/2026\/04\/04\/las-ultimas-noticias-paula-daza-se-refiere-a-informe-cips-sobre-retrasos-en-cancer\/#primaryimage"},"image":{"@id":"https:\/\/gobierno.udd.cl\/cips\/2026\/04\/04\/las-ultimas-noticias-paula-daza-se-refiere-a-informe-cips-sobre-retrasos-en-cancer\/#primaryimage"},"thumbnailUrl":"https:\/\/gobierno.udd.cl\/cips\/files\/2026\/02\/dazacips.jpg","datePublished":"2026-04-04T15:16:50+00:00","dateModified":"2026-04-06T16:19:00+00:00","author":{"@id":"https:\/\/gobierno.udd.cl\/cips\/#\/schema\/person\/a34b5db7e59307019967393aeeca7130"},"breadcrumb":{"@id":"https:\/\/gobierno.udd.cl\/cips\/2026\/04\/04\/las-ultimas-noticias-paula-daza-se-refiere-a-informe-cips-sobre-retrasos-en-cancer\/#breadcrumb"},"inLanguage":"es","potentialAction":[{"@type":"ReadAction","target":["https:\/\/gobierno.udd.cl\/cips\/2026\/04\/04\/las-ultimas-noticias-paula-daza-se-refiere-a-informe-cips-sobre-retrasos-en-cancer\/"]}]},{"@type":"ImageObject","inLanguage":"es","@id":"https:\/\/gobierno.udd.cl\/cips\/2026\/04\/04\/las-ultimas-noticias-paula-daza-se-refiere-a-informe-cips-sobre-retrasos-en-cancer\/#primaryimage","url":"https:\/\/gobierno.udd.cl\/cips\/files\/2026\/02\/dazacips.jpg","contentUrl":"https:\/\/gobierno.udd.cl\/cips\/files\/2026\/02\/dazacips.jpg","width":370,"height":178},{"@type":"BreadcrumbList","@id":"https:\/\/gobierno.udd.cl\/cips\/2026\/04\/04\/las-ultimas-noticias-paula-daza-se-refiere-a-informe-cips-sobre-retrasos-en-cancer\/#breadcrumb","itemListElement":[{"@type":"ListItem","position":1,"name":"Portada","item":"https:\/\/gobierno.udd.cl\/cips\/"},{"@type":"ListItem","position":2,"name":"Las \u00daltimas Noticias: Paula Daza se refiere a informe CIPS sobre retrasos en c\u00e1ncer"}]},{"@type":"WebSite","@id":"https:\/\/gobierno.udd.cl\/cips\/#website","url":"https:\/\/gobierno.udd.cl\/cips\/","name":"Centro de Pol\u00edticas P\u00fablicas e Innovaci\u00f3n en Salud","description":"CIPS-UDD","inLanguage":"es"},{"@type":"Person","@id":"https:\/\/gobierno.udd.cl\/cips\/#\/schema\/person\/a34b5db7e59307019967393aeeca7130","name":"claudiagodia","image":{"@type":"ImageObject","inLanguage":"es","@id":"https:\/\/gobierno.udd.cl\/cips\/#\/schema\/person\/image\/","url":"https:\/\/secure.gravatar.com\/avatar\/c7c585f20c9cd5b1fc8956abfd060f1af449288eb4e630466a5a53a84641a9ca?s=96&d=mm&r=g","contentUrl":"https:\/\/secure.gravatar.com\/avatar\/c7c585f20c9cd5b1fc8956abfd060f1af449288eb4e630466a5a53a84641a9ca?s=96&d=mm&r=g","caption":"claudiagodia"},"url":"https:\/\/gobierno.udd.cl\/cips\/author\/claudiagodia\/"}]}},"featured_image_url":"https:\/\/gobierno.udd.cl\/cips\/files\/2026\/02\/dazacips.jpg","_links":{"self":[{"href":"https:\/\/gobierno.udd.cl\/cips\/wp-json\/wp\/v2\/posts\/4310","targetHints":{"allow":["GET"]}}],"collection":[{"href":"https:\/\/gobierno.udd.cl\/cips\/wp-json\/wp\/v2\/posts"}],"about":[{"href":"https:\/\/gobierno.udd.cl\/cips\/wp-json\/wp\/v2\/types\/post"}],"author":[{"embeddable":true,"href":"https:\/\/gobierno.udd.cl\/cips\/wp-json\/wp\/v2\/users\/9192240"}],"replies":[{"embeddable":true,"href":"https:\/\/gobierno.udd.cl\/cips\/wp-json\/wp\/v2\/comments?post=4310"}],"version-history":[{"count":1,"href":"https:\/\/gobierno.udd.cl\/cips\/wp-json\/wp\/v2\/posts\/4310\/revisions"}],"predecessor-version":[{"id":4312,"href":"https:\/\/gobierno.udd.cl\/cips\/wp-json\/wp\/v2\/posts\/4310\/revisions\/4312"}],"wp:featuredmedia":[{"embeddable":true,"href":"https:\/\/gobierno.udd.cl\/cips\/wp-json\/wp\/v2\/media\/4219"}],"wp:attachment":[{"href":"https:\/\/gobierno.udd.cl\/cips\/wp-json\/wp\/v2\/media?parent=4310"}],"wp:term":[{"taxonomy":"category","embeddable":true,"href":"https:\/\/gobierno.udd.cl\/cips\/wp-json\/wp\/v2\/categories?post=4310"},{"taxonomy":"post_tag","embeddable":true,"href":"https:\/\/gobierno.udd.cl\/cips\/wp-json\/wp\/v2\/tags?post=4310"}],"curies":[{"name":"wp","href":"https:\/\/api.w.org\/{rel}","templated":true}]}}