{"id":4023,"date":"2025-07-15T10:43:59","date_gmt":"2025-07-15T14:43:59","guid":{"rendered":"https:\/\/gobierno.udd.cl\/cips\/?p=4023"},"modified":"2025-07-25T10:45:45","modified_gmt":"2025-07-25T14:45:45","slug":"cips-udd-participa-en-programa-internacional-sobre-evaluacion-y-acuerdos-de-riesgo-compartido-en-salud","status":"publish","type":"post","link":"https:\/\/gobierno.udd.cl\/cips\/2025\/07\/15\/cips-udd-participa-en-programa-internacional-sobre-evaluacion-y-acuerdos-de-riesgo-compartido-en-salud\/","title":{"rendered":"CIPS UDD participa en programa internacional sobre evaluaci\u00f3n y acuerdos de riesgo compartido en salud"},"content":{"rendered":"\n<p><em>Encuentro en Madrid reuni\u00f3 a referentes de Latinoam\u00e9rica y Europa para abordar soluciones innovadoras en acceso y sostenibilidad de los sistemas sanitarios.<\/em><\/p>\n\n\n\n<p>Las investigadoras Camila Skewes y Elvira Tagle, del Centro de Pol\u00edticas P\u00fablicas e Innovaci\u00f3n en Salud (CIPS), participaron en el Programa Executive \u201cLa evaluaci\u00f3n como pilar de los acuerdos de riesgo compartido en el sector salud\u201d, organizado por la Fundaci\u00f3n Gaspar Casal, con la colaboraci\u00f3n de Adium.<\/p>\n\n\n\n<p>La actividad se desarroll\u00f3 entre el 8 y el 11 de julio en Madrid, Espa\u00f1a, y reuni\u00f3 a expertos, autoridades sanitarias y representantes de organizaciones p\u00fablicas y privadas de toda Latinoam\u00e9rica.<\/p>\n\n\n\n<p>El encuentro tuvo como objetivo profundizar en herramientas de evaluaci\u00f3n, modelos de financiamiento y experiencias exitosas en la implementaci\u00f3n de acuerdos de riesgo compartido, una estrategia que busca garantizar el acceso a tratamientos innovadores mediante mecanismos que equilibren los costos y resultados en salud.<\/p>\n\n\n\n<p>Durante las jornadas se abordaron tem\u00e1ticas como el uso de <em>big data <\/em>en la gesti\u00f3n de sistemas sanitarios, los umbrales de eficiencia en evaluaci\u00f3n econ\u00f3mica, modelos de compra innovadores y experiencias comparadas en Europa y Am\u00e9rica Latina. Estos contenidos fueron discutidos desde una perspectiva t\u00e9cnica, colaborativa y con foco en la sostenibilidad de los sistemas de salud.<\/p>\n\n\n<section class=\"wp-block-udd-gallery-carousel wp-carousel-gallery\">\n\t<div class=\"container\">\n\t\t<div\n\t\t\tclass=\"slick-carousel gallery-slick-carousel gallery-carousel--1\"\n\t\t\tdata-slick='{&quot;slidesToScroll&quot;:1,&quot;slidesToShow&quot;:1,&quot;appendDots&quot;:&quot;#dots-69f51905cf941&quot;,&quot;prevArrow&quot;:&quot;&lt;button type=\\&quot;button\\&quot; class=\\&quot;btn btn-primary slick-prev\\&quot;&gt;&lt;svg class=\\&quot;svg-chevron-left-dims\\&quot;&gt;&lt;use xlink:href=&#039;https:\\\/\\\/gobierno.udd.cl\\\/cips\\\/wp-content\\\/themes\\\/facultades-2018\\\/assets\\\/img\\\/svg\\\/dist\\\/main.svg?version=1695853099#chevron-left&#039;&gt;&lt;\\\/use&gt;&lt;\\\/svg&gt;&lt;span class=\\&quot;sr-only\\&quot;&gt;Anterior&lt;\\\/span&gt;&lt;\\\/button&gt;&quot;,&quot;nextArrow&quot;:&quot;&lt;button type=\\&quot;button\\&quot; class=\\&quot;btn btn-primary slick-next\\&quot;&gt;&lt;svg class=\\&quot;svg-chevron-right-dims\\&quot;&gt;&lt;use xlink:href=&#039;https:\\\/\\\/gobierno.udd.cl\\\/cips\\\/wp-content\\\/themes\\\/facultades-2018\\\/assets\\\/img\\\/svg\\\/dist\\\/main.svg?version=1695853099#chevron-right&#039;&gt;&lt;\\\/use&gt;&lt;\\\/svg&gt;&lt;span class=\\&quot;sr-only\\&quot;&gt;Siguiente&lt;\\\/span&gt;&lt;\\\/button&gt;&quot;,&quot;infinite&quot;:true,&quot;dots&quot;:true}'\n\t\t>\n\t\t\t\t\t\t\t<figure>\n\t\t\t\t\t<img loading=\"lazy\" decoding=\"async\" width=\"540\" height=\"720\" src=\"https:\/\/gobierno.udd.cl\/cips\/wp-content\/plugins\/wp-async-img-load\/blank.png\" class=\"attachment-1280x720 size-1280x720 lazyload\" alt=\"\" sizes=\"auto, (max-width: 540px) 100vw, 540px\" data-src=\"https:\/\/gobierno.udd.cl\/cips\/files\/2025\/07\/whatsapp-image-2025-07-23-at-15-53-32-3.jpeg\" data-srcset=\"https:\/\/gobierno.udd.cl\/cips\/files\/2025\/07\/whatsapp-image-2025-07-23-at-15-53-32-3.jpeg 1200w, https:\/\/gobierno.udd.cl\/cips\/files\/2025\/07\/whatsapp-image-2025-07-23-at-15-53-32-3-225x300.jpeg 225w, https:\/\/gobierno.udd.cl\/cips\/files\/2025\/07\/whatsapp-image-2025-07-23-at-15-53-32-3-768x1024.jpeg 768w, https:\/\/gobierno.udd.cl\/cips\/files\/2025\/07\/whatsapp-image-2025-07-23-at-15-53-32-3-1152x1536.jpeg 1152w\" \/>\t\t\t\t\t\t\t\t\t<\/figure>\n\t\t\t\t\t\t\t<figure>\n\t\t\t\t\t<img loading=\"lazy\" decoding=\"async\" width=\"1080\" height=\"720\" src=\"https:\/\/gobierno.udd.cl\/cips\/wp-content\/plugins\/wp-async-img-load\/blank.png\" class=\"attachment-1280x720 size-1280x720 lazyload\" alt=\"\" sizes=\"auto, (max-width: 1080px) 100vw, 1080px\" data-src=\"https:\/\/gobierno.udd.cl\/cips\/files\/2025\/07\/whatsapp-image-2025-07-23-at-15-53-32-2.jpeg\" data-srcset=\"https:\/\/gobierno.udd.cl\/cips\/files\/2025\/07\/whatsapp-image-2025-07-23-at-15-53-32-2.jpeg 1280w, https:\/\/gobierno.udd.cl\/cips\/files\/2025\/07\/whatsapp-image-2025-07-23-at-15-53-32-2-300x200.jpeg 300w, https:\/\/gobierno.udd.cl\/cips\/files\/2025\/07\/whatsapp-image-2025-07-23-at-15-53-32-2-1024x682.jpeg 1024w, https:\/\/gobierno.udd.cl\/cips\/files\/2025\/07\/whatsapp-image-2025-07-23-at-15-53-32-2-768x512.jpeg 768w\" \/>\t\t\t\t\t\t\t\t\t<\/figure>\n\t\t\t\t\t\t\t<figure>\n\t\t\t\t\t<img loading=\"lazy\" decoding=\"async\" width=\"1080\" height=\"720\" src=\"https:\/\/gobierno.udd.cl\/cips\/wp-content\/plugins\/wp-async-img-load\/blank.png\" class=\"attachment-1280x720 size-1280x720 lazyload\" alt=\"\" sizes=\"auto, (max-width: 1080px) 100vw, 1080px\" data-src=\"https:\/\/gobierno.udd.cl\/cips\/files\/2025\/07\/whatsapp-image-2025-07-23-at-15-53-32.jpeg\" data-srcset=\"https:\/\/gobierno.udd.cl\/cips\/files\/2025\/07\/whatsapp-image-2025-07-23-at-15-53-32.jpeg 1280w, https:\/\/gobierno.udd.cl\/cips\/files\/2025\/07\/whatsapp-image-2025-07-23-at-15-53-32-300x200.jpeg 300w, https:\/\/gobierno.udd.cl\/cips\/files\/2025\/07\/whatsapp-image-2025-07-23-at-15-53-32-1024x682.jpeg 1024w, https:\/\/gobierno.udd.cl\/cips\/files\/2025\/07\/whatsapp-image-2025-07-23-at-15-53-32-768x512.jpeg 768w\" \/>\t\t\t\t\t\t\t\t\t<\/figure>\n\t\t\t\t\t\t\t<figure>\n\t\t\t\t\t<img loading=\"lazy\" decoding=\"async\" width=\"1080\" height=\"720\" src=\"https:\/\/gobierno.udd.cl\/cips\/wp-content\/plugins\/wp-async-img-load\/blank.png\" class=\"attachment-1280x720 size-1280x720 lazyload\" alt=\"\" sizes=\"auto, (max-width: 1080px) 100vw, 1080px\" data-src=\"https:\/\/gobierno.udd.cl\/cips\/files\/2025\/07\/whatsapp-image-2025-07-23-at-15-53-31.jpeg\" data-srcset=\"https:\/\/gobierno.udd.cl\/cips\/files\/2025\/07\/whatsapp-image-2025-07-23-at-15-53-31.jpeg 1280w, https:\/\/gobierno.udd.cl\/cips\/files\/2025\/07\/whatsapp-image-2025-07-23-at-15-53-31-300x200.jpeg 300w, https:\/\/gobierno.udd.cl\/cips\/files\/2025\/07\/whatsapp-image-2025-07-23-at-15-53-31-1024x682.jpeg 1024w, https:\/\/gobierno.udd.cl\/cips\/files\/2025\/07\/whatsapp-image-2025-07-23-at-15-53-31-768x512.jpeg 768w\" \/>\t\t\t\t\t\t\t\t\t<\/figure>\n\t\t\t\t\t<\/div>\n\t\t<div\n\t\t\tclass=\"carousel-gallery--carousel-dots\"\n\t\t\tid=\"dots-69f51905cf941\"\n\t\t><\/div>\n\t<\/div>\n<\/section>\n\n\n\n<p>Adem\u00e1s, como parte del programa, las investigadoras participaron en dos visitas a centros hospitalarios de referencia: el Hospital Universitario 12 de Octubre y el Hospital Universitario Fundaci\u00f3n Jim\u00e9nez D\u00edaz. \u201cEstas instancias nos permitieron conocer en terreno innovaciones implementadas en el sistema de salud espa\u00f1ol, como mejoras en la farmacia hospitalaria y la entrega de medicamentos, el uso de inteligencia artificial para registrar la ficha cl\u00ednica del paciente y ofrecer una atenci\u00f3n m\u00e1s personalizada, as\u00ed como tambi\u00e9n el uso de dispositivos de teleurgencia para optimizar la respuesta ante emergencias\u201d, explic\u00f3 Camila SKewes.<\/p>\n\n\n\n<p>\u201cEste tipo de encuentros son fundamentales para pensar soluciones innovadoras desde una perspectiva t\u00e9cnica y colaborativa, con foco en el bienestar de las personas\u201d, se\u00f1al\u00f3 Elvira Tagle, agregando que \u201ctambi\u00e9n nos permite conocer de primera fuente buenas pr\u00e1cticas internacionales, generar redes de colaboraci\u00f3n y reforzar nuestro compromiso con el dise\u00f1o de pol\u00edticas p\u00fablicas basadas en evidencia\u201d.<\/p>\n","protected":false},"excerpt":{"rendered":"<p>Encuentro en Madrid reuni\u00f3 a referentes de Latinoam\u00e9rica y Europa para abordar soluciones innovadoras en acceso y sostenibilidad de los sistemas sanitarios. Las investigadoras Camila Skewes y Elvira Tagle, del Centro de Pol\u00edticas P\u00fablicas e Innovaci\u00f3n en Salud (CIPS), participaron en el Programa Executive \u201cLa evaluaci\u00f3n como pilar de los acuerdos de riesgo compartido en [&hellip;]<\/p>\n","protected":false},"author":9192240,"featured_media":4026,"comment_status":"closed","ping_status":"open","sticky":false,"template":"","format":"standard","meta":{"footnotes":""},"categories":[3],"tags":[],"class_list":["post-4023","post","type-post","status-publish","format-standard","has-post-thumbnail","hentry","category-noticias"],"yoast_head":"<!-- This site is optimized with the Yoast SEO plugin v26.9 - https:\/\/yoast.com\/product\/yoast-seo-wordpress\/ -->\n<title>CIPS UDD participa en programa internacional sobre evaluaci\u00f3n y acuerdos de riesgo compartido en salud - Centro de Pol\u00edticas P\u00fablicas e Innovaci\u00f3n en Salud<\/title>\n<meta name=\"robots\" content=\"index, follow, max-snippet:-1, max-image-preview:large, max-video-preview:-1\" \/>\n<link rel=\"canonical\" href=\"https:\/\/gobierno.udd.cl\/cips\/2025\/07\/15\/cips-udd-participa-en-programa-internacional-sobre-evaluacion-y-acuerdos-de-riesgo-compartido-en-salud\/\" \/>\n<meta property=\"og:locale\" content=\"es_ES\" \/>\n<meta property=\"og:type\" content=\"article\" \/>\n<meta property=\"og:title\" content=\"CIPS UDD participa en programa internacional sobre evaluaci\u00f3n y acuerdos de riesgo compartido en salud - Centro de Pol\u00edticas P\u00fablicas e Innovaci\u00f3n en Salud\" \/>\n<meta property=\"og:description\" content=\"Encuentro en Madrid reuni\u00f3 a referentes de Latinoam\u00e9rica y Europa para abordar soluciones innovadoras en acceso y sostenibilidad de los sistemas sanitarios. Las investigadoras Camila Skewes y Elvira Tagle, del Centro de Pol\u00edticas P\u00fablicas e Innovaci\u00f3n en Salud (CIPS), participaron en el Programa Executive \u201cLa evaluaci\u00f3n como pilar de los acuerdos de riesgo compartido en [&hellip;]\" \/>\n<meta property=\"og:url\" content=\"https:\/\/gobierno.udd.cl\/cips\/2025\/07\/15\/cips-udd-participa-en-programa-internacional-sobre-evaluacion-y-acuerdos-de-riesgo-compartido-en-salud\/\" \/>\n<meta property=\"og:site_name\" content=\"Centro de Pol\u00edticas P\u00fablicas e Innovaci\u00f3n en Salud\" \/>\n<meta property=\"article:publisher\" content=\"https:\/\/www.facebook.com\/CIPS.UDD\" \/>\n<meta property=\"article:published_time\" content=\"2025-07-15T14:43:59+00:00\" \/>\n<meta property=\"article:modified_time\" content=\"2025-07-25T14:45:45+00:00\" \/>\n<meta property=\"og:image\" content=\"https:\/\/gobierno.udd.cl\/cips\/files\/2025\/07\/whatsapp-image-2025-07-23-at-15-53-32-2.jpeg\" \/>\n\t<meta property=\"og:image:width\" content=\"1280\" \/>\n\t<meta property=\"og:image:height\" content=\"853\" \/>\n\t<meta property=\"og:image:type\" content=\"image\/jpeg\" \/>\n<meta name=\"author\" content=\"claudiagodia\" \/>\n<meta name=\"twitter:card\" content=\"summary_large_image\" \/>\n<meta name=\"twitter:creator\" content=\"@CIPS_UDD\" \/>\n<meta name=\"twitter:site\" content=\"@CIPS_UDD\" \/>\n<meta name=\"twitter:label1\" content=\"Escrito por\" \/>\n\t<meta name=\"twitter:data1\" content=\"claudiagodia\" \/>\n\t<meta name=\"twitter:label2\" content=\"Tiempo de lectura\" \/>\n\t<meta name=\"twitter:data2\" content=\"3 minutos\" \/>\n<script type=\"application\/ld+json\" class=\"yoast-schema-graph\">{\"@context\":\"https:\/\/schema.org\",\"@graph\":[{\"@type\":\"Article\",\"@id\":\"https:\/\/gobierno.udd.cl\/cips\/2025\/07\/15\/cips-udd-participa-en-programa-internacional-sobre-evaluacion-y-acuerdos-de-riesgo-compartido-en-salud\/#article\",\"isPartOf\":{\"@id\":\"https:\/\/gobierno.udd.cl\/cips\/2025\/07\/15\/cips-udd-participa-en-programa-internacional-sobre-evaluacion-y-acuerdos-de-riesgo-compartido-en-salud\/\"},\"author\":{\"name\":\"claudiagodia\",\"@id\":\"https:\/\/gobierno.udd.cl\/cips\/#\/schema\/person\/a34b5db7e59307019967393aeeca7130\"},\"headline\":\"CIPS UDD participa en programa internacional sobre evaluaci\u00f3n y acuerdos de riesgo compartido en salud\",\"datePublished\":\"2025-07-15T14:43:59+00:00\",\"dateModified\":\"2025-07-25T14:45:45+00:00\",\"mainEntityOfPage\":{\"@id\":\"https:\/\/gobierno.udd.cl\/cips\/2025\/07\/15\/cips-udd-participa-en-programa-internacional-sobre-evaluacion-y-acuerdos-de-riesgo-compartido-en-salud\/\"},\"wordCount\":396,\"image\":{\"@id\":\"https:\/\/gobierno.udd.cl\/cips\/2025\/07\/15\/cips-udd-participa-en-programa-internacional-sobre-evaluacion-y-acuerdos-de-riesgo-compartido-en-salud\/#primaryimage\"},\"thumbnailUrl\":\"https:\/\/gobierno.udd.cl\/cips\/files\/2025\/07\/whatsapp-image-2025-07-23-at-15-53-32-2.jpeg\",\"articleSection\":[\"Noticias\"],\"inLanguage\":\"es\"},{\"@type\":\"WebPage\",\"@id\":\"https:\/\/gobierno.udd.cl\/cips\/2025\/07\/15\/cips-udd-participa-en-programa-internacional-sobre-evaluacion-y-acuerdos-de-riesgo-compartido-en-salud\/\",\"url\":\"https:\/\/gobierno.udd.cl\/cips\/2025\/07\/15\/cips-udd-participa-en-programa-internacional-sobre-evaluacion-y-acuerdos-de-riesgo-compartido-en-salud\/\",\"name\":\"CIPS UDD participa en programa internacional sobre evaluaci\u00f3n y acuerdos de riesgo compartido en salud - Centro de Pol\u00edticas P\u00fablicas e Innovaci\u00f3n en Salud\",\"isPartOf\":{\"@id\":\"https:\/\/gobierno.udd.cl\/cips\/#website\"},\"primaryImageOfPage\":{\"@id\":\"https:\/\/gobierno.udd.cl\/cips\/2025\/07\/15\/cips-udd-participa-en-programa-internacional-sobre-evaluacion-y-acuerdos-de-riesgo-compartido-en-salud\/#primaryimage\"},\"image\":{\"@id\":\"https:\/\/gobierno.udd.cl\/cips\/2025\/07\/15\/cips-udd-participa-en-programa-internacional-sobre-evaluacion-y-acuerdos-de-riesgo-compartido-en-salud\/#primaryimage\"},\"thumbnailUrl\":\"https:\/\/gobierno.udd.cl\/cips\/files\/2025\/07\/whatsapp-image-2025-07-23-at-15-53-32-2.jpeg\",\"datePublished\":\"2025-07-15T14:43:59+00:00\",\"dateModified\":\"2025-07-25T14:45:45+00:00\",\"author\":{\"@id\":\"https:\/\/gobierno.udd.cl\/cips\/#\/schema\/person\/a34b5db7e59307019967393aeeca7130\"},\"breadcrumb\":{\"@id\":\"https:\/\/gobierno.udd.cl\/cips\/2025\/07\/15\/cips-udd-participa-en-programa-internacional-sobre-evaluacion-y-acuerdos-de-riesgo-compartido-en-salud\/#breadcrumb\"},\"inLanguage\":\"es\",\"potentialAction\":[{\"@type\":\"ReadAction\",\"target\":[\"https:\/\/gobierno.udd.cl\/cips\/2025\/07\/15\/cips-udd-participa-en-programa-internacional-sobre-evaluacion-y-acuerdos-de-riesgo-compartido-en-salud\/\"]}]},{\"@type\":\"ImageObject\",\"inLanguage\":\"es\",\"@id\":\"https:\/\/gobierno.udd.cl\/cips\/2025\/07\/15\/cips-udd-participa-en-programa-internacional-sobre-evaluacion-y-acuerdos-de-riesgo-compartido-en-salud\/#primaryimage\",\"url\":\"https:\/\/gobierno.udd.cl\/cips\/files\/2025\/07\/whatsapp-image-2025-07-23-at-15-53-32-2.jpeg\",\"contentUrl\":\"https:\/\/gobierno.udd.cl\/cips\/files\/2025\/07\/whatsapp-image-2025-07-23-at-15-53-32-2.jpeg\",\"width\":1280,\"height\":853},{\"@type\":\"BreadcrumbList\",\"@id\":\"https:\/\/gobierno.udd.cl\/cips\/2025\/07\/15\/cips-udd-participa-en-programa-internacional-sobre-evaluacion-y-acuerdos-de-riesgo-compartido-en-salud\/#breadcrumb\",\"itemListElement\":[{\"@type\":\"ListItem\",\"position\":1,\"name\":\"Portada\",\"item\":\"https:\/\/gobierno.udd.cl\/cips\/\"},{\"@type\":\"ListItem\",\"position\":2,\"name\":\"CIPS UDD participa en programa internacional sobre evaluaci\u00f3n y acuerdos de riesgo compartido en salud\"}]},{\"@type\":\"WebSite\",\"@id\":\"https:\/\/gobierno.udd.cl\/cips\/#website\",\"url\":\"https:\/\/gobierno.udd.cl\/cips\/\",\"name\":\"Centro de Pol\u00edticas P\u00fablicas e Innovaci\u00f3n en Salud\",\"description\":\"CIPS-UDD\",\"inLanguage\":\"es\"},{\"@type\":\"Person\",\"@id\":\"https:\/\/gobierno.udd.cl\/cips\/#\/schema\/person\/a34b5db7e59307019967393aeeca7130\",\"name\":\"claudiagodia\",\"image\":{\"@type\":\"ImageObject\",\"inLanguage\":\"es\",\"@id\":\"https:\/\/gobierno.udd.cl\/cips\/#\/schema\/person\/image\/\",\"url\":\"https:\/\/secure.gravatar.com\/avatar\/c7c585f20c9cd5b1fc8956abfd060f1af449288eb4e630466a5a53a84641a9ca?s=96&d=mm&r=g\",\"contentUrl\":\"https:\/\/secure.gravatar.com\/avatar\/c7c585f20c9cd5b1fc8956abfd060f1af449288eb4e630466a5a53a84641a9ca?s=96&d=mm&r=g\",\"caption\":\"claudiagodia\"},\"url\":\"https:\/\/gobierno.udd.cl\/cips\/author\/claudiagodia\/\"}]}<\/script>\n<!-- \/ Yoast SEO plugin. -->","yoast_head_json":{"title":"CIPS UDD participa en programa internacional sobre evaluaci\u00f3n y acuerdos de riesgo compartido en salud - Centro de Pol\u00edticas P\u00fablicas e Innovaci\u00f3n en Salud","robots":{"index":"index","follow":"follow","max-snippet":"max-snippet:-1","max-image-preview":"max-image-preview:large","max-video-preview":"max-video-preview:-1"},"canonical":"https:\/\/gobierno.udd.cl\/cips\/2025\/07\/15\/cips-udd-participa-en-programa-internacional-sobre-evaluacion-y-acuerdos-de-riesgo-compartido-en-salud\/","og_locale":"es_ES","og_type":"article","og_title":"CIPS UDD participa en programa internacional sobre evaluaci\u00f3n y acuerdos de riesgo compartido en salud - Centro de Pol\u00edticas P\u00fablicas e Innovaci\u00f3n en Salud","og_description":"Encuentro en Madrid reuni\u00f3 a referentes de Latinoam\u00e9rica y Europa para abordar soluciones innovadoras en acceso y sostenibilidad de los sistemas sanitarios. Las investigadoras Camila Skewes y Elvira Tagle, del Centro de Pol\u00edticas P\u00fablicas e Innovaci\u00f3n en Salud (CIPS), participaron en el Programa Executive \u201cLa evaluaci\u00f3n como pilar de los acuerdos de riesgo compartido en [&hellip;]","og_url":"https:\/\/gobierno.udd.cl\/cips\/2025\/07\/15\/cips-udd-participa-en-programa-internacional-sobre-evaluacion-y-acuerdos-de-riesgo-compartido-en-salud\/","og_site_name":"Centro de Pol\u00edticas P\u00fablicas e Innovaci\u00f3n en Salud","article_publisher":"https:\/\/www.facebook.com\/CIPS.UDD","article_published_time":"2025-07-15T14:43:59+00:00","article_modified_time":"2025-07-25T14:45:45+00:00","og_image":[{"width":1280,"height":853,"url":"https:\/\/gobierno.udd.cl\/cips\/files\/2025\/07\/whatsapp-image-2025-07-23-at-15-53-32-2.jpeg","type":"image\/jpeg"}],"author":"claudiagodia","twitter_card":"summary_large_image","twitter_creator":"@CIPS_UDD","twitter_site":"@CIPS_UDD","twitter_misc":{"Escrito por":"claudiagodia","Tiempo de lectura":"3 minutos"},"schema":{"@context":"https:\/\/schema.org","@graph":[{"@type":"Article","@id":"https:\/\/gobierno.udd.cl\/cips\/2025\/07\/15\/cips-udd-participa-en-programa-internacional-sobre-evaluacion-y-acuerdos-de-riesgo-compartido-en-salud\/#article","isPartOf":{"@id":"https:\/\/gobierno.udd.cl\/cips\/2025\/07\/15\/cips-udd-participa-en-programa-internacional-sobre-evaluacion-y-acuerdos-de-riesgo-compartido-en-salud\/"},"author":{"name":"claudiagodia","@id":"https:\/\/gobierno.udd.cl\/cips\/#\/schema\/person\/a34b5db7e59307019967393aeeca7130"},"headline":"CIPS UDD participa en programa internacional sobre evaluaci\u00f3n y acuerdos de riesgo compartido en salud","datePublished":"2025-07-15T14:43:59+00:00","dateModified":"2025-07-25T14:45:45+00:00","mainEntityOfPage":{"@id":"https:\/\/gobierno.udd.cl\/cips\/2025\/07\/15\/cips-udd-participa-en-programa-internacional-sobre-evaluacion-y-acuerdos-de-riesgo-compartido-en-salud\/"},"wordCount":396,"image":{"@id":"https:\/\/gobierno.udd.cl\/cips\/2025\/07\/15\/cips-udd-participa-en-programa-internacional-sobre-evaluacion-y-acuerdos-de-riesgo-compartido-en-salud\/#primaryimage"},"thumbnailUrl":"https:\/\/gobierno.udd.cl\/cips\/files\/2025\/07\/whatsapp-image-2025-07-23-at-15-53-32-2.jpeg","articleSection":["Noticias"],"inLanguage":"es"},{"@type":"WebPage","@id":"https:\/\/gobierno.udd.cl\/cips\/2025\/07\/15\/cips-udd-participa-en-programa-internacional-sobre-evaluacion-y-acuerdos-de-riesgo-compartido-en-salud\/","url":"https:\/\/gobierno.udd.cl\/cips\/2025\/07\/15\/cips-udd-participa-en-programa-internacional-sobre-evaluacion-y-acuerdos-de-riesgo-compartido-en-salud\/","name":"CIPS UDD participa en programa internacional sobre evaluaci\u00f3n y acuerdos de riesgo compartido en salud - Centro de Pol\u00edticas P\u00fablicas e Innovaci\u00f3n en Salud","isPartOf":{"@id":"https:\/\/gobierno.udd.cl\/cips\/#website"},"primaryImageOfPage":{"@id":"https:\/\/gobierno.udd.cl\/cips\/2025\/07\/15\/cips-udd-participa-en-programa-internacional-sobre-evaluacion-y-acuerdos-de-riesgo-compartido-en-salud\/#primaryimage"},"image":{"@id":"https:\/\/gobierno.udd.cl\/cips\/2025\/07\/15\/cips-udd-participa-en-programa-internacional-sobre-evaluacion-y-acuerdos-de-riesgo-compartido-en-salud\/#primaryimage"},"thumbnailUrl":"https:\/\/gobierno.udd.cl\/cips\/files\/2025\/07\/whatsapp-image-2025-07-23-at-15-53-32-2.jpeg","datePublished":"2025-07-15T14:43:59+00:00","dateModified":"2025-07-25T14:45:45+00:00","author":{"@id":"https:\/\/gobierno.udd.cl\/cips\/#\/schema\/person\/a34b5db7e59307019967393aeeca7130"},"breadcrumb":{"@id":"https:\/\/gobierno.udd.cl\/cips\/2025\/07\/15\/cips-udd-participa-en-programa-internacional-sobre-evaluacion-y-acuerdos-de-riesgo-compartido-en-salud\/#breadcrumb"},"inLanguage":"es","potentialAction":[{"@type":"ReadAction","target":["https:\/\/gobierno.udd.cl\/cips\/2025\/07\/15\/cips-udd-participa-en-programa-internacional-sobre-evaluacion-y-acuerdos-de-riesgo-compartido-en-salud\/"]}]},{"@type":"ImageObject","inLanguage":"es","@id":"https:\/\/gobierno.udd.cl\/cips\/2025\/07\/15\/cips-udd-participa-en-programa-internacional-sobre-evaluacion-y-acuerdos-de-riesgo-compartido-en-salud\/#primaryimage","url":"https:\/\/gobierno.udd.cl\/cips\/files\/2025\/07\/whatsapp-image-2025-07-23-at-15-53-32-2.jpeg","contentUrl":"https:\/\/gobierno.udd.cl\/cips\/files\/2025\/07\/whatsapp-image-2025-07-23-at-15-53-32-2.jpeg","width":1280,"height":853},{"@type":"BreadcrumbList","@id":"https:\/\/gobierno.udd.cl\/cips\/2025\/07\/15\/cips-udd-participa-en-programa-internacional-sobre-evaluacion-y-acuerdos-de-riesgo-compartido-en-salud\/#breadcrumb","itemListElement":[{"@type":"ListItem","position":1,"name":"Portada","item":"https:\/\/gobierno.udd.cl\/cips\/"},{"@type":"ListItem","position":2,"name":"CIPS UDD participa en programa internacional sobre evaluaci\u00f3n y acuerdos de riesgo compartido en salud"}]},{"@type":"WebSite","@id":"https:\/\/gobierno.udd.cl\/cips\/#website","url":"https:\/\/gobierno.udd.cl\/cips\/","name":"Centro de Pol\u00edticas P\u00fablicas e Innovaci\u00f3n en Salud","description":"CIPS-UDD","inLanguage":"es"},{"@type":"Person","@id":"https:\/\/gobierno.udd.cl\/cips\/#\/schema\/person\/a34b5db7e59307019967393aeeca7130","name":"claudiagodia","image":{"@type":"ImageObject","inLanguage":"es","@id":"https:\/\/gobierno.udd.cl\/cips\/#\/schema\/person\/image\/","url":"https:\/\/secure.gravatar.com\/avatar\/c7c585f20c9cd5b1fc8956abfd060f1af449288eb4e630466a5a53a84641a9ca?s=96&d=mm&r=g","contentUrl":"https:\/\/secure.gravatar.com\/avatar\/c7c585f20c9cd5b1fc8956abfd060f1af449288eb4e630466a5a53a84641a9ca?s=96&d=mm&r=g","caption":"claudiagodia"},"url":"https:\/\/gobierno.udd.cl\/cips\/author\/claudiagodia\/"}]}},"featured_image_url":"https:\/\/gobierno.udd.cl\/cips\/files\/2025\/07\/whatsapp-image-2025-07-23-at-15-53-32-2.jpeg","_links":{"self":[{"href":"https:\/\/gobierno.udd.cl\/cips\/wp-json\/wp\/v2\/posts\/4023","targetHints":{"allow":["GET"]}}],"collection":[{"href":"https:\/\/gobierno.udd.cl\/cips\/wp-json\/wp\/v2\/posts"}],"about":[{"href":"https:\/\/gobierno.udd.cl\/cips\/wp-json\/wp\/v2\/types\/post"}],"author":[{"embeddable":true,"href":"https:\/\/gobierno.udd.cl\/cips\/wp-json\/wp\/v2\/users\/9192240"}],"replies":[{"embeddable":true,"href":"https:\/\/gobierno.udd.cl\/cips\/wp-json\/wp\/v2\/comments?post=4023"}],"version-history":[{"count":2,"href":"https:\/\/gobierno.udd.cl\/cips\/wp-json\/wp\/v2\/posts\/4023\/revisions"}],"predecessor-version":[{"id":4030,"href":"https:\/\/gobierno.udd.cl\/cips\/wp-json\/wp\/v2\/posts\/4023\/revisions\/4030"}],"wp:featuredmedia":[{"embeddable":true,"href":"https:\/\/gobierno.udd.cl\/cips\/wp-json\/wp\/v2\/media\/4026"}],"wp:attachment":[{"href":"https:\/\/gobierno.udd.cl\/cips\/wp-json\/wp\/v2\/media?parent=4023"}],"wp:term":[{"taxonomy":"category","embeddable":true,"href":"https:\/\/gobierno.udd.cl\/cips\/wp-json\/wp\/v2\/categories?post=4023"},{"taxonomy":"post_tag","embeddable":true,"href":"https:\/\/gobierno.udd.cl\/cips\/wp-json\/wp\/v2\/tags?post=4023"}],"curies":[{"name":"wp","href":"https:\/\/api.w.org\/{rel}","templated":true}]}}